{"id":25492,"date":"2021-03-22T19:04:32","date_gmt":"2021-03-22T19:04:32","guid":{"rendered":"http:\/\/historiografija.hr\/?p=25492"},"modified":"2021-03-22T19:04:32","modified_gmt":"2021-03-22T19:04:32","slug":"cfp-gender-in-transformation-processes-central-and-southeast-european-perspectives","status":"publish","type":"post","link":"https:\/\/historiografija.hr\/?p=25492","title":{"rendered":"CfP: \u201cGender in Transformation Processes: Central and Southeast European Perspectives\u201d"},"content":{"rendered":"\n<p>Me\u0111unarodna interdisciplinarna konferencija &#8220;Gender in Transformation Processes: Central and Southeast European Perspectives&#8221; koju organiziraju Odjel za sociologiju i Centar za interameri\u010dke studije sa Sveu\u010dili\u0161ta u Grazu, te Odjel za sociologiju Sveu\u010dili\u0161ta u Zadru i Institut dru\u0161tvenih znanosti Ivo Pilar &#8211; Podru\u010dni centar Split, odr\u017eat \u0107e se od 30. rujna do 2. listopada 2021. godine. Namjera konferencije je kroz komparativni pristup propitati odnos roda i modernizacije u Jugoisto\u010dnoj i Srednjoj Europi, pa se o\u010dekuju prilozi iz razli\u010ditih disciplina, metodologija i intelektualnih praksi.<br>Sljede\u0107e teme \u0107e se razmatrati na konferenciji, iako su dobrodo\u0161li i drugi prilozi za raspravu o temi roda i modernizacije: kulturne re\/prezentacije roda i starenja u knji\u017eevnosti, filmu, popularnoj kulturi te medijima; dru\u0161tvena i kulturna iskustva digitalne transformacije; transformacija i kulturna reprezentacija rodnih i LGBTIQ+ identiteta; socijalne prakse povezane s rodom, dobi, generacijama, nejednakostima, migracijama te europskim integracijama.<br>Vi\u0161e o pozivu za prijavu na konferenciju pro\u010ditajte <a href=\"https:\/\/www.unizd.hr\/Portals\/0\/Gender%20in%20Transformation%20CfP.pdf\" target=\"_blank\" rel=\"noreferrer noopener\"><strong>ovdje<\/strong><\/a>.<\/p>\n\n\n\n<p>Izvor: <a href=\"https:\/\/www.unizd.hr\/obavijesti\/view\/artmid\/18146\/articleid\/43286\/odjel-za-sociologiju-suorganizira-konferenciju-gender-in-transformation\">https:\/\/www.unizd.hr\/obavijesti\/view\/artmid\/18146\/articleid\/43286\/odjel-za-sociologiju-suorganizira-konferenciju-gender-in-transformation<\/a><\/p>\n\n\n\n<p>&#8212;<\/p>\n\n\n\n<p><strong>Gender in Transformation Processes: Central and Southeast European Perspectives<\/strong><\/p>\n\n\n\n<p><strong>September 30 \u2013 October 2, 2021<\/strong><\/p>\n\n\n\n<p><strong>University of Graz, Austria<\/strong><\/p>\n\n\n\n<p>Interdisciplinary Symposium organized by the Department of Sociology and the Center for Inter-American Studies, both University of Graz, Austria&nbsp;and<br>the Department of Sociology, University of Zadar and the Institute of Social Sciences Ivo Pilar, Split, Croatia<\/p>\n\n\n\n<p>This interdisciplinary symposium focuses on gender in transformation processes from a Central and Southeast European perspective.<\/p>\n\n\n\n<p>More on the planned programme can be found in the <a rel=\"noreferrer noopener\" href=\"https:\/\/static.uni-graz.at\/fileadmin\/projekte\/fellowship-geschlechterforschung\/Dateien\/Gender_in_Transformation_CfP.pdf\" target=\"_blank\">Call for Papers (PDF, English)<\/a>.\u00a0<br>Abstracts of 250 words for 20-minute presentations should be submitted to sarah.nabjinsky@uni-graz.at by May 10th 2021. Please, include a short biography of 100 words or less.<\/p>\n\n\n\n<hr class=\"wp-block-separator\"\/>\n\n\n\n<p><a href=\"https:\/\/fellowship-geschlechterforschung.uni-graz.at\/en\/symposia\/gender-in-transformation-processes-central-and-southeast-european-perspectives\/\">https:\/\/fellowship-geschlechterforschung.uni-graz.at\/en\/symposia\/gender-in-transformation-processes-central-and-southeast-european-perspectives\/<\/a><\/p>\n\n\n\n<hr class=\"wp-block-separator\"\/>\n","protected":false},"excerpt":{"rendered":"","protected":false},"author":2,"featured_media":25493,"comment_status":"open","ping_status":"open","sticky":false,"template":"","format":"standard","meta":{"_acf_changed":false,"jetpack_post_was_ever_published":false,"_jetpack_newsletter_access":"","_jetpack_dont_email_post_to_subs":false,"_jetpack_newsletter_tier_id":0,"_jetpack_memberships_contains_paywalled_content":false,"_jetpack_memberships_contains_paid_content":false,"footnotes":"","jetpack_publicize_message":"","jetpack_publicize_feature_enabled":true,"jetpack_social_post_already_shared":true,"jetpack_social_options":{"image_generator_settings":{"template":"highway","default_image_id":0,"font":"","enabled":false},"version":2}},"categories":[3,9],"tags":[],"class_list":["post-25492","post","type-post","status-publish","format-standard","has-post-thumbnail","hentry","category-novosti","category-skupovi"],"acf":{"facebook_opis":""},"jetpack_publicize_connections":[],"jetpack_featured_media_url":"https:\/\/i0.wp.com\/historiografija.hr\/wp-content\/uploads\/2021\/03\/csm_Call_for_Papers.jpg?fit=300%2C200&ssl=1","jetpack_sharing_enabled":true,"jetpack-related-posts":[],"_links":{"self":[{"href":"https:\/\/historiografija.hr\/index.php?rest_route=\/wp\/v2\/posts\/25492","targetHints":{"allow":["GET"]}}],"collection":[{"href":"https:\/\/historiografija.hr\/index.php?rest_route=\/wp\/v2\/posts"}],"about":[{"href":"https:\/\/historiografija.hr\/index.php?rest_route=\/wp\/v2\/types\/post"}],"author":[{"embeddable":true,"href":"https:\/\/historiografija.hr\/index.php?rest_route=\/wp\/v2\/users\/2"}],"replies":[{"embeddable":true,"href":"https:\/\/historiografija.hr\/index.php?rest_route=%2Fwp%2Fv2%2Fcomments&post=25492"}],"version-history":[{"count":1,"href":"https:\/\/historiografija.hr\/index.php?rest_route=\/wp\/v2\/posts\/25492\/revisions"}],"predecessor-version":[{"id":25494,"href":"https:\/\/historiografija.hr\/index.php?rest_route=\/wp\/v2\/posts\/25492\/revisions\/25494"}],"wp:featuredmedia":[{"embeddable":true,"href":"https:\/\/historiografija.hr\/index.php?rest_route=\/wp\/v2\/media\/25493"}],"wp:attachment":[{"href":"https:\/\/historiografija.hr\/index.php?rest_route=%2Fwp%2Fv2%2Fmedia&parent=25492"}],"wp:term":[{"taxonomy":"category","embeddable":true,"href":"https:\/\/historiografija.hr\/index.php?rest_route=%2Fwp%2Fv2%2Fcategories&post=25492"},{"taxonomy":"post_tag","embeddable":true,"href":"https:\/\/historiografija.hr\/index.php?rest_route=%2Fwp%2Fv2%2Ftags&post=25492"}],"curies":[{"name":"wp","href":"https:\/\/api.w.org\/{rel}","templated":true}]}}