{"id":25478,"date":"2021-03-19T19:22:16","date_gmt":"2021-03-19T19:22:16","guid":{"rendered":"http:\/\/historiografija.hr\/?p=25478"},"modified":"2021-03-19T19:22:16","modified_gmt":"2021-03-19T19:22:16","slug":"lisa-fittko-moj-put-preko-pireneja-uspomene-1940-1941","status":"publish","type":"post","link":"https:\/\/historiografija.hr\/?p=25478","title":{"rendered":"Lisa Fittko, \u201cMoj put preko Pireneja. Uspomene 1940\u20131941.\u201d"},"content":{"rendered":"\n<p>Bje\u017ee\u0107i od nacista, antifa\u0161isti\u010dki aktivisti Lisa Fittko i njezin suprug Hans pobjegli su iz Njema\u010dke u prividnu sigurnost Francuske malo prije izbijanja Drugoga svjetskog rata. Francuzi su ih, unato\u010d \u010dinjenici da im je Njema\u010dka oduzela dr\u017eavljanstvo, tretirali kao neprijateljske strance te su ih 1940. godine na nekoliko mjeseci zato\u010dili i izolirali u odvojene koncentracijske logore. Fittko je iskusila glad, bolest i kaos logora Gurs, no ni u jednom trenutku nije gubila nadu. Kako su Nijemci napredovali, uspjela je pobje\u0107i iz logora i prona\u0107i supruga na neokupiranom jugu Francuske. Ondje je par Fittko, \u010dekaju\u0107i putovnice i tranzitne vize, pomogao prevesti druge emigrante preko Pireneja u \u0160panjolsku, me\u0111u ostalima i velikog filozofa Waltera Benjamina.<\/p>\n\n\n\n<p><em>Moj put preko Pireneja<\/em> potresni su memoari iz doba sumraka \u010dovje\u010danstva koji svjedo\u010de ratnom kukavi\u0161tvu i ksenofobiji, ali i hrabrosti ljudi koji su im prkosili.<\/p>\n\n\n\n<p>* * *<\/p>\n\n\n\n<p><em>U tom je vinogradu Walter Benjamin posustao prvi i jedini put. To\u010dnije, poku\u0161ao je svladati strminu, u \u010demu nije uspio te je zatim mirno izjavio da to nadilazi njegove snage. Jos\u00e9 i ja uhvatili smo ga svatko sa svoje strane, stavio nam je ruke preko ramena i vukli smo ga zajedno s torbom uz vinograd. Te\u0161ko je disao, no nije se tu\u017eio \u2013 nije \u010dak ni uzdahnuo \u2013 ali neprestano je pogledavao torbu.<\/em><\/p>\n\n\n\n<p><em>Na na\u0161em posljednjem \u2018izletu\u2019 krenule smo u sela u kojima su se smjestile druge \u017eene iz skupine i obavijestile ih o na\u0161im planovima. Putem smo vidjele Hannu Arendt kako \u0161e\u0107e livadom blizu sela u kojem se sakrila. Ona je tako\u0111er namjeravala uskoro krenuti dalje. \u2018Ho\u0107ete li s nama u Lourdes?\u2019 pitale smo.<br>\u2018Sama se osje\u0107am sigurnije\u2019, odgovorila je. \u2018U krdu je manja mogu\u0107nost pre\u017eivljavanja.\u2019<\/em><\/p>\n\n\n\n<p>* * *<\/p>\n\n\n\n<p>Lisa Fittko (1909\u20132005) ro\u0111ena je u \u017eidovskoj obitelji u U\u017egorodu u dana\u0161njoj Ukrajini, tada\u0161njoj Austro-Ugarskoj Monarhiji. Nakon dolaska nacista na vlast postala je aktivni prista\u0161a antifa\u0161isti\u010dke politike. Sudjelovala je u pokretu otpora u Berlinu, Pragu (gdje je upoznala svog supruga i suborca, Hansa Fittka), Amsterdamu, Parizu, Marseilleu i napokon, na Pirenejima. Od mnogih kojima je pomogla u bijegu od nacista isti\u010de se ime Waltera Benjamina, njema\u010dkog filozofa i knji\u017eevnika.<br>Sa suprugom je 1941. pobjegla na Kubu, u Havanu, gdje je radila u Centru za podu\u010davanje \u017eidovskih izbjeglica, a nakon toga u Sjedinjene Ameri\u010dke Dr\u017eave. \u010cetrdeset godina poslije postala je me\u0111unarodno poznata zbog memoara <em>Solidarity and Treason: Resistance and Exile, 1933-1940<\/em> i <em>Moj put preko Pireneja<\/em> prevedenih na veliki broj jezika, u kojima opisuje svoje pothvate.<\/p>\n\n\n\n<ul class=\"wp-block-list\"><li><strong>ISBN:<\/strong> 978-953-8075-88-9<\/li><li><strong>Dimenzije:<\/strong> 128&#215;200 mm<\/li><li><strong>Broj stranica:<\/strong> 336<\/li><li><strong>Uvez:<\/strong> meki<\/li><li><strong>Godina izdanja:<\/strong> 2021.<\/li><li><strong>Naslov izvornika:<\/strong> Mein Weg \u00fcber die Pyren\u00e4en. Erinnerungen 1940\/41<\/li><li><strong>Jezik izvornika:<\/strong> njema\u010dki<\/li><li><strong>Prijevod:<\/strong> Nade\u017eda \u010ca\u010dinovi\u010d<\/li><\/ul>\n\n\n\n<hr class=\"wp-block-separator\"\/>\n\n\n\n<p><strong>Prelistaj uzorak:<\/strong><\/p>\n\n\n\n<p><a href=\"https:\/\/tim-press.hr\/hr\/knjige\/moj-put-preko-pireneja\/\">https:\/\/tim-press.hr\/hr\/knjige\/moj-put-preko-pireneja\/<\/a><\/p>\n\n\n\n<hr class=\"wp-block-separator\"\/>\n\n\n\n<p><\/p>\n","protected":false},"excerpt":{"rendered":"","protected":false},"author":2,"featured_media":25479,"comment_status":"open","ping_status":"open","sticky":false,"template":"","format":"standard","meta":{"_acf_changed":false,"jetpack_post_was_ever_published":false,"_jetpack_newsletter_access":"","_jetpack_dont_email_post_to_subs":false,"_jetpack_newsletter_tier_id":0,"_jetpack_memberships_contains_paywalled_content":false,"_jetpack_memberships_contains_paid_content":false,"footnotes":"","jetpack_publicize_message":"","jetpack_publicize_feature_enabled":true,"jetpack_social_post_already_shared":true,"jetpack_social_options":{"image_generator_settings":{"template":"highway","default_image_id":0,"font":"","enabled":false},"version":2}},"categories":[8,3],"tags":[],"class_list":["post-25478","post","type-post","status-publish","format-standard","has-post-thumbnail","hentry","category-knjige","category-novosti"],"acf":{"facebook_opis":""},"jetpack_publicize_connections":[],"jetpack_featured_media_url":"https:\/\/i0.wp.com\/historiografija.hr\/wp-content\/uploads\/2021\/03\/moj_put_preko_pireneja_korice.jpg?fit=300%2C465&ssl=1","jetpack_sharing_enabled":true,"jetpack-related-posts":[],"_links":{"self":[{"href":"https:\/\/historiografija.hr\/index.php?rest_route=\/wp\/v2\/posts\/25478","targetHints":{"allow":["GET"]}}],"collection":[{"href":"https:\/\/historiografija.hr\/index.php?rest_route=\/wp\/v2\/posts"}],"about":[{"href":"https:\/\/historiografija.hr\/index.php?rest_route=\/wp\/v2\/types\/post"}],"author":[{"embeddable":true,"href":"https:\/\/historiografija.hr\/index.php?rest_route=\/wp\/v2\/users\/2"}],"replies":[{"embeddable":true,"href":"https:\/\/historiografija.hr\/index.php?rest_route=%2Fwp%2Fv2%2Fcomments&post=25478"}],"version-history":[{"count":1,"href":"https:\/\/historiografija.hr\/index.php?rest_route=\/wp\/v2\/posts\/25478\/revisions"}],"predecessor-version":[{"id":25480,"href":"https:\/\/historiografija.hr\/index.php?rest_route=\/wp\/v2\/posts\/25478\/revisions\/25480"}],"wp:featuredmedia":[{"embeddable":true,"href":"https:\/\/historiografija.hr\/index.php?rest_route=\/wp\/v2\/media\/25479"}],"wp:attachment":[{"href":"https:\/\/historiografija.hr\/index.php?rest_route=%2Fwp%2Fv2%2Fmedia&parent=25478"}],"wp:term":[{"taxonomy":"category","embeddable":true,"href":"https:\/\/historiografija.hr\/index.php?rest_route=%2Fwp%2Fv2%2Fcategories&post=25478"},{"taxonomy":"post_tag","embeddable":true,"href":"https:\/\/historiografija.hr\/index.php?rest_route=%2Fwp%2Fv2%2Ftags&post=25478"}],"curies":[{"name":"wp","href":"https:\/\/api.w.org\/{rel}","templated":true}]}}