{"id":25474,"date":"2021-03-19T19:13:40","date_gmt":"2021-03-19T19:13:40","guid":{"rendered":"http:\/\/historiografija.hr\/?p=25474"},"modified":"2021-03-19T19:16:17","modified_gmt":"2021-03-19T19:16:17","slug":"potez-za-povijesni-notes-zajednicko-televizijsko-gostovanje-igora-vukica-i-vojislava-seselja","status":"publish","type":"post","link":"https:\/\/historiografija.hr\/?p=25474","title":{"rendered":"Potez za povijesni notes: zajedni\u010dko televizijsko gostovanje Igora Vuki\u0107a i Vojislava \u0160e\u0161elja"},"content":{"rendered":"\n<p>Za na\u0161u rubriku \u201cPotez za povijesni notes\u201d nemogu\u0107e je zanemariti zajedni\u010dko gostovanje Igora Vuki\u0107a i Vojislava \u0160e\u0161elja u emisiji \u201cDobro jutro, Srbijo\u201d TV Happy (15.03.2021.), koju mo\u017eete pogledati na internetu:<\/p>\n\n\n\n<hr class=\"wp-block-separator\"\/>\n\n\n\n<figure class=\"wp-block-embed-youtube wp-block-embed is-type-video is-provider-youtube wp-embed-aspect-16-9 wp-has-aspect-ratio\"><div class=\"wp-block-embed__wrapper\">\n<span class=\"embed-youtube\" style=\"text-align:center; display: block;\"><iframe loading=\"lazy\" class=\"youtube-player\" width=\"860\" height=\"484\" src=\"https:\/\/www.youtube.com\/embed\/bsbeAjlKDbQ?version=3&#038;rel=1&#038;showsearch=0&#038;showinfo=1&#038;iv_load_policy=1&#038;fs=1&#038;hl=hr&#038;autohide=2&#038;wmode=transparent\" allowfullscreen=\"true\" style=\"border:0;\" sandbox=\"allow-scripts allow-same-origin allow-popups allow-presentation allow-popups-to-escape-sandbox\"><\/iframe><\/span>\n<\/div><\/figure>\n\n\n\n<hr class=\"wp-block-separator\"\/>\n\n\n\n<p><strong>Iz medija:<\/strong><\/p>\n\n\n\n<p><a href=\"https:\/\/narod.hr\/hrvatska\/igor-vukic-gostovao-na-srpskoj-televiziji-sa-seseljem-raspravljao-o-jasenovcu\">https:\/\/narod.hr\/hrvatska\/igor-vukic-gostovao-na-srpskoj-televiziji-sa-seseljem-raspravljao-o-jasenovcu<\/a><\/p>\n\n\n\n<p><a href=\"https:\/\/www.maxportal.hr\/premium-sadrzaj\/igor-vukic-u-beogradu-protiv-seselja-o-jasenovcu-ste-lagali-lagali-i-lagali-video\/\">https:\/\/www.maxportal.hr\/premium-sadrzaj\/igor-vukic-u-beogradu-protiv-seselja-o-jasenovcu-ste-lagali-lagali-i-lagali-video\/<\/a><\/p>\n\n\n\n<figure class=\"wp-block-embed is-type-link is-provider-drustvo-za-istrazivanje-trostrukog-logora-jasenovac\"><div class=\"wp-block-embed__wrapper\">\n<a href=\"https:\/\/drustvojasenovac.wordpress.com\/2021\/03\/18\/tv-dvoboj-o-jasenovcu-u-emisiji-dobro-jutro-srbijo\/\">TV dvoboj o Jasenovcu u emisiji Dobro jutro,&nbsp;Srbijo<\/a>\n<\/div><\/figure>\n\n\n\n<p><a href=\"https:\/\/www.novosti.rs\/vesti\/politika\/975314\/duel-seselj-protiv-vukica-novinar-pokusao-brani-ustase-lider-radikala-maric-suocili-mracnom-istinom-ndh-video\">https:\/\/www.novosti.rs\/vesti\/politika\/975314\/duel-seselj-protiv-vukica-novinar-pokusao-brani-ustase-lider-radikala-maric-suocili-mracnom-istinom-ndh-video<\/a><\/p>\n\n\n\n<p><a href=\"https:\/\/www.slobodna-bosna.ba\/vijest\/192249\/ustasko_chetnichki_tv_okrsaj_hrvatski_publicista_vukic_ratnom_zlochincu_seselju_luburicev_ustaski_sud_u_sarajevu_je_primjer_profesionalizma_u_odnosu_na_onaj_koji_je_osudio_vas.html\">https:\/\/www.slobodna-bosna.ba\/vijest\/192249\/ustasko_chetnichki_tv_okrsaj_hrvatski_publicista_vukic_ratnom_zlochincu_seselju_luburicev_ustaski_sud_u_sarajevu_je_primjer_profesionalizma_u_odnosu_na_onaj_koji_je_osudio_vas.html<\/a><\/p>\n\n\n\n<hr class=\"wp-block-separator\"\/>\n","protected":false},"excerpt":{"rendered":"","protected":false},"author":2,"featured_media":25475,"comment_status":"open","ping_status":"open","sticky":false,"template":"","format":"standard","meta":{"_acf_changed":false,"jetpack_post_was_ever_published":false,"_jetpack_newsletter_access":"","_jetpack_dont_email_post_to_subs":false,"_jetpack_newsletter_tier_id":0,"_jetpack_memberships_contains_paywalled_content":false,"_jetpack_memberships_contains_paid_content":false,"footnotes":"","jetpack_publicize_message":"","jetpack_publicize_feature_enabled":true,"jetpack_social_post_already_shared":true,"jetpack_social_options":{"image_generator_settings":{"template":"highway","default_image_id":0,"font":"","enabled":false},"version":2}},"categories":[3,11],"tags":[],"class_list":["post-25474","post","type-post","status-publish","format-standard","has-post-thumbnail","hentry","category-novosti","category-rubrike"],"acf":{"facebook_opis":""},"jetpack_publicize_connections":[],"jetpack_featured_media_url":"https:\/\/i0.wp.com\/historiografija.hr\/wp-content\/uploads\/2021\/03\/vukic-seselj.jpg?fit=1200%2C720&ssl=1","jetpack_sharing_enabled":true,"jetpack-related-posts":[],"_links":{"self":[{"href":"https:\/\/historiografija.hr\/index.php?rest_route=\/wp\/v2\/posts\/25474","targetHints":{"allow":["GET"]}}],"collection":[{"href":"https:\/\/historiografija.hr\/index.php?rest_route=\/wp\/v2\/posts"}],"about":[{"href":"https:\/\/historiografija.hr\/index.php?rest_route=\/wp\/v2\/types\/post"}],"author":[{"embeddable":true,"href":"https:\/\/historiografija.hr\/index.php?rest_route=\/wp\/v2\/users\/2"}],"replies":[{"embeddable":true,"href":"https:\/\/historiografija.hr\/index.php?rest_route=%2Fwp%2Fv2%2Fcomments&post=25474"}],"version-history":[{"count":2,"href":"https:\/\/historiografija.hr\/index.php?rest_route=\/wp\/v2\/posts\/25474\/revisions"}],"predecessor-version":[{"id":25477,"href":"https:\/\/historiografija.hr\/index.php?rest_route=\/wp\/v2\/posts\/25474\/revisions\/25477"}],"wp:featuredmedia":[{"embeddable":true,"href":"https:\/\/historiografija.hr\/index.php?rest_route=\/wp\/v2\/media\/25475"}],"wp:attachment":[{"href":"https:\/\/historiografija.hr\/index.php?rest_route=%2Fwp%2Fv2%2Fmedia&parent=25474"}],"wp:term":[{"taxonomy":"category","embeddable":true,"href":"https:\/\/historiografija.hr\/index.php?rest_route=%2Fwp%2Fv2%2Fcategories&post=25474"},{"taxonomy":"post_tag","embeddable":true,"href":"https:\/\/historiografija.hr\/index.php?rest_route=%2Fwp%2Fv2%2Ftags&post=25474"}],"curies":[{"name":"wp","href":"https:\/\/api.w.org\/{rel}","templated":true}]}}