{"id":25471,"date":"2021-03-19T18:54:04","date_gmt":"2021-03-19T18:54:04","guid":{"rendered":"http:\/\/historiografija.hr\/?p=25471"},"modified":"2021-03-19T18:54:04","modified_gmt":"2021-03-19T18:54:04","slug":"jusp-jasenovac-in-memoriam-brigita-knezevic-1940-2021","status":"publish","type":"post","link":"https:\/\/historiografija.hr\/?p=25471","title":{"rendered":"JUSP Jasenovac: In memoriam Brigita Kne\u017eevi\u0107 (1940. &#8211; 2021.)"},"content":{"rendered":"\n<p>S dubokom tugom primili smo vijest da nas je u 81. godini \u017eivota napustila Brigita Kne\u017eevi\u0107, jedna od istaknutih \u010dlanica Udru\u017eenja biv\u0161ih logora\u0161a iz Beograda.<\/p>\n\n\n\n<p>Brigita je ro\u0111ena 25. travnja 1940. godine u selu Mirkovci kod Kozarske (Bosanske) Dubice u obitelji Bundalo. Za vrijeme neprijateljske ofenzive na Kozaru u ljeto 1942. godine s obitelji je dospjela u logor Staru Gradi\u0161ku gdje je zajedno s brojnom djecom nasilno odvojena od njihovih roditelja. Zahvaljuju\u0107i Diani Budisavljevi\u0107 i njezinim suradnicima spa\u0161ena je iz logora i odvedena u zagreba\u010dki Zavod za gluhonijeme. Ondje ju je posvojila obitelj Fistri\u0107 koja joj je dala ime Brigita.<\/p>\n\n\n\n<p>Istinu o svom pravom podrijetlu Brigita Fistri\u0107 je saznala puno godina nakon zavr\u0161etka rata. U to vrijeme \u017eivjela je u Beogradu gdje je aktivno sudjelovala u sekciji pre\u017eivjelih zato\u010denika. Ondje je uz pomo\u0107 ljudi okupljenih oko Dragoja Luki\u0107a, Marina Zurla i zagreba\u010dkog lista \u201eArena\u201c postupno saznala sudbinu \u010dlanova svoje obitelji i svoje pravo ime Mika Bundalo. Doznala je da su joj otac i tri strica ubijeni u logoru Sajmi\u0161te i da je majka Milica umrla 1964. godine, cijeli \u017eivot \u017eive\u0107i u uvjerenju da joj k\u0107i nije pre\u017eivjela.<\/p>\n\n\n\n<p>Nakon \u0161to je njena sudbina opisana u dokumentarnom filmu Marina Zurla i Dominika Zena &#8220;Stotinu pedeset i osma&#8221;, Brigita je postala jednim od simbola stradanja djece u usta\u0161kim logorima. Osim toga, njezin susret s obitelji zabilje\u017een je i u Zurlovom romanu &#8220;Iza zida&#8221;.<\/p>\n\n\n\n<p>Brigita je sve do nedavne pandemije virusa COVID-19 redovito posje\u0107ivala Spomen podru\u010dje Jasenovac s kojim je uspostavila izuzetne odnose. Kao rezultat te suradnje ostvareno je i snimanje Brigitinog iskaza, \u010diji su ulomci dio stalnog postava Memorijalnog muzeja u Jasenovcu.<\/p>\n\n\n\n<p>\u010clanovima njezine obitelji izra\u017eavamo najdublju su\u0107ut.<\/p>\n\n\n\n<hr class=\"wp-block-separator\"\/>\n\n\n\n<p><strong>Govor Brigite Kne\u017eevi\u0107, predstavnice pre\u017eivjelih zato\u010denika logora Jasenovac, prilikom komemoracije na Spomen podru\u010dju Jasenovac, 22. travnja 2012. godine<\/strong><\/p>\n\n\n\n<p>Pripala mi je velika \u010dast da se s nekoliko rije\u010di obratim ovom uva\u017eenom skupu, na ovom svetom mjestu u Jasenovcu.<\/p>\n\n\n\n<p>Pozdravljam Vas u ime logora\u0161a Jasenovca iz Srbije. Svake godine je sve manje pre\u017eivjelih logora\u0161a i \u017eivih svjedoka stradanja u Jasenovcu, ostali smo mi koji smo tada bili djeca.<\/p>\n\n\n\n<p>I ba\u0161 zato&nbsp;ovo mjesto nas treba uvijek podsje\u0107ati na \u017ertve koje su ovdje polo\u017eile svoje \u017eivote i da se zlo nikada ne ponovi, da gradimo \u017eivot i budu\u0107nost u ljubavi i toleranciji. Takav zavjet moramo ostaviti za na\u0161e nara\u0161taje.<\/p>\n\n\n\n<p>Diana Budisavljevi\u0107 je iz \u010deljusti smrti spasila preko 12.000 djece, a u svojoj drugoj godini \u017eivota jedno od te djece bila sam i ja. Mnoge obitelji u Hrvatskoj su spa\u0161avale tu djecu i zahvaljuju\u0107i ljudima dobre volje, ja danas imam obitelj, unuke i pristojnu starost.<\/p>\n\n\n\n<p>Ovo mjesto mora ostati kao opomena, kao sveti\u0161te za sve pale i nedu\u017ene \u017ertve.<\/p>\n\n\n\n<p>Neka im je vje\u010dna slava!<\/p>\n\n\n\n<hr class=\"wp-block-separator\"\/>\n\n\n\n<p>Izvor: <a href=\"http:\/\/www.jusp-jasenovac.hr\/Default.aspx?sid=9266\">http:\/\/www.jusp-jasenovac.hr\/Default.aspx?sid=9266<\/a><\/p>\n\n\n\n<hr class=\"wp-block-separator\"\/>\n","protected":false},"excerpt":{"rendered":"","protected":false},"author":2,"featured_media":25472,"comment_status":"open","ping_status":"open","sticky":false,"template":"","format":"standard","meta":{"_acf_changed":false,"jetpack_post_was_ever_published":false,"_jetpack_newsletter_access":"","_jetpack_dont_email_post_to_subs":false,"_jetpack_newsletter_tier_id":0,"_jetpack_memberships_contains_paywalled_content":false,"_jetpack_memberships_contains_paid_content":false,"footnotes":"","jetpack_publicize_message":"","jetpack_publicize_feature_enabled":true,"jetpack_social_post_already_shared":true,"jetpack_social_options":{"image_generator_settings":{"template":"highway","default_image_id":0,"font":"","enabled":false},"version":2}},"categories":[3,20],"tags":[],"class_list":["post-25471","post","type-post","status-publish","format-standard","has-post-thumbnail","hentry","category-novosti","category-obavijesti-o-smrti-i-nekrolozi"],"acf":{"facebook_opis":""},"jetpack_publicize_connections":[],"jetpack_featured_media_url":"https:\/\/i0.wp.com\/historiografija.hr\/wp-content\/uploads\/2021\/03\/brigita.jpg?fit=500%2C508&ssl=1","jetpack_sharing_enabled":true,"jetpack-related-posts":[],"_links":{"self":[{"href":"https:\/\/historiografija.hr\/index.php?rest_route=\/wp\/v2\/posts\/25471","targetHints":{"allow":["GET"]}}],"collection":[{"href":"https:\/\/historiografija.hr\/index.php?rest_route=\/wp\/v2\/posts"}],"about":[{"href":"https:\/\/historiografija.hr\/index.php?rest_route=\/wp\/v2\/types\/post"}],"author":[{"embeddable":true,"href":"https:\/\/historiografija.hr\/index.php?rest_route=\/wp\/v2\/users\/2"}],"replies":[{"embeddable":true,"href":"https:\/\/historiografija.hr\/index.php?rest_route=%2Fwp%2Fv2%2Fcomments&post=25471"}],"version-history":[{"count":1,"href":"https:\/\/historiografija.hr\/index.php?rest_route=\/wp\/v2\/posts\/25471\/revisions"}],"predecessor-version":[{"id":25473,"href":"https:\/\/historiografija.hr\/index.php?rest_route=\/wp\/v2\/posts\/25471\/revisions\/25473"}],"wp:featuredmedia":[{"embeddable":true,"href":"https:\/\/historiografija.hr\/index.php?rest_route=\/wp\/v2\/media\/25472"}],"wp:attachment":[{"href":"https:\/\/historiografija.hr\/index.php?rest_route=%2Fwp%2Fv2%2Fmedia&parent=25471"}],"wp:term":[{"taxonomy":"category","embeddable":true,"href":"https:\/\/historiografija.hr\/index.php?rest_route=%2Fwp%2Fv2%2Fcategories&post=25471"},{"taxonomy":"post_tag","embeddable":true,"href":"https:\/\/historiografija.hr\/index.php?rest_route=%2Fwp%2Fv2%2Ftags&post=25471"}],"curies":[{"name":"wp","href":"https:\/\/api.w.org\/{rel}","templated":true}]}}