{"id":25463,"date":"2021-03-19T18:34:56","date_gmt":"2021-03-19T18:34:56","guid":{"rendered":"http:\/\/historiografija.hr\/?p=25463"},"modified":"2021-04-28T21:43:00","modified_gmt":"2021-04-28T21:43:00","slug":"apel-pojedincima-i-institucijama-za-javno-priznanje-fasistickih-zlocina-u-bivsoj-jugoslaviji-uoci-osamdesete-godisnjice-invazije-i-okupacije-talijanske-vojske","status":"publish","type":"post","link":"https:\/\/historiografija.hr\/?p=25463","title":{"rendered":"APEL POJEDINCIMA I INSTITUCIJAMA ZA JAVNO PRIZNANJE FA\u0160ISTI\u010cKIH ZLO\u010cINA  U BIV\u0160OJ JUGOSLAVIJI \u2013 UO\u010cI OSAMDESETE GODI\u0160NJICE INVAZIJE I OKUPACIJE TALIJANSKE VOJSKE"},"content":{"rendered":"\n<p>Ove godine navr\u0161ava se osamdeseta godi\u0161njica invazije i okupacije Kraljevine Jugoslavije koju je zapo\u010dela vojska Kraljevine Italije 6. travnja 1941. godine, istovremeno s invazijom i okupacijom vojske Njema\u010dkog Rajha. Ljudska cijena rata na tlu Jugoslavije od 1941. do 1945. godine je oko milijun mrtvih. Fa\u0161isti\u010dka Italija je izravno odgovorna za smrt mnogih ljudi prouzro\u010denu strijeljanjima zatvorenika u talijanskim zatvorima i logorima te talaca, odmazdama u operacijama protiv protivnika talijanske okupacije, \u201c\u010di\u0161\u0107enjima terena\u201d itd., ali i neizravno podr\u0161kom i potporom kolaboracionisti\u010dkim ustanovama i oru\u017eanim snagama, koje su ratovale protiv okupacijsko-kolaboracionisti\u010dkih sila, ali i vr\u0161ili zlo\u010dine po etni\u010dkim, konfesionalnim, politi\u010dkim i drugim osnovama. Izravne su \u017ertve talijanske okupacije oko 100.000 ljudi razli\u010ditih pripadnosti.<\/p>\n\n\n\n<p>Kao istra\u017eiva\u010di suvremene povijesti i akteri kulture sje\u0107anja te javni djelatnici, uvjereni smo da se tijekom proteklih osamdeset godina nedovoljno razvila svijest o po\u010dinjenim zlo\u010dinima i odgovornostima za zlo\u010dine koji su po\u010dinjeni u ime Italije. Republika Italija, koja je toliko u\u010dinila da se distancira od ba\u0161tine fa\u0161isti\u010dkog razdoblja u svojoj povijesti, nikada se nije kao dr\u017eava radikalno ogradila od zlo\u010dina po\u010dinjenih na tlu dr\u017eava koje su nastale raspadom SFR Jugoslavije po\u010detkom 1990-ih godina. Ne postoje dani sje\u0107anja na najte\u017ee zlo\u010dine. Nikada nije bilo posjeta najodgovornijih talijanskih dr\u017eavnika mjestima zlo\u010dina.<\/p>\n\n\n\n<p>Tra\u017eimo od Predsjednika Republike Italije i drugih najvi\u0161ih dr\u017eavnih du\u017enosnika da se povodom ove osamdesete godi\u0161njice suo\u010de s tragedijama i dramama talijanske okupacije zemalja na isto\u010dnoj obali zajedni\u010dkoga Jadranskog mora i da se jasno odrede prema odgovornosti za zlo\u010dine koji su bili plod fa\u0161isti\u010dke zloupotrebe nacionalnih aspiracija talijanskog naroda za boljim i pravdenijim dru\u0161tvom nego \u0161to je bilo ono proisteklo iz Prvoga svjetskog rata. Republika Italija je nastala i postoji na odbacivanju takve fa\u0161isti\u010dke ba\u0161tine. Nezaobilazni dio takva odbacivanja je i priznanje odgovornosti za zlo\u010dine po\u010dinjene u ime Italije u zemljama nastalim raspadom jugoslavenske federacije. Jedan od najte\u017eih takvih zlo\u010dina bio je koncentracioni logor na otoku Rabu, u Hrvatskoj, u kojemu je nerijetko u te\u0161kim mukama, iznureno patnjama i gla\u0111u, izgubilo \u017eivot 1465 osoba, velikim dijelom \u017eena i djece. Odavanje po\u0161te \u017etvama posjetom Rabu na najvi\u0161oj talijanskoj dr\u017eavnoj razini 2021. godine, simbli\u010dki i prakti\u010dno bi se otvorili novi prostori za suradnju koja je ve\u0107 toliko unaprije\u0111ena poznatim \u201ckoncertom tri predsjednika\u201d 2010. godine, posjetom Bazovici 2020. godine itd. Susretom koji bio otvoren dr\u017eavnicima svih dr\u017eava na isto\u010dnoj obali Jadranskog mora \u010dije je teritorije bila okupirala fa\u0161isti\u010dka Italija u Drugom svjetskom ratu unaprijedili bi se odnosi koji su bitni za zajedni\u010dku europsku perspektivu svih dr\u017eava.<\/p>\n\n\n\n<p>Iako ova inicijativa potje\u010de od talijanskih povjesni\u010dara, ona je otvorena prema hrvatskim i svim drugim povjesni\u010darima koji potje\u010du iz dr\u017eava koje su bile pod talijanskom okupacijom 1941. \u2013 1943. godine jer je njihova aktivna suradnja u istra\u017eivanju ba\u0161tina okupacije i kolaboracije, ali i zajedni\u010dkog sudjelovanja u antifa\u0161isti\u010dkom otporu od krucijalne va\u017enosti za bolje me\u0111usobne odnose.<\/p>\n\n\n\n<p>Potpisuju:<\/p>\n\n\n\n<p>Eric Gobetti, storico freelance<\/p>\n\n\n\n<p>Filippo Focardi, Universit\u00e0 di Padova<\/p>\n\n\n\n<p>Jo\u017ee Pirjevec, Centro di ricerche scientifiche di Capodistria<\/p>\n\n\n\n<p>Nevenka Troha, In\u0161titut za novej\u0161o zgodovino, Ljubljana<\/p>\n\n\n\n<p>Paolo Fonzi, Universit\u00e0 del Piemonte Orientale<\/p>\n\n\n\n<p>Costantino Di Sante, Istituto Storico Provinciale del Movimento di Liberazione di Ascoli Piceno<\/p>\n\n\n\n<p>Carlo Spartaco Capogreco, Universit\u00e0 della Calabria<\/p>\n\n\n\n<p>Federico Goddi, Universit\u00e0 di Pisa<\/p>\n\n\n\n<p>Drago Roksandi\u0107, Sveu\u010dili\u0161te u Zagrebu<\/p>\n\n\n\n<p>&#8212;<\/p>\n\n\n\n<p>NB: Mole se kolegice i kolege zainteresirane za suradnju u ovome rapskom projektu obilje\u017eavanja 80. obljetnice talijanske invazije i okupacije dijelova Hrvatske i drugih zemalja nekada\u0161nje Kraljevine Jugoslavije da se izravno jave dr. sc. Ericu Gobettiju na e-mail adresu:<\/p>\n\n\n\n<p><a href=\"mailto:eric.gobetti@gmail.com\">eric.gobetti@gmail.com<\/a><\/p>\n\n\n\n<p>O Ericu Gobettiju, vidi: <a href=\"https:\/\/it.wikipedia.org\/wiki\/Eric_Gobetti\">https:\/\/it.wikipedia.org\/wiki\/Eric_Gobetti<\/a> \/15.3.2021.\/<\/p>\n\n\n\n<hr class=\"wp-block-separator\"\/>\n\n\n\n<p><strong>Appello per un riconoscimento ufficiale dei crimini fascisti durante l\u2019invasione della Jugoslavia da parte dell\u2019esercito italiano<\/strong><\/p>\n\n\n\n<figure class=\"wp-block-embed-wordpress wp-block-embed is-type-wp-embed is-provider-istituto-nazionale-ferruccio-parri\"><div class=\"wp-block-embed__wrapper\">\n<blockquote class=\"wp-embedded-content\" data-secret=\"NwWkR0IIuq\"><a href=\"http:\/\/www.reteparri.it\/comunicati\/6605-6605\/\">Appello per un riconoscimento ufficiale dei crimini fascisti durante l&#8217;invasione della Jugoslavia da parte dell&#8217;esercito italiano<\/a><\/blockquote><iframe loading=\"lazy\" class=\"wp-embedded-content\" sandbox=\"allow-scripts\" security=\"restricted\" style=\"position: absolute; clip: rect(1px, 1px, 1px, 1px);\" title=\"&#8220;Appello per un riconoscimento ufficiale dei crimini fascisti durante l&#8217;invasione della Jugoslavia da parte dell&#8217;esercito italiano&#8221; &#8212; Istituto Nazionale Ferruccio Parri\" src=\"http:\/\/www.reteparri.it\/comunicati\/6605-6605\/embed\/#?secret=NwWkR0IIuq\" data-secret=\"NwWkR0IIuq\" width=\"600\" height=\"338\" frameborder=\"0\" marginwidth=\"0\" marginheight=\"0\" scrolling=\"no\"><\/iframe>\n<\/div><\/figure>\n\n\n\n<hr class=\"wp-block-separator\"\/>\n\n\n\n<p><strong>Medijske reakcije (izbor):<\/strong><\/p>\n\n\n\n<p><a href=\"https:\/\/ilmanifesto.it\/italiani-brava-gente-criminali-impuniti\/\">https:\/\/ilmanifesto.it\/italiani-brava-gente-criminali-impuniti\/<\/a><\/p>\n\n\n\n<p><a href=\"http:\/\/www.nybramedia.it\">http:\/\/www.nybramedia.it<\/a><\/p>\n\n\n\n<p><a href=\"https:\/\/www.globalist.it\/news\/2021\/04\/06\/l-invasione-nazi-fascista-alla-yugoslavia-la-guerra-criminale-che-l-italia-nasconde-2077820.html\">https:\/\/www.globalist.it\/news\/2021\/04\/06\/l-invasione-nazi-fascista-alla-yugoslavia-la-guerra-criminale-che-l-italia-nasconde-2077820.html<\/a><\/p>\n\n\n\n<figure class=\"wp-block-embed-vimeo wp-block-embed is-type-video is-provider-vimeo wp-embed-aspect-16-9 wp-has-aspect-ratio\"><div class=\"wp-block-embed__wrapper\">\n<iframe loading=\"lazy\" title=\"L\u2019invasione nazifascista della Iugoslavia: \u00e8 ora di chiedere perdono\" src=\"https:\/\/player.vimeo.com\/video\/533503977?dnt=1&amp;app_id=122963\" width=\"860\" height=\"484\" frameborder=\"0\" allow=\"autoplay; fullscreen; picture-in-picture; clipboard-write; encrypted-media; web-share\" referrerpolicy=\"strict-origin-when-cross-origin\"><\/iframe>\n<\/div><\/figure>\n\n\n\n<p><a href=\"https:\/\/www.editorialedomani.it\/fatti\/invasione-italia-jugoslavia-foibe-guy8xn06\">https:\/\/www.editorialedomani.it\/fatti\/invasione-italia-jugoslavia-foibe-guy8xn06<\/a><\/p>\n\n\n\n<p><a href=\"https:\/\/www.ildolomiti.it\/societa\/2021\/a-80-anni-dallinvasione-della-jugoslavia-oltre-130-studiosi-chiedono-il-riconoscimento-dei-crimini-fascisti-gobetti-ci-dobbiamo-ricordare-che-siamo-stati-anche-carnefici\">https:\/\/www.ildolomiti.it\/societa\/2021\/a-80-anni-dallinvasione-della-jugoslavia-oltre-130-studiosi-chiedono-il-riconoscimento-dei-crimini-fascisti-gobetti-ci-dobbiamo-ricordare-che-siamo-stati-anche-carnefici<\/a><\/p>\n\n\n\n<p><a href=\"https:\/\/www.raiplay.it\/video\/2021\/03\/Passato-e-Presente---1941-quando-gli-italiani-invasero-la-Jugoslavia--36cc5d10-67f7-4c5d-b858-ab4e2d47653c.html?fbclid=IwAR2R83uSPVyiSqmDUnI_zWbx8_PSnQYwYCWahbZoNb571BS4BlRqDPp_9Sk\">https:\/\/www.raiplay.it\/video\/2021\/03\/Passato-e-Presente&#8212;1941-quando-gli-italiani-invasero-la-Jugoslavia&#8211;36cc5d10-67f7-4c5d-b858-ab4e2d47653c.html<\/a><\/p>\n\n\n\n<figure class=\"wp-block-embed is-type-link is-provider-italian-brickhistory\"><div class=\"wp-block-embed__wrapper\">\n<a href=\"https:\/\/italianbrickhistory.education\/2021\/04\/06\/loccupazione-italiana-della-jugoslavia-6-aprile-1941-8-settembre-1943\/\">L&#8217;occupazione italiana della Jugoslavia. 6 aprile 1941 &#8211; 8 settembre&nbsp;1943<\/a>\n<\/div><\/figure>\n\n\n\n<p><a href=\"https:\/\/www.mladina.si\/206411\/italija-svojih-fasisticnih-zlocinov-ni-nikoli-jasno-obsodila\/\">https:\/\/www.mladina.si\/206411\/italija-svojih-fasisticnih-zlocinov-ni-nikoli-jasno-obsodila\/<\/a><\/p>\n\n\n\n<figure class=\"wp-block-embed-wordpress wp-block-embed is-type-wp-embed is-provider-istituto-nazionale-ferruccio-parri\"><div class=\"wp-block-embed__wrapper\">\n<blockquote class=\"wp-embedded-content\" data-secret=\"ztvGDuYJyT\"><a href=\"http:\/\/www.reteparri.it\/comunicati\/6605-6605\/\">Appello per un riconoscimento ufficiale dei crimini fascisti durante l&#8217;invasione della Jugoslavia da parte dell&#8217;esercito italiano<\/a><\/blockquote><iframe loading=\"lazy\" class=\"wp-embedded-content\" sandbox=\"allow-scripts\" security=\"restricted\" style=\"position: absolute; clip: rect(1px, 1px, 1px, 1px);\" title=\"&#8220;Appello per un riconoscimento ufficiale dei crimini fascisti durante l&#8217;invasione della Jugoslavia da parte dell&#8217;esercito italiano&#8221; &#8212; Istituto Nazionale Ferruccio Parri\" src=\"http:\/\/www.reteparri.it\/comunicati\/6605-6605\/embed\/#?secret=ztvGDuYJyT\" data-secret=\"ztvGDuYJyT\" width=\"600\" height=\"338\" frameborder=\"0\" marginwidth=\"0\" marginheight=\"0\" scrolling=\"no\"><\/iframe>\n<\/div><\/figure>\n\n\n\n<p><a href=\"https:\/\/4d.rtvslo.si\/arhiv\/odmevi\/174766622\/00:00:00\">https:\/\/4d.rtvslo.si\/arhiv\/odmevi\/174766622\/00:00:00<\/a><\/p>\n\n\n\n<hr class=\"wp-block-separator\"\/>\n\n\n\n<figure class=\"wp-block-embed-wordpress wp-block-embed is-type-wp-embed is-provider-bilten\"><div class=\"wp-block-embed__wrapper\">\n<blockquote class=\"wp-embedded-content\" data-secret=\"8UlT8pRFOq\"><a href=\"https:\/\/www.bilten.org\/?p=37827\">Protiv dezinfekcije fa\u0161izma<\/a><\/blockquote><iframe loading=\"lazy\" class=\"wp-embedded-content\" sandbox=\"allow-scripts\" security=\"restricted\" style=\"position: absolute; clip: rect(1px, 1px, 1px, 1px);\" title=\"&#8220;Protiv dezinfekcije fa\u0161izma&#8221; &#8212; Bilten\" src=\"https:\/\/www.bilten.org\/?p=37827&#038;embed=true#?secret=8UlT8pRFOq\" data-secret=\"8UlT8pRFOq\" width=\"600\" height=\"338\" frameborder=\"0\" marginwidth=\"0\" marginheight=\"0\" scrolling=\"no\"><\/iframe>\n<\/div><\/figure>\n","protected":false},"excerpt":{"rendered":"","protected":false},"author":2,"featured_media":25464,"comment_status":"open","ping_status":"open","sticky":false,"template":"","format":"standard","meta":{"_acf_changed":false,"jetpack_post_was_ever_published":false,"_jetpack_newsletter_access":"","_jetpack_dont_email_post_to_subs":false,"_jetpack_newsletter_tier_id":0,"_jetpack_memberships_contains_paywalled_content":false,"_jetpack_memberships_contains_paid_content":false,"footnotes":"","jetpack_publicize_message":"","jetpack_publicize_feature_enabled":true,"jetpack_social_post_already_shared":true,"jetpack_social_options":{"image_generator_settings":{"template":"highway","default_image_id":0,"font":"","enabled":false},"version":2}},"categories":[3],"tags":[],"class_list":["post-25463","post","type-post","status-publish","format-standard","has-post-thumbnail","hentry","category-novosti"],"acf":{"facebook_opis":""},"jetpack_publicize_connections":[],"jetpack_featured_media_url":"https:\/\/i0.wp.com\/historiografija.hr\/wp-content\/uploads\/2021\/03\/Logor-na-Rabu-i-groblje-1943..jpg?fit=642%2C249&ssl=1","jetpack_sharing_enabled":true,"jetpack-related-posts":[],"_links":{"self":[{"href":"https:\/\/historiografija.hr\/index.php?rest_route=\/wp\/v2\/posts\/25463","targetHints":{"allow":["GET"]}}],"collection":[{"href":"https:\/\/historiografija.hr\/index.php?rest_route=\/wp\/v2\/posts"}],"about":[{"href":"https:\/\/historiografija.hr\/index.php?rest_route=\/wp\/v2\/types\/post"}],"author":[{"embeddable":true,"href":"https:\/\/historiografija.hr\/index.php?rest_route=\/wp\/v2\/users\/2"}],"replies":[{"embeddable":true,"href":"https:\/\/historiografija.hr\/index.php?rest_route=%2Fwp%2Fv2%2Fcomments&post=25463"}],"version-history":[{"count":4,"href":"https:\/\/historiografija.hr\/index.php?rest_route=\/wp\/v2\/posts\/25463\/revisions"}],"predecessor-version":[{"id":26036,"href":"https:\/\/historiografija.hr\/index.php?rest_route=\/wp\/v2\/posts\/25463\/revisions\/26036"}],"wp:featuredmedia":[{"embeddable":true,"href":"https:\/\/historiografija.hr\/index.php?rest_route=\/wp\/v2\/media\/25464"}],"wp:attachment":[{"href":"https:\/\/historiografija.hr\/index.php?rest_route=%2Fwp%2Fv2%2Fmedia&parent=25463"}],"wp:term":[{"taxonomy":"category","embeddable":true,"href":"https:\/\/historiografija.hr\/index.php?rest_route=%2Fwp%2Fv2%2Fcategories&post=25463"},{"taxonomy":"post_tag","embeddable":true,"href":"https:\/\/historiografija.hr\/index.php?rest_route=%2Fwp%2Fv2%2Ftags&post=25463"}],"curies":[{"name":"wp","href":"https:\/\/api.w.org\/{rel}","templated":true}]}}