{"id":25452,"date":"2021-03-18T22:32:33","date_gmt":"2021-03-18T22:32:33","guid":{"rendered":"http:\/\/historiografija.hr\/?p=25452"},"modified":"2021-03-18T22:33:19","modified_gmt":"2021-03-18T22:33:19","slug":"amila-kasumovic-zatocene-zene-u-zatvorskom-sustavu-bosne-i-hercegovine-1878-1914","status":"publish","type":"post","link":"https:\/\/historiografija.hr\/?p=25452","title":{"rendered":"Amila Kasumovi\u0107, \u201cZato\u010dene: \u017dene u zatvorskom sustavu Bosne i Hercegovine 1878-1914.\u201d"},"content":{"rendered":"\n<p>Centar za historijska istra\u017eivanja Filozofskog fakulteta u Sarajevu najavljuje knjigu <em>Zato\u010dene: \u017dene u zatvorskom sustavu Bosne i Hercegovine 1878-1914.<\/em>, u kojoj autorica Amila Kasumovi\u0107 analizira tretman najranjivije kategorije unutar zatvorske populacije u prijelomnim godinama bosanskohercegova\u010dke povijesti, kada je dru\u0161tvo prolazilo kroz transformacijske procese izazvane modernizacijom i industrijalizacijom. Austro-Ugarska je najavila modernizaciju zatvorskog sustava i implementaciju modernih penolo\u0161kih praksi u Bosni i Hercegovini nakon okupacije 1878. godine. Autorica nastoji pokazati da je austrougarska uprava pri tome uglavnom razmi\u0161ljala o zatvorenicima, dok su zatvorenice mahom bile izostavljane iz najavljenih promjena.<\/p>\n\n\n\n<p><strong>Amila Kasumovi\u0107<\/strong> je vanredna profesorica na Odsjeku za povijest Filozofskog fakulteta u Sarajevu. Objavila je niza znanstvenih rasprava, a Udru\u017eenje za modernu historiju je 2016. objavilo njenu zapa\u017eenu knjigu <em>Austrougarska trgovinska politika u Bosni i Hercegovini 1878-1914.<\/em><\/p>\n\n\n\n<hr class=\"wp-block-separator\"\/>\n\n\n\n<p>Preneseno s portala <strong><em>Historiografija.ba<\/em><\/strong><\/p>\n\n\n\n<hr class=\"wp-block-separator\"\/>\n\n\n\n<p>Izvori:<\/p>\n\n\n\n<p><a href=\"https:\/\/www.historiografija.ba\/article.php?id=415\">https:\/\/www.historiografija.ba\/article.php?id=415<\/a><\/p>\n\n\n\n<p><a href=\"http:\/\/ff.unsa.ba\/index.php\/bs\/oglasna-ploca-centra-za-historijska-istrazivanja\/11663-zatocene-zene-u-zatvorskom-sustavu-bosne-i-hercegovine-1878-1914\">http:\/\/ff.unsa.ba\/index.php\/bs\/oglasna-ploca-centra-za-historijska-istrazivanja\/11663-zatocene-zene-u-zatvorskom-sustavu-bosne-i-hercegovine-1878-1914<\/a><\/p>\n\n\n\n<hr class=\"wp-block-separator\"\/>\n","protected":false},"excerpt":{"rendered":"","protected":false},"author":2,"featured_media":25453,"comment_status":"open","ping_status":"open","sticky":false,"template":"","format":"standard","meta":{"_acf_changed":false,"jetpack_post_was_ever_published":false,"_jetpack_newsletter_access":"","_jetpack_dont_email_post_to_subs":false,"_jetpack_newsletter_tier_id":0,"_jetpack_memberships_contains_paywalled_content":false,"_jetpack_memberships_contains_paid_content":false,"footnotes":"","jetpack_publicize_message":"","jetpack_publicize_feature_enabled":true,"jetpack_social_post_already_shared":true,"jetpack_social_options":{"image_generator_settings":{"template":"highway","default_image_id":0,"font":"","enabled":false},"version":2}},"categories":[8,3],"tags":[],"class_list":["post-25452","post","type-post","status-publish","format-standard","has-post-thumbnail","hentry","category-knjige","category-novosti"],"acf":{"facebook_opis":""},"jetpack_publicize_connections":[],"jetpack_featured_media_url":"https:\/\/i0.wp.com\/historiografija.hr\/wp-content\/uploads\/2021\/03\/Zatvorenice.jpg?fit=555%2C394&ssl=1","jetpack_sharing_enabled":true,"jetpack-related-posts":[],"_links":{"self":[{"href":"https:\/\/historiografija.hr\/index.php?rest_route=\/wp\/v2\/posts\/25452","targetHints":{"allow":["GET"]}}],"collection":[{"href":"https:\/\/historiografija.hr\/index.php?rest_route=\/wp\/v2\/posts"}],"about":[{"href":"https:\/\/historiografija.hr\/index.php?rest_route=\/wp\/v2\/types\/post"}],"author":[{"embeddable":true,"href":"https:\/\/historiografija.hr\/index.php?rest_route=\/wp\/v2\/users\/2"}],"replies":[{"embeddable":true,"href":"https:\/\/historiografija.hr\/index.php?rest_route=%2Fwp%2Fv2%2Fcomments&post=25452"}],"version-history":[{"count":2,"href":"https:\/\/historiografija.hr\/index.php?rest_route=\/wp\/v2\/posts\/25452\/revisions"}],"predecessor-version":[{"id":25455,"href":"https:\/\/historiografija.hr\/index.php?rest_route=\/wp\/v2\/posts\/25452\/revisions\/25455"}],"wp:featuredmedia":[{"embeddable":true,"href":"https:\/\/historiografija.hr\/index.php?rest_route=\/wp\/v2\/media\/25453"}],"wp:attachment":[{"href":"https:\/\/historiografija.hr\/index.php?rest_route=%2Fwp%2Fv2%2Fmedia&parent=25452"}],"wp:term":[{"taxonomy":"category","embeddable":true,"href":"https:\/\/historiografija.hr\/index.php?rest_route=%2Fwp%2Fv2%2Fcategories&post=25452"},{"taxonomy":"post_tag","embeddable":true,"href":"https:\/\/historiografija.hr\/index.php?rest_route=%2Fwp%2Fv2%2Ftags&post=25452"}],"curies":[{"name":"wp","href":"https:\/\/api.w.org\/{rel}","templated":true}]}}