{"id":25394,"date":"2021-03-15T17:09:53","date_gmt":"2021-03-15T17:09:53","guid":{"rendered":"http:\/\/historiografija.hr\/?p=25394"},"modified":"2021-03-15T17:10:27","modified_gmt":"2021-03-15T17:10:27","slug":"v-interdisciplinarni-studentski-simpozij-vazne-bitke-hrvatske-povijesti-zastupljenost-tema-unutar-hrvatske-historiografije","status":"publish","type":"post","link":"https:\/\/historiografija.hr\/?p=25394","title":{"rendered":"V. interdisciplinarni studentski simpozij: Va\u017ene bitke hrvatske povijesti: zastupljenost tema unutar hrvatske historiografije"},"content":{"rendered":"\n<p>Dru\u0161tvo studenata povijesti &#8220;Ivan Lu\u010di\u0107-Lucius&#8221; organizira V. interdisciplinarni studentski simpozij na temu &#8220;Va\u017ene bitke hrvatske povijesti: Zastupljenost tema unutar hrvatske historiografije&#8221; koji \u0107e se odr\u017eati u srijedu, 17. o\u017eujka 2021. godine s po\u010detkom u 11:00 sati u prostorijama Fakulteta hrvatskih studija (dvorana Pula).<\/p>\n\n\n\n<p>Simpozij \u0107e biti odr\u017ean u skladu s trenutnim epidemiolo\u0161kim mjerama, a za one koji ne\u0107e biti u mogu\u0107nosti u\u017eivo pratiti simpozij bit \u0107e omogu\u0107en live stream preko Facebooka i aplikacije Jitsi.<\/p>\n\n\n\n<p>Na simpoziju \u0107e sudjelovati studenti Fakulteta hrvatskih studija koji \u0107e predstaviti svoje rezultate bavljenja temom zastupljenosti klju\u010dnih bitaka hrvatske povijesti u doma\u0107oj historiografiji.<\/p>\n\n\n\n<hr class=\"wp-block-separator\"\/>\n\n\n\n<p><strong>Program:<\/strong><\/p>\n\n\n\n<p>11:00 \u2013 otvorenje studentskog simpozija<\/p>\n\n\n\n<p>11:00-11:05 \u2013 uvodne rije\u010di, Katarina Dogan, univ. bacc. hist., predsjednica Dru\u0161tva studenata povijesti \u201eIvan Lu\u010di\u0107-Lucius\u201c<\/p>\n\n\n\n<p>11:05-11:15 \u2013 Martina Tarbuk, <em>Bitka na Gvozdu 1097. \u2013 po\u010detak Hrvatsko-ugarskog kraljevstva.<\/em><\/p>\n\n\n\n<p>11:15-11:25 \u2013 Beti Ku\u017eet, <em>Obrana Splita od Osmanlija iz 1657. godine<\/em><\/p>\n\n\n\n<p>&nbsp;11:25-11:35 \u2013 Dora Tomljanovi\u0107<em>, <\/em>univ. bacc. hist.<em>, Nikola \u0160ubi\u0107 Zrinski i obrana Sigeta u razvoju Hrvatske nacionalne svijesti druge polovice 19. stolje\u0107a (prikaz dvije slike Otona Ivekovi\u0107a, Zrinski pred provalu iz Sigeta i Juri\u0161 Nikole \u0160ubi\u0107a Zrinskog).<\/em><\/p>\n\n\n\n<p>11:35-11:45 \u2013 Bruno Bogovi\u0107, univ. bacc. hist. et soc.<em>, Rat protiv Ma\u0111ara (1848.-1849.): hrvatska historiografija o prelasku Jela\u010di\u0107eve vojske preko Drave.<\/em><\/p>\n\n\n\n<p>11:45-11:55 \u2013 pauza<\/p>\n\n\n\n<p>11:55-12:05 \u2013 Sanja Gudelj, univ. bacc. hist. et lat., <em>Bitka za Novi Farka\u0161i\u0107: bitka u sjeni drugih bitaka?<\/em><\/p>\n\n\n\n<p>12:05-12:15 \u2013 Monika Jerkovi\u0107, univ. bacc. hist., <em>Bitka kod Bliske (Blizne) iz 1322. godine<\/em><\/p>\n\n\n\n<p>12:15-12:25 \u2013 Lucijan Vesely, univ. bacc. phil. et cul. et hist., &nbsp;<em>Bitka za Gvozdansko 1578. kroz ep Ante Tresi\u0107a Pavi\u010di\u0107a \u201eGvozdansko.\u201c<\/em><\/p>\n\n\n\n<p>12:25-12:35 \u2013 Petra Babi\u0107, mag. hist., <em>Kolektivno sje\u0107anje na Nikolu Zrinskog i Sigetsku bitku od 16. do 18. stolje\u0107a.<\/em><\/p>\n\n\n\n<p>12:35-12:55 \u2013 rasprava<\/p>\n\n\n\n<p>12:55-13:00 \u2013 zavr\u0161ne rije\u010di i zatvaranje studentskog simpozija<\/p>\n\n\n\n<hr class=\"wp-block-separator\"\/>\n\n\n\n<p><strong><em>Organizacijski odbor V. interdisciplinarnog studentskog simpozija: Va\u017ene bitke hrvatske povijesti: zastupljenost tema unutar hrvatske historiografije:<\/em><\/strong><\/p>\n\n\n\n<p>Katarina Dogan, univ. bacc. hist., Toni Pejakovi\u0107, univ. bacc. hist., Matija \u010ceh, univ. bacc. phil. et cul. et hist., Korina Grbe\u0161a, univ. bacc. hist. et croat.<\/p>\n\n\n\n<hr class=\"wp-block-separator\"\/>\n\n\n\n<p>Izvor:<\/p>\n\n\n\n<p><a href=\"https:\/\/www.facebook.com\/events\/768790177375852\/\">https:\/\/www.facebook.com\/events\/768790177375852\/<\/a><\/p>\n\n\n\n<hr class=\"wp-block-separator\"\/>\n","protected":false},"excerpt":{"rendered":"","protected":false},"author":2,"featured_media":25395,"comment_status":"open","ping_status":"open","sticky":false,"template":"","format":"standard","meta":{"_acf_changed":false,"jetpack_post_was_ever_published":false,"_jetpack_newsletter_access":"","_jetpack_dont_email_post_to_subs":false,"_jetpack_newsletter_tier_id":0,"_jetpack_memberships_contains_paywalled_content":false,"_jetpack_memberships_contains_paid_content":false,"footnotes":"","jetpack_publicize_message":"","jetpack_publicize_feature_enabled":true,"jetpack_social_post_already_shared":true,"jetpack_social_options":{"image_generator_settings":{"template":"highway","default_image_id":0,"font":"","enabled":false},"version":2}},"categories":[3,9],"tags":[],"class_list":["post-25394","post","type-post","status-publish","format-standard","has-post-thumbnail","hentry","category-novosti","category-skupovi"],"acf":{"facebook_opis":""},"jetpack_publicize_connections":[],"jetpack_featured_media_url":"https:\/\/i0.wp.com\/historiografija.hr\/wp-content\/uploads\/2021\/03\/bitke.jpg?fit=960%2C498&ssl=1","jetpack_sharing_enabled":true,"jetpack-related-posts":[],"_links":{"self":[{"href":"https:\/\/historiografija.hr\/index.php?rest_route=\/wp\/v2\/posts\/25394","targetHints":{"allow":["GET"]}}],"collection":[{"href":"https:\/\/historiografija.hr\/index.php?rest_route=\/wp\/v2\/posts"}],"about":[{"href":"https:\/\/historiografija.hr\/index.php?rest_route=\/wp\/v2\/types\/post"}],"author":[{"embeddable":true,"href":"https:\/\/historiografija.hr\/index.php?rest_route=\/wp\/v2\/users\/2"}],"replies":[{"embeddable":true,"href":"https:\/\/historiografija.hr\/index.php?rest_route=%2Fwp%2Fv2%2Fcomments&post=25394"}],"version-history":[{"count":2,"href":"https:\/\/historiografija.hr\/index.php?rest_route=\/wp\/v2\/posts\/25394\/revisions"}],"predecessor-version":[{"id":25397,"href":"https:\/\/historiografija.hr\/index.php?rest_route=\/wp\/v2\/posts\/25394\/revisions\/25397"}],"wp:featuredmedia":[{"embeddable":true,"href":"https:\/\/historiografija.hr\/index.php?rest_route=\/wp\/v2\/media\/25395"}],"wp:attachment":[{"href":"https:\/\/historiografija.hr\/index.php?rest_route=%2Fwp%2Fv2%2Fmedia&parent=25394"}],"wp:term":[{"taxonomy":"category","embeddable":true,"href":"https:\/\/historiografija.hr\/index.php?rest_route=%2Fwp%2Fv2%2Fcategories&post=25394"},{"taxonomy":"post_tag","embeddable":true,"href":"https:\/\/historiografija.hr\/index.php?rest_route=%2Fwp%2Fv2%2Ftags&post=25394"}],"curies":[{"name":"wp","href":"https:\/\/api.w.org\/{rel}","templated":true}]}}