{"id":25376,"date":"2021-03-12T22:46:01","date_gmt":"2021-03-12T22:46:01","guid":{"rendered":"http:\/\/historiografija.hr\/?p=25376"},"modified":"2021-03-12T22:46:35","modified_gmt":"2021-03-12T22:46:35","slug":"ivan-radman-livaja-tomislav-bilic-ur-eds-monumenta-marmore-aereque-perenniora-zbornik-radova-u-cast-anti-rendicu-miocevicu-a-volume-dedicated-to-ante-rendic-miocevic-collectanea-archaeologic","status":"publish","type":"post","link":"https:\/\/historiografija.hr\/?p=25376","title":{"rendered":"Ivan Radman-Livaja, Tomislav Bili\u0107 (ur.\/eds.), Monumenta marmore aereque perenniora. Zbornik radova u \u010dast Anti Rendi\u0107u-Mio\u010devi\u0107u \/ A volume dedicated to Ante Rendi\u0107-Mio\u010devi\u0107, Collectanea Archaeologica Musei Archaeologici Zagrabiensis 3, Zagreb, Arheolo\u0161ki muzej u Zagrebu \/ The Archaeological Museum in Zagreb, 2020."},"content":{"rendered":"\n<p>Ante Rendi\u0107-Mio\u010devi\u0107 je od kraja 1973. god. bio zaposlen kao kustos u Arheolo\u0161kom muzeju u Zagrebu, a od svibnja 1984. god. ravnatelj je te institucije. Du\u017enost ravnatelja Muzeja obna\u0161ao je sve do odlaska u mirovinu 1. sije\u010dnja 2012. god. Arheolo\u0161ki muzej u Zagrebu odlu\u010dio mu je zbog njegovih nemalih zasluga posvetiti zbornik radova te se na taj na\u010din djelomi\u010dno odu\u017eiti za sve \u0161to je u\u010dinio za ovu instituciju. U zborniku, kojeg su uredili Ivan Radman-Livaja i Tomislav Bili\u0107, osim \u017eivotopisa i bibliografije Ante Rendi\u0107a-Mio\u010devi\u0107a, otisnuto je ukupno 40 radova, bogato opremljenih kartama i ilustracijama, bilje\u0161kama i bibliografijom. Radovi su objavljeni na hrvatskom, engleskom, talijanskom, francuskom, slovenskom i njema\u010dkom jeziku, a ukupno je sudjelovalo \u010detrdeset i \u010detvoro hrvatskih i inozemnih autora s raznorodnih hrvatskih i inozemnih institucija. Tisak publikacije financijski je poduprlo Ministarstvo znanosti i obrazovanja Republike Hrvatske.<\/p>\n\n\n\n<hr class=\"wp-block-separator\"\/>\n\n\n\n<p><strong>IMPRESSUM<\/strong><\/p>\n\n\n\n<p><strong>Nakladnik \/ Publisher<\/strong><\/p>\n\n\n\n<p>Arheolo\u0161ki muzej u Zagrebu<\/p>\n\n\n\n<p>Archaeological Museum in Zagreb<\/p>\n\n\n\n<p><strong>Za nakladnika \/ For the publisher<\/strong><\/p>\n\n\n\n<p>Sanjin Miheli\u0107<\/p>\n\n\n\n<p><strong>Uredni\u0161tvo \/ Editorial Board<\/strong><\/p>\n\n\n\n<p>Jacqueline Balen<\/p>\n\n\n\n<p>Tomislav Bili\u0107<\/p>\n\n\n\n<p>Ivan Drni\u0107<\/p>\n\n\n\n<p>Ivan Radman-Livaja<\/p>\n\n\n\n<p>Filomena Sirovica<\/p>\n\n\n\n<p><strong>Urednici \/ Editors<\/strong><\/p>\n\n\n\n<p>Ivan Radman-Livaja<\/p>\n\n\n\n<p>Tomislav Bili\u0107<\/p>\n\n\n\n<p><strong>Tehni\u010dki urednici \/ Copy-editing<\/strong><\/p>\n\n\n\n<p>Miroslav Na\u0111<\/p>\n\n\n\n<p>Nina Gostinski<\/p>\n\n\n\n<p>Tara Pivac<\/p>\n\n\n\n<p><strong>Recenzenti \/ Reviewers<\/strong><\/p>\n\n\n\n<p>Alka Domi\u0107-Kuni\u0107<\/p>\n\n\n\n<p>Ljubica Perini\u0107<\/p>\n\n\n\n<p><strong>Oblikovanje i priprema za tisak \/ Design &amp; DTP<\/strong><\/p>\n\n\n\n<p>Sensus Design Factory<\/p>\n\n\n\n<p><strong>Tisak \/ Printed by<\/strong><\/p>\n\n\n\n<p>Tiskara Zelina d. d.<\/p>\n\n\n\n<p><strong>Naklada \/ Print run<\/strong><\/p>\n\n\n\n<p>350<\/p>\n\n\n\n<hr class=\"wp-block-separator\"\/>\n\n\n\n<p><strong>SADR\u017dAJ \/ CONTENTS<\/strong><\/p>\n\n\n\n<p>Ante Rendi\u0107-Mio\u010devi\u0107, curriculum vitae<\/p>\n\n\n\n<p>Ante Rendi\u0107-Mio\u010devi\u0107, bibliografija\/bibliography<\/p>\n\n\n\n<p>Cristina-Georgeta Alexandrescu: Grabmedaillon eines \u201aBenefiziarier\u2019 aus Dakien<\/p>\n\n\n\n<p>Georgia Aristodemou: The semicircular Nymphaea of the Roman period and their Greek predecessors \u2014 On the occasion of a new find from the ancient Agora of Pella excavations<\/p>\n\n\n\n<p>Ivo Babi\u0107: Naznake za mogu\u0107i Iseum\/Serapeum u Saloni<\/p>\n\n\n\n<p>Vlasta Begovi\u0107 Dvor\u017eak, Ivan\u010dica Dvor\u017eak Schrunk, Ivana Tutek: <em>Villae <\/em>i <em>villulae <\/em>na podru\u010dju dana\u0161nje Republike Hrvatske (dio rimske <em>Pannoniae, Dalmatiae <\/em>i <em>Histriae<\/em>)<\/p>\n\n\n\n<p>Tomislav Bili\u0107: From Salona to the Milky Way \u2014 The epitaph of Constantina(?) from Manastirine<\/p>\n\n\n\n<p>Vera Bitrakova Grozdanova: Prilog o kultu Artemide Efezije u Makedoniji<\/p>\n\n\n\n<p>Luciano Bosio, Guido Rosada: Le fonti nella fonte \u2014 L\u2019Italia fisica nella descrizione della <em>Tabula Peutingeriana<\/em><\/p>\n\n\n\n<p>Nenad Cambi: Dva rimska nadgrobna spomenika iz Starog Grada na Hvaru<\/p>\n\n\n\n<p>Dino Demicheli: Natpis na sarkofagu s klesarskim pogre\u0161kama iz Trogira<\/p>\n\n\n\n<p>Marko Dizdar: Middle La Tene female grave LT 22 from the Zvonimirovo cemetery \u2014<\/p>\n\n\n\n<p>Where did I get this fibula?<\/p>\n\n\n\n<p>Bojan Djuri\u0107: Dolphin sarcophagus in the Archaeological Museum Zagreb<\/p>\n\n\n\n<p>Exhlale Dobruna-Salihu: O jednoj epigrafskoj poeziji rimskog doba iz teritorija Ulpijane na Kosovu<\/p>\n\n\n\n<p>Piotr Dyczek: Non solum\u2026 sed etiam<\/p>\n\n\n\n<p>Aleksandra Faber: Uzaludna zalaganja hrvatskih arheologa i povjesni\u010dara<\/p>\n\n\n\n<p>za prostorni integritet anti\u010dke Salone povodom projekta i realizacije splitske obilaznice autoputa 1987. godine<\/p>\n\n\n\n<p>Igor Fiskovi\u0107: Stonski reljef majstora Skoronje<\/p>\n\n\n\n<p>Nade\u017eda Gavrilovi\u0107 Vitas: <em>Dolicheneum <\/em>and Dolichenus\u2019 cult objects from the locality Brza Palanka \u2014 <em>Egeta<\/em>. Contribution to the study of the cult of Iuppiter Dolichenus<\/p>\n\n\n\n<p>Kornelija A. Giunio: Religijsko djelovanje namjesnika rimske provincije Dalmacije<\/p>\n\n\n\n<p>Giovanni Gorini: Una moneta del regno dei Kushan dall\u2019isola di Vis (III sec. d. C.)<\/p>\n\n\n\n<p>Vladimir Goss: Glagoljica i likovnost ranog hrvatskog srednjovjekovlja<\/p>\n\n\n\n<p>Manfred Hainzmann: Mercurius <em>Gebrinios <\/em>in Flavia Solva?<\/p>\n\n\n\n<p>Markus Handy, Erwin Pochmarski: Die Sagumtracht in der Provinz Pannonia Superior<\/p>\n\n\n\n<p>Jasna Jeli\u010di\u0107 Radoni\u0107: Mozaici obnovljene salonitanske katedrale<\/p>\n\n\n\n<p>Vjekoslav Juki\u0107: Hidden story of Gora before Gora<\/p>\n\n\n\n<p>Guntram Koch: An unusual sarcophagus lid in Salona<\/p>\n\n\n\n<p>Gabrielle Kremer: <em>Cultor Domni<\/em>\/<em>-ae <\/em>\u2014 ein Kultverein in Winden am See<\/p>\n\n\n\n<p>Irena Lazar: Transparence luxury \u2014 a new group of Roman glass with facet-cut decoration<\/p>\n\n\n\n<p>Robert Matija\u0161i\u0107: Novi i ispravljeni natpisi iz Plomina<\/p>\n\n\n\n<p>Mirjana Matijevi\u0107 Sokol: O datiranju epigrafi\u010dkih spomenika iz hrvatskog ranog srednjeg vijeka<\/p>\n\n\n\n<p>Branka Migotti: The funerary altar of Publius Aelius Aelianus from Daruvar (Aquae Balissae)<\/p>\n\n\n\n<p>Alexander Minchev: Viticulture, wine production and related beliefs in the region of Northeastern Thrace (ca. 4th c. BC\u20136th c. AD)<\/p>\n\n\n\n<p>Ivan Mirnik: Giacomo Paronuzzi and the statue of Ganymede<\/p>\n\n\n\n<p>from the Nugent Museum<\/p>\n\n\n\n<p>Aleksandra Nikoloska: Apollo Kitharoidos from Stobi<\/p>\n\n\n\n<p>Gianfranco Paci: L\u2019introduzione del culto di <em>Iuppiter Dolichenus <\/em>a Narona<\/p>\n\n\n\n<p>Ljubica Perini\u0107: Silvanus\u2019 altar from Prozor<\/p>\n\n\n\n<p>Ivana Popovi\u0107: Scenes from the myth of Atalanta on monuments from <em>Sirmium <\/em>and <em>Romuliana <\/em>(Serbia)<\/p>\n\n\n\n<p>Ivan Radman-Livaja: A Late Roman knife from Siscia<\/p>\n\n\n\n<p>Michel Redde: L\u2019occupation du sol dans la plaine du Rhin superieur a la lumiere des fouilles d\u2019Oedenburg (Haut-Rhin, France)<\/p>\n\n\n\n<p>Alka Starac: Some questions on the Forum of Zadar<\/p>\n\n\n\n<p>Monika Verzar-Bass: Zur Ausstattungsskulptur im Wohnbereich Aquileia\u2019s<\/p>\n\n\n\n<p>Mojca Vomer Gojkovi\u010d: Iz ptujske zakladnice arheolo\u0161ke dedi\u0161\u010dine \u2014 steklo z odtisi na dnu<\/p>\n\n\n\n<hr class=\"wp-block-separator\"\/>\n","protected":false},"excerpt":{"rendered":"","protected":false},"author":2,"featured_media":25377,"comment_status":"open","ping_status":"open","sticky":false,"template":"","format":"standard","meta":{"_acf_changed":false,"jetpack_post_was_ever_published":false,"_jetpack_newsletter_access":"","_jetpack_dont_email_post_to_subs":false,"_jetpack_newsletter_tier_id":0,"_jetpack_memberships_contains_paywalled_content":false,"_jetpack_memberships_contains_paid_content":false,"footnotes":"","jetpack_publicize_message":"","jetpack_publicize_feature_enabled":true,"jetpack_social_post_already_shared":true,"jetpack_social_options":{"image_generator_settings":{"template":"highway","default_image_id":0,"font":"","enabled":false},"version":2}},"categories":[8,3],"tags":[],"class_list":["post-25376","post","type-post","status-publish","format-standard","has-post-thumbnail","hentry","category-knjige","category-novosti"],"acf":{"facebook_opis":""},"jetpack_publicize_connections":[],"jetpack_featured_media_url":"https:\/\/i0.wp.com\/historiografija.hr\/wp-content\/uploads\/2021\/03\/Ante-Rendic.png?fit=817%2C1095&ssl=1","jetpack_sharing_enabled":true,"jetpack-related-posts":[],"_links":{"self":[{"href":"https:\/\/historiografija.hr\/index.php?rest_route=\/wp\/v2\/posts\/25376","targetHints":{"allow":["GET"]}}],"collection":[{"href":"https:\/\/historiografija.hr\/index.php?rest_route=\/wp\/v2\/posts"}],"about":[{"href":"https:\/\/historiografija.hr\/index.php?rest_route=\/wp\/v2\/types\/post"}],"author":[{"embeddable":true,"href":"https:\/\/historiografija.hr\/index.php?rest_route=\/wp\/v2\/users\/2"}],"replies":[{"embeddable":true,"href":"https:\/\/historiografija.hr\/index.php?rest_route=%2Fwp%2Fv2%2Fcomments&post=25376"}],"version-history":[{"count":2,"href":"https:\/\/historiografija.hr\/index.php?rest_route=\/wp\/v2\/posts\/25376\/revisions"}],"predecessor-version":[{"id":25379,"href":"https:\/\/historiografija.hr\/index.php?rest_route=\/wp\/v2\/posts\/25376\/revisions\/25379"}],"wp:featuredmedia":[{"embeddable":true,"href":"https:\/\/historiografija.hr\/index.php?rest_route=\/wp\/v2\/media\/25377"}],"wp:attachment":[{"href":"https:\/\/historiografija.hr\/index.php?rest_route=%2Fwp%2Fv2%2Fmedia&parent=25376"}],"wp:term":[{"taxonomy":"category","embeddable":true,"href":"https:\/\/historiografija.hr\/index.php?rest_route=%2Fwp%2Fv2%2Fcategories&post=25376"},{"taxonomy":"post_tag","embeddable":true,"href":"https:\/\/historiografija.hr\/index.php?rest_route=%2Fwp%2Fv2%2Ftags&post=25376"}],"curies":[{"name":"wp","href":"https:\/\/api.w.org\/{rel}","templated":true}]}}