{"id":25373,"date":"2021-03-11T18:57:41","date_gmt":"2021-03-11T18:57:41","guid":{"rendered":"http:\/\/historiografija.hr\/?p=25373"},"modified":"2021-03-11T18:57:41","modified_gmt":"2021-03-11T18:57:41","slug":"elias-canetti-zaslijepljenost-s-njemackoga-preveo-andy-jelcic","status":"publish","type":"post","link":"https:\/\/historiografija.hr\/?p=25373","title":{"rendered":"Elias Canetti, \u201cZaslijepljenost\u201d (s njema\u010dkoga preveo Andy Jel\u010di\u0107)"},"content":{"rendered":"\n<p>Roman <em>Zalijepljenost<\/em>, prvo i najva\u017enije djelo nobelovca Eliasa Canettija, na groteskno-satiri\u010dki na\u010din opisuje atmosferu u Be\u010du dvadesetih godina pro\u0161loga stolje\u0107a. Vrijeme te\u0161ke moralne i financijske krize prikazano je ponajprije kroz sudbinu doktora Petera Kiena, svjetski priznata sinologa koji sve vi\u0161e gubi doticaj sa stvarno\u0161\u0107u. Opsjednut knjigama, zaslijepljen njihovim sadr\u017eajem i mo\u0107i, ne \u017eeli ni vidjeti ni priznati ni\u0161ta drugo osim njih. Likovi koje Kien susre\u0107e na svom putu k potpunom du\u0161evnom rastrojstvu tako\u0111er su zaslijepljeni, bilo novcem, bilo mo\u0107u, bilo \u017eeljom za uspjehom ili ne\u010dim drugim, te se svojim porivima nikako ne mogu othrvati. U tome im nimalo ne poma\u017ee ni me\u0111usobna komunikacija, kod nekih likova svedena na zatvorene sustave, tzv. jezi\u010dne maske, od tek nekoliko stotina razli\u010ditih rije\u010di, koje se \u010desto izgovaraju tek da bi bile izgovorene, a ne da bi ih netko \u010duo ili razumio.<\/p>\n\n\n\n<p>Iako roman, napisan 1931\u20131932., nije bio odmah prihva\u0107en i zaslu\u017eeno vrednovan, pa je i objavljen tek 1935., postupno je dobivao sve ve\u0107a priznanja i kritike i \u010ditatelja, pogotovo nakon Drugoga svjetskog rata koji je u romanu na neki na\u010din i predvi\u0111en.<\/p>\n\n\n\n<hr class=\"wp-block-separator\"\/>\n\n\n\n<p>Biblioteka <strong>Posebna izdanja<\/strong>, glavni urednik Luka \u0160eput, izvr\u0161ni urednik Luka Vuku\u0161i\u0107, likovni urednik \u017deljko Podore\u0161ki, grafi\u010dki urednik Pavao Damjanovi\u0107, tisak Denona (Zagreb). \u2014 Naslov izvornika: <em>Die Blendung. \u2014<\/em> Knjiga je objavljena uz potporu knji\u017eevne mre\u017ee TRADUKI i uz financijsku potporu Ministarstva kulture i medija Republike Hrvatske<\/p>\n\n\n\n<hr class=\"wp-block-separator\"\/>\n\n\n\n<p>Autori<\/p>\n\n\n\n<p><strong>Elias Canetti<\/strong><\/p>\n\n\n\n<p>Prozaist i dramati\u010dar njema\u010dkoga knji\u017eevnog izraza (1905\u20131994), bugarski \u017didov s britanskim\u00a0 dr\u017eavljanstvom, dobitnik Nobelove nagrade za knji\u017eevnost (1981)<\/p>\n\n\n\n<hr class=\"wp-block-separator\"\/>\n\n\n\n<p>&nbsp;&nbsp;&nbsp; biblioteka: POSEBNA IZDANJA<\/p>\n\n\n\n<p>&nbsp;&nbsp;&nbsp; cijena: 190,00 kn<\/p>\n\n\n\n<p>&nbsp;&nbsp;&nbsp; broj stranica: 491<\/p>\n\n\n\n<p>&nbsp;&nbsp;&nbsp; uvez: tvrdi uvez<\/p>\n\n\n\n<p>&nbsp;&nbsp;&nbsp; dimenzije: 15 x 22 cm<\/p>\n\n\n\n<p>&nbsp;&nbsp;&nbsp; godina izdanja: 2021.<\/p>\n\n\n\n<p>&nbsp;&nbsp;&nbsp; izdava\u010d: Matica hrvatska<\/p>\n\n\n\n<p>&nbsp;&nbsp;&nbsp; mjesto: Zagreb<\/p>\n\n\n\n<p>&nbsp;&nbsp;&nbsp; ISBN: 978-953-341-197-2<\/p>\n\n\n\n<p>\u00a0\u00a0\u00a0 podru\u010dje: klasici svjetske knji\u017eevnosti, proza (prijevodi), romani, romani (prijevodi)<\/p>\n\n\n\n<hr class=\"wp-block-separator\"\/>\n\n\n\n<p><strong>PDF-ovi:<\/strong><\/p>\n\n\n\n<p>&nbsp;&nbsp;&nbsp; Sadr\u017eaj<\/p>\n\n\n\n<p>&nbsp; &nbsp;&nbsp;\u0160etnja (poglavlje iz knjige)<\/p>\n\n\n\n<p><a href=\"https:\/\/www.matica.hr\/knjige\/zaslijepljenost-1339\/\">https:\/\/www.matica.hr\/knjige\/zaslijepljenost-1339\/<\/a><\/p>\n\n\n\n<hr class=\"wp-block-separator\"\/>\n","protected":false},"excerpt":{"rendered":"","protected":false},"author":2,"featured_media":25374,"comment_status":"open","ping_status":"open","sticky":false,"template":"","format":"standard","meta":{"_acf_changed":false,"jetpack_post_was_ever_published":false,"_jetpack_newsletter_access":"","_jetpack_dont_email_post_to_subs":false,"_jetpack_newsletter_tier_id":0,"_jetpack_memberships_contains_paywalled_content":false,"_jetpack_memberships_contains_paid_content":false,"footnotes":"","jetpack_publicize_message":"","jetpack_publicize_feature_enabled":true,"jetpack_social_post_already_shared":true,"jetpack_social_options":{"image_generator_settings":{"template":"highway","default_image_id":0,"font":"","enabled":false},"version":2}},"categories":[3,12],"tags":[],"class_list":["post-25373","post","type-post","status-publish","format-standard","has-post-thumbnail","hentry","category-novosti","category-knjizevnost"],"acf":{"facebook_opis":""},"jetpack_publicize_connections":[],"jetpack_featured_media_url":"https:\/\/i0.wp.com\/historiografija.hr\/wp-content\/uploads\/2021\/03\/zaslijepljenost.jpeg?fit=500%2C720&ssl=1","jetpack_sharing_enabled":true,"jetpack-related-posts":[],"_links":{"self":[{"href":"https:\/\/historiografija.hr\/index.php?rest_route=\/wp\/v2\/posts\/25373","targetHints":{"allow":["GET"]}}],"collection":[{"href":"https:\/\/historiografija.hr\/index.php?rest_route=\/wp\/v2\/posts"}],"about":[{"href":"https:\/\/historiografija.hr\/index.php?rest_route=\/wp\/v2\/types\/post"}],"author":[{"embeddable":true,"href":"https:\/\/historiografija.hr\/index.php?rest_route=\/wp\/v2\/users\/2"}],"replies":[{"embeddable":true,"href":"https:\/\/historiografija.hr\/index.php?rest_route=%2Fwp%2Fv2%2Fcomments&post=25373"}],"version-history":[{"count":1,"href":"https:\/\/historiografija.hr\/index.php?rest_route=\/wp\/v2\/posts\/25373\/revisions"}],"predecessor-version":[{"id":25375,"href":"https:\/\/historiografija.hr\/index.php?rest_route=\/wp\/v2\/posts\/25373\/revisions\/25375"}],"wp:featuredmedia":[{"embeddable":true,"href":"https:\/\/historiografija.hr\/index.php?rest_route=\/wp\/v2\/media\/25374"}],"wp:attachment":[{"href":"https:\/\/historiografija.hr\/index.php?rest_route=%2Fwp%2Fv2%2Fmedia&parent=25373"}],"wp:term":[{"taxonomy":"category","embeddable":true,"href":"https:\/\/historiografija.hr\/index.php?rest_route=%2Fwp%2Fv2%2Fcategories&post=25373"},{"taxonomy":"post_tag","embeddable":true,"href":"https:\/\/historiografija.hr\/index.php?rest_route=%2Fwp%2Fv2%2Ftags&post=25373"}],"curies":[{"name":"wp","href":"https:\/\/api.w.org\/{rel}","templated":true}]}}