{"id":25366,"date":"2021-03-11T18:32:46","date_gmt":"2021-03-11T18:32:46","guid":{"rendered":"http:\/\/historiografija.hr\/?p=25366"},"modified":"2021-03-11T18:33:48","modified_gmt":"2021-03-11T18:33:48","slug":"izlozba-vizure-i-strukture-modernoga-grada-modernizacija-urbanog-zivota-u-hrvatskoj-putem-razvoja-komunalne-infrastrukture","status":"publish","type":"post","link":"https:\/\/historiografija.hr\/?p=25366","title":{"rendered":"Izlo\u017eba &#8220;Vizure i strukture modernoga grada: modernizacija urbanog \u017eivota u Hrvatskoj putem razvoja komunalne infrastrukture&#8221;"},"content":{"rendered":"\n<p>Izlo\u017eba se sastoji od desetak izlo\u017ebenih panoa na kojima se javnosti prezentiraju sintetizirani rezultati znanstveno-istra\u017eiva\u010dkog projekta &#8220;MOZIRA&#8221; Hrvatskog instituta za povijest financiranog od strane Hrvatske zaklade za znanost projektom IP-2016-06-2015 Modernizacija urbanog \u017eivota u Hrvatskoj kroz prizmu razvoja komunalne infrastrukture u 19. i 20. stolje\u0107u.<br><br>O izlo\u017eenim se temama raspravljalo na dvjema znanstvenim konferencijama: Razvoj novonastalih gradova u Hrvatskoj tijekom 19. i 20. stolje\u0107a, odr\u017eanoj 26. velja\u010de 2019. godine u Hrvatskom institutu za povijest u Zagrebu te Modernizacija kroz infrastrukturu \u2013 zadano i ostvareno u modernizaciji Hrvatske, odr\u017eanoj 8. srpnja 2020. godine.<br><br>Znanstveni radovi o modernizaciji hrvatskih gradova i izgradnji komunalne infrastrukture u njima tijekom 19. i 20. stolje\u0107a objavljeni su kao tematski blokovi u historiografskim \u010dasopisima Review of Croatian History XVI\/1 za 2020., kao i \u010casopisu za suvremenu povijest br. 1\/2020. i 2\/2020., te u tematskoj monografiji Moderno lice grada. O urbanizaciji i izgradnji komunalne infrastrukture na podru\u010dju Hrvatske u 19. i 20. stolje\u0107u, u izdanju Hrvatskog instituta za povijest 2020.<br><br>Pored tiskanog izdanja, monografija je dostupna i u elektroni\u010dkom obliku na ovoj mre\u017enoj poveznici <a href=\"https:\/\/mozira.isp.hr\/wp-content\/uploads\/2019\/05\/Moderno-lice-grada_MOZIRA.pdf\">https:\/\/mozira.isp.hr\/wp-content\/uploads\/2019\/05\/Moderno-lice-grada_MOZIRA.pdf<br><\/a><a href=\"https:\/\/mozira.isp.hr\/wp-content\/uploads\/2019\/05\/Moderno-lice-grada_MOZIRA.pdf\"><\/a><\/p>\n\n\n\n<p>mjesto odr\u017eavanja: Tehni\u010dki muzej Nikola Tesla<\/p>\n\n\n\n<p>datum po\u010detka\/zavr\u0161etka: od 12.03.2021 do 04.04.2021<\/p>\n\n\n\n<hr class=\"wp-block-separator\"\/>\n\n\n\n<p>RADNO VRIJEME IZLO\u017dBE: utorak \u2013 petak od 9 do 17 sati, subota i nedjelja 9 do 13 sati, ponedjeljkom i praznikom zatvoreno<\/p>\n\n\n\n<p><br><br>Tehni\u010dki muzej Nikola Tesla<br>Savska cesta 18, Zagreb<br>01\/4844 050; <a href=\"mailto:marijo.zrna@tmnt.hr\">marijo.zrna@tmnt.hr<\/a><\/p>\n\n\n\n<hr class=\"wp-block-separator\"\/>\n\n\n\n<p>Izvor: <a href=\"https:\/\/tmnt.hr\/izlozba?id=8094\">https:\/\/tmnt.hr\/izlozba?id=8094<\/a><\/p>\n\n\n\n<hr class=\"wp-block-separator\"\/>\n","protected":false},"excerpt":{"rendered":"","protected":false},"author":2,"featured_media":25367,"comment_status":"open","ping_status":"open","sticky":false,"template":"","format":"standard","meta":{"_acf_changed":false,"jetpack_post_was_ever_published":false,"_jetpack_newsletter_access":"","_jetpack_dont_email_post_to_subs":false,"_jetpack_newsletter_tier_id":0,"_jetpack_memberships_contains_paywalled_content":false,"_jetpack_memberships_contains_paid_content":false,"footnotes":"","jetpack_publicize_message":"","jetpack_publicize_feature_enabled":true,"jetpack_social_post_already_shared":true,"jetpack_social_options":{"image_generator_settings":{"template":"highway","default_image_id":0,"font":"","enabled":false},"version":2}},"categories":[10,3],"tags":[],"class_list":["post-25366","post","type-post","status-publish","format-standard","has-post-thumbnail","hentry","category-izlozbe","category-novosti"],"acf":{"facebook_opis":""},"jetpack_publicize_connections":[],"jetpack_featured_media_url":"https:\/\/i0.wp.com\/historiografija.hr\/wp-content\/uploads\/2021\/03\/infrastruktura.png?fit=690%2C470&ssl=1","jetpack_sharing_enabled":true,"jetpack-related-posts":[],"_links":{"self":[{"href":"https:\/\/historiografija.hr\/index.php?rest_route=\/wp\/v2\/posts\/25366","targetHints":{"allow":["GET"]}}],"collection":[{"href":"https:\/\/historiografija.hr\/index.php?rest_route=\/wp\/v2\/posts"}],"about":[{"href":"https:\/\/historiografija.hr\/index.php?rest_route=\/wp\/v2\/types\/post"}],"author":[{"embeddable":true,"href":"https:\/\/historiografija.hr\/index.php?rest_route=\/wp\/v2\/users\/2"}],"replies":[{"embeddable":true,"href":"https:\/\/historiografija.hr\/index.php?rest_route=%2Fwp%2Fv2%2Fcomments&post=25366"}],"version-history":[{"count":2,"href":"https:\/\/historiografija.hr\/index.php?rest_route=\/wp\/v2\/posts\/25366\/revisions"}],"predecessor-version":[{"id":25369,"href":"https:\/\/historiografija.hr\/index.php?rest_route=\/wp\/v2\/posts\/25366\/revisions\/25369"}],"wp:featuredmedia":[{"embeddable":true,"href":"https:\/\/historiografija.hr\/index.php?rest_route=\/wp\/v2\/media\/25367"}],"wp:attachment":[{"href":"https:\/\/historiografija.hr\/index.php?rest_route=%2Fwp%2Fv2%2Fmedia&parent=25366"}],"wp:term":[{"taxonomy":"category","embeddable":true,"href":"https:\/\/historiografija.hr\/index.php?rest_route=%2Fwp%2Fv2%2Fcategories&post=25366"},{"taxonomy":"post_tag","embeddable":true,"href":"https:\/\/historiografija.hr\/index.php?rest_route=%2Fwp%2Fv2%2Ftags&post=25366"}],"curies":[{"name":"wp","href":"https:\/\/api.w.org\/{rel}","templated":true}]}}