{"id":25363,"date":"2021-03-11T18:23:43","date_gmt":"2021-03-11T18:23:43","guid":{"rendered":"http:\/\/historiografija.hr\/?p=25363"},"modified":"2021-03-11T18:23:43","modified_gmt":"2021-03-11T18:23:43","slug":"ivan-kovacic-u-posti-i-oko-nje","status":"publish","type":"post","link":"https:\/\/historiografija.hr\/?p=25363","title":{"rendered":"Ivan Kova\u010di\u0107, &#8220;U po\u0161ti i oko nje&#8221;"},"content":{"rendered":"\n<p>Rukopis Ivana Kova\u010di\u0107a <em>U po\u0161ti i oko nje<\/em> bilje\u017ei pojedinosti iz dru\u0161tvenog i politi\u010dkog \u017eivota Splita dvadesetih, tridesetih te ratnih i poratnih godina 20. stolje\u0107a.<\/p>\n\n\n\n<p>To je zavr\u0161ni dio autorove biografije, zapo\u010dete \u017eivotnom pri\u010dom iz njegova djetinjstva <em>Smij kroz suze<\/em>, a nastavljene zapisima iz Prvog svjetskog rata i zarobljeni\u0161tva u Italiji. Za razliku od ratnih zapisa u kojima je Kova\u010di\u0107 koristio standardni jezik, djelo <em>U po\u0161ti i oko nje<\/em> napisano je splitskom \u010dakav\u0161tinom, dok je autor radio najprije kao po\u0161tar, a potom kao ekonom po\u0161tanskog restorana u Splitu. Kroni\u010darevo kriti\u010dko pero oslikava i doga\u0111aje u splitskoj po\u0161ti tih godina pa se mo\u017ee smatrati i svojevrsnom povije\u0161\u0107u po\u0161te tog perioda. Tekst obiluje tipi\u010dnim humorom kojim se predstavio ve\u0107 u svojoj najpoznatijoj knjizi <em>Smij kroz suze<\/em>, a prema njegovu iskazu, poslu\u017eio je i kao kvas knji\u017eevniku Miljenku Smoji za njegovo knji\u017eevno stvarala\u0161tvo. U ovom je djelu jezik Ivana Kova\u010di\u0107a neobi\u010dno \u017eivopisan i zanimljiv. Nastao na razme\u0111u razli\u010ditih kultura i dr\u017eavnih tvorevina sadr\u017ei veliko bogatstvo ne samo starih hrvatskih izraza nego i brojnih romanizama, germanizama i turcizama koji su se u to vrijeme mogli \u010duti u Splitu.<\/p>\n\n\n\n<p>U prire\u0111ivanju teksta nastojalo se slijediti autenti\u010dni autorov izri\u010daj, pa odatle neke ortografske nedosljednosti: (pri \u2013 prid; \u010da\u010da \u2013 \u0107a\u0107a; \u010der \u2013 \u0107er; imam \u2013 iman; nam \u2013 nan; sobom \u2013 sobon\u2026).<\/p>\n\n\n\n<p>Ovi rukopisi do sada nisu objavljivani, osim u manjim fragmentima.<\/p>\n\n\n\n<hr class=\"wp-block-separator\"\/>\n\n\n\n<p>Izdava\u010d: V.B.Z. d.o.o<\/p>\n\n\n\n<p>Podru\u010dje: Proza<\/p>\n\n\n\n<p>Oznaka: biografija<\/p>\n\n\n\n<p>Jezik: Hrvatski<\/p>\n\n\n\n<p>Biblioteka: Biblioteka Spalatina<\/p>\n\n\n\n<p>Godina izdanja: 2021<\/p>\n\n\n\n<p>Broj stranica: 256<\/p>\n\n\n\n<hr class=\"wp-block-separator\"\/>\n\n\n\n<p>Izvor: <a href=\"https:\/\/www.vbz.hr\/book\/u-posti-i-oko-nje\/\">https:\/\/www.vbz.hr\/book\/u-posti-i-oko-nje\/<\/a><\/p>\n\n\n\n<hr class=\"wp-block-separator\"\/>\n\n\n\n<p>Dodatne informacije:<\/p>\n\n\n\n<p><a href=\"https:\/\/www.vbz.hr\/book\/grozote-rata\/\">https:\/\/www.vbz.hr\/book\/grozote-rata\/<\/a><\/p>\n\n\n\n<p><a href=\"https:\/\/www.vbz.hr\/book\/zarobljenistvo-i-bijeg\/\">https:\/\/www.vbz.hr\/book\/zarobljenistvo-i-bijeg\/<\/a><\/p>\n\n\n\n<hr class=\"wp-block-separator\"\/>\n","protected":false},"excerpt":{"rendered":"","protected":false},"author":2,"featured_media":25364,"comment_status":"open","ping_status":"open","sticky":false,"template":"","format":"standard","meta":{"_acf_changed":false,"jetpack_post_was_ever_published":false,"_jetpack_newsletter_access":"","_jetpack_dont_email_post_to_subs":false,"_jetpack_newsletter_tier_id":0,"_jetpack_memberships_contains_paywalled_content":false,"_jetpack_memberships_contains_paid_content":false,"footnotes":"","jetpack_publicize_message":"","jetpack_publicize_feature_enabled":true,"jetpack_social_post_already_shared":true,"jetpack_social_options":{"image_generator_settings":{"template":"highway","default_image_id":0,"font":"","enabled":false},"version":2}},"categories":[8,3],"tags":[],"class_list":["post-25363","post","type-post","status-publish","format-standard","has-post-thumbnail","hentry","category-knjige","category-novosti"],"acf":{"facebook_opis":""},"jetpack_publicize_connections":[],"jetpack_featured_media_url":"https:\/\/i0.wp.com\/historiografija.hr\/wp-content\/uploads\/2021\/03\/posta.jpg?fit=389%2C527&ssl=1","jetpack_sharing_enabled":true,"jetpack-related-posts":[],"_links":{"self":[{"href":"https:\/\/historiografija.hr\/index.php?rest_route=\/wp\/v2\/posts\/25363","targetHints":{"allow":["GET"]}}],"collection":[{"href":"https:\/\/historiografija.hr\/index.php?rest_route=\/wp\/v2\/posts"}],"about":[{"href":"https:\/\/historiografija.hr\/index.php?rest_route=\/wp\/v2\/types\/post"}],"author":[{"embeddable":true,"href":"https:\/\/historiografija.hr\/index.php?rest_route=\/wp\/v2\/users\/2"}],"replies":[{"embeddable":true,"href":"https:\/\/historiografija.hr\/index.php?rest_route=%2Fwp%2Fv2%2Fcomments&post=25363"}],"version-history":[{"count":1,"href":"https:\/\/historiografija.hr\/index.php?rest_route=\/wp\/v2\/posts\/25363\/revisions"}],"predecessor-version":[{"id":25365,"href":"https:\/\/historiografija.hr\/index.php?rest_route=\/wp\/v2\/posts\/25363\/revisions\/25365"}],"wp:featuredmedia":[{"embeddable":true,"href":"https:\/\/historiografija.hr\/index.php?rest_route=\/wp\/v2\/media\/25364"}],"wp:attachment":[{"href":"https:\/\/historiografija.hr\/index.php?rest_route=%2Fwp%2Fv2%2Fmedia&parent=25363"}],"wp:term":[{"taxonomy":"category","embeddable":true,"href":"https:\/\/historiografija.hr\/index.php?rest_route=%2Fwp%2Fv2%2Fcategories&post=25363"},{"taxonomy":"post_tag","embeddable":true,"href":"https:\/\/historiografija.hr\/index.php?rest_route=%2Fwp%2Fv2%2Ftags&post=25363"}],"curies":[{"name":"wp","href":"https:\/\/api.w.org\/{rel}","templated":true}]}}