{"id":25360,"date":"2021-03-11T17:45:13","date_gmt":"2021-03-11T17:45:13","guid":{"rendered":"http:\/\/historiografija.hr\/?p=25360"},"modified":"2021-03-11T17:45:13","modified_gmt":"2021-03-11T17:45:13","slug":"izlozba-fragmenti-obiteljskog-gospodarstva-istre","status":"publish","type":"post","link":"https:\/\/historiografija.hr\/?p=25360","title":{"rendered":"Izlo\u017eba &#8220;Fragmenti obiteljskog gospodarstva Istre&#8221;"},"content":{"rendered":"\n<p>U Etnografskom muzeju Istre prire\u0111ena je izlo\u017eba &#8220;Fragmenti obiteljskog gospodarstva Istre&#8221; \u010dije je otvorenje u \u010detvrtak 11. o\u017eujka 2021. u 18 sati u pazinskom Ka\u0161telu.<\/p>\n\n\n\n<p>Izlo\u017eba progovara\u00a0 o obitelji koja predstavlja bazi\u010dnu ljudsku zajednicu i nukleus dru\u0161tva povezuju\u0107i razli\u010dite generacije, unutar koje se definiraju odre\u0111ene uloge, koje \u0107e se kasnije tijekom \u017eivota mijenjati ili zadr\u017eavati ovisno o kulturnim, sociolo\u0161kim i biolo\u0161kim \u010dimbenicima pojedine dru\u0161tvene zajednice. Smatraju\u0107i tradicijske gospodarske grane neizostavnim egzistencijalnim elementom svake obitelji na izlo\u017ebi \u0107e biti prikazane radne uloge obiteljskih zajednica u 20-om stolje\u0107u kroz poljoprivredu i zemljoradnju, ribarstvo, vinarstvo i sto\u010darstvo na podru\u010dju Istre.<\/p>\n\n\n\n<hr class=\"wp-block-separator\"\/>\n\n\n\n<p>Autorica izlo\u017ebe: Ivona Orli\u0107<\/p>\n\n\n\n<p>Grafi\u010dko oblikovanje: KKA studio, Kristina Brajkovi\u0107<\/p>\n\n\n\n<p>Fotografija: Mirna Cvek \u0160pralja<\/p>\n\n\n\n<p>Video: Bartol i Frane Pekica<\/p>\n\n\n\n<hr class=\"wp-block-separator\"\/>\n\n\n\n<p>Vi\u0161e informacija o izlo\u017ebi: Ivona Orli\u0107<\/p>\n\n\n\n<p>\u00a0Mob. 091 938 7886<\/p>\n\n\n\n<hr class=\"wp-block-separator\"\/>\n\n\n\n<p>Kontakt:<\/p>\n\n\n\n<p>Etnografski muzej<\/p>\n\n\n\n<p>Trg Istarskog razvoda 1275. br. 1<\/p>\n\n\n\n<p>52000 Pazin<\/p>\n\n\n\n<p>t. 052 622 220<\/p>\n\n\n\n<hr class=\"wp-block-separator\"\/>\n\n\n\n<p>Izvori:<\/p>\n\n\n\n<p><a href=\"https:\/\/www.mdc.hr\/\">https:\/\/www.mdc.hr\/<\/a><\/p>\n\n\n\n<p><a href=\"https:\/\/www.emi.hr\/\">https:\/\/www.emi.hr\/<\/a><\/p>\n\n\n\n<hr class=\"wp-block-separator\"\/>\n","protected":false},"excerpt":{"rendered":"","protected":false},"author":2,"featured_media":25361,"comment_status":"open","ping_status":"open","sticky":false,"template":"","format":"standard","meta":{"_acf_changed":false,"jetpack_post_was_ever_published":false,"_jetpack_newsletter_access":"","_jetpack_dont_email_post_to_subs":false,"_jetpack_newsletter_tier_id":0,"_jetpack_memberships_contains_paywalled_content":false,"_jetpack_memberships_contains_paid_content":false,"footnotes":"","jetpack_publicize_message":"","jetpack_publicize_feature_enabled":true,"jetpack_social_post_already_shared":true,"jetpack_social_options":{"image_generator_settings":{"template":"highway","default_image_id":0,"font":"","enabled":false},"version":2}},"categories":[10,3],"tags":[],"class_list":["post-25360","post","type-post","status-publish","format-standard","has-post-thumbnail","hentry","category-izlozbe","category-novosti"],"acf":{"facebook_opis":""},"jetpack_publicize_connections":[],"jetpack_featured_media_url":"https:\/\/i0.wp.com\/historiografija.hr\/wp-content\/uploads\/2021\/03\/Fragmenti.jpg?fit=200%2C152&ssl=1","jetpack_sharing_enabled":true,"jetpack-related-posts":[],"_links":{"self":[{"href":"https:\/\/historiografija.hr\/index.php?rest_route=\/wp\/v2\/posts\/25360","targetHints":{"allow":["GET"]}}],"collection":[{"href":"https:\/\/historiografija.hr\/index.php?rest_route=\/wp\/v2\/posts"}],"about":[{"href":"https:\/\/historiografija.hr\/index.php?rest_route=\/wp\/v2\/types\/post"}],"author":[{"embeddable":true,"href":"https:\/\/historiografija.hr\/index.php?rest_route=\/wp\/v2\/users\/2"}],"replies":[{"embeddable":true,"href":"https:\/\/historiografija.hr\/index.php?rest_route=%2Fwp%2Fv2%2Fcomments&post=25360"}],"version-history":[{"count":1,"href":"https:\/\/historiografija.hr\/index.php?rest_route=\/wp\/v2\/posts\/25360\/revisions"}],"predecessor-version":[{"id":25362,"href":"https:\/\/historiografija.hr\/index.php?rest_route=\/wp\/v2\/posts\/25360\/revisions\/25362"}],"wp:featuredmedia":[{"embeddable":true,"href":"https:\/\/historiografija.hr\/index.php?rest_route=\/wp\/v2\/media\/25361"}],"wp:attachment":[{"href":"https:\/\/historiografija.hr\/index.php?rest_route=%2Fwp%2Fv2%2Fmedia&parent=25360"}],"wp:term":[{"taxonomy":"category","embeddable":true,"href":"https:\/\/historiografija.hr\/index.php?rest_route=%2Fwp%2Fv2%2Fcategories&post=25360"},{"taxonomy":"post_tag","embeddable":true,"href":"https:\/\/historiografija.hr\/index.php?rest_route=%2Fwp%2Fv2%2Ftags&post=25360"}],"curies":[{"name":"wp","href":"https:\/\/api.w.org\/{rel}","templated":true}]}}