{"id":25351,"date":"2021-03-10T15:50:50","date_gmt":"2021-03-10T15:50:50","guid":{"rendered":"http:\/\/historiografija.hr\/?p=25351"},"modified":"2021-03-10T15:50:51","modified_gmt":"2021-03-10T15:50:51","slug":"nova-publikacija-muzeja-grada-zagreba-knjiga-katalog-izlozbe-trnje-prostor-i-ljudi","status":"publish","type":"post","link":"https:\/\/historiografija.hr\/?p=25351","title":{"rendered":"Nova publikacija Muzeja grada Zagreba, knjiga \/ katalog izlo\u017ebe Trnje \u2013 prostor i ljudi"},"content":{"rendered":"\n<p>U sklopu projekta Zagreba\u010dki kvartovi, Muzej grada Zagreba objavio je novu publikaciju, knjigu \/ katalog izlo\u017ebe Trnje \u2013 prostor i ljudi.<\/p>\n\n\n\n<p>Projekt je zapo\u010deo 2009. godine. Nakon Trnskog (2009.-2010.), Dubrave (2011.-2012.) i Maksimira (2013.-2014.), u \u010detvrtoj dionici projekta (2017.-2020.) istra\u017eivali smo i studijskim izlo\u017ebama predstavili Tre\u0161njevku, a potom Trnje.<\/p>\n\n\n\n<p>Proteklih desetak godina na\u0161 je pristup istra\u017eivanju zagreba\u010dkih kvartova postao prepoznatljiv. Uli\u010dne izlo\u017ebe najavljuju pojedinu dionicu projekta, preko njih stupamo u kontakt s gra\u0111anima od kojih prikupljamo svjedo\u010danstva o \u017eivotu u kvartu i gra\u0111u iz obiteljskih albuma, a zatim istra\u017eujemo povijesne izvore. Prikupljenu gra\u0111u, zajedno s gra\u0111om iz ba\u0161tinskih institucija &#8211; prije svega iz bogatog fundusa Muzeja grada Zagreba &#8211; objedinjujemo na studijskim izlo\u017ebama.<\/p>\n\n\n\n<p>Teme zastupljene na studijskoj izlo\u017ebi Trnje &#8211; prostor i ljudi, postavljenoj u Muzeju grada Zagreba 2018. godine, dodatno smo istra\u017eili te ih objedinili u istoimenoj publikaciji. Historiografski pogled na procese modernizacije, prostornog razvoja i industrije te analiti\u010dki prikazi socijalne strukture, kulturnih politika, svakodnevice i lokalnih fenomena \u2013 zastupljeni u pet poglavlja \u2013 prepli\u0107u se s kazivanjima stanovnika Trnja u poku\u0161aju stvaranja cjelovite slike o razvoju tog dijela grada.&nbsp; &nbsp;<\/p>\n\n\n\n<p>Knjigu \/ katalog studijske izlo\u017ebe Trnje &#8211; prostor i ljudi, bogato opremljenu fotografijama, mo\u017eete kupiti u Muzeju grada Zagreba po cijeni od 100 kuna.<\/p>\n\n\n\n<p>Voditelj projekta i urednik publikacije: Kristian Struki\u0107<\/p>\n\n\n\n<p>Autori tekstova publikacije: Tomislav Ani\u0107, Ivan Mlinar, Kristian Struki\u0107, Marko Zubak<\/p>\n\n\n\n<p>Dizajn publikacije: Igor Kuduz<\/p>\n\n\n\n<hr class=\"wp-block-separator\"\/>\n\n\n\n<p>Izvor: <a href=\"http:\/\/www.mgz.hr\/hr\/ostalo\/nova-publikacija-muzeja-grada-zagreba-knjiga-_-katalog-izlozbe-trnje--,3358.html\">http:\/\/www.mgz.hr\/hr\/ostalo\/nova-publikacija-muzeja-grada-zagreba-knjiga-_-katalog-izlozbe-trnje&#8211;,3358.html<\/a><\/p>\n\n\n\n<hr class=\"wp-block-separator\"\/>\n","protected":false},"excerpt":{"rendered":"","protected":false},"author":2,"featured_media":25352,"comment_status":"open","ping_status":"open","sticky":false,"template":"","format":"standard","meta":{"_acf_changed":false,"jetpack_post_was_ever_published":false,"_jetpack_newsletter_access":"","_jetpack_dont_email_post_to_subs":false,"_jetpack_newsletter_tier_id":0,"_jetpack_memberships_contains_paywalled_content":false,"_jetpack_memberships_contains_paid_content":false,"footnotes":"","jetpack_publicize_message":"","jetpack_publicize_feature_enabled":true,"jetpack_social_post_already_shared":true,"jetpack_social_options":{"image_generator_settings":{"template":"highway","default_image_id":0,"font":"","enabled":false},"version":2}},"categories":[8,3],"tags":[],"class_list":["post-25351","post","type-post","status-publish","format-standard","has-post-thumbnail","hentry","category-knjige","category-novosti"],"acf":{"facebook_opis":""},"jetpack_publicize_connections":[],"jetpack_featured_media_url":"https:\/\/i0.wp.com\/historiografija.hr\/wp-content\/uploads\/2021\/03\/Trnje-scaled.jpg?fit=1918%2C2560&ssl=1","jetpack_sharing_enabled":true,"jetpack-related-posts":[],"_links":{"self":[{"href":"https:\/\/historiografija.hr\/index.php?rest_route=\/wp\/v2\/posts\/25351","targetHints":{"allow":["GET"]}}],"collection":[{"href":"https:\/\/historiografija.hr\/index.php?rest_route=\/wp\/v2\/posts"}],"about":[{"href":"https:\/\/historiografija.hr\/index.php?rest_route=\/wp\/v2\/types\/post"}],"author":[{"embeddable":true,"href":"https:\/\/historiografija.hr\/index.php?rest_route=\/wp\/v2\/users\/2"}],"replies":[{"embeddable":true,"href":"https:\/\/historiografija.hr\/index.php?rest_route=%2Fwp%2Fv2%2Fcomments&post=25351"}],"version-history":[{"count":1,"href":"https:\/\/historiografija.hr\/index.php?rest_route=\/wp\/v2\/posts\/25351\/revisions"}],"predecessor-version":[{"id":25353,"href":"https:\/\/historiografija.hr\/index.php?rest_route=\/wp\/v2\/posts\/25351\/revisions\/25353"}],"wp:featuredmedia":[{"embeddable":true,"href":"https:\/\/historiografija.hr\/index.php?rest_route=\/wp\/v2\/media\/25352"}],"wp:attachment":[{"href":"https:\/\/historiografija.hr\/index.php?rest_route=%2Fwp%2Fv2%2Fmedia&parent=25351"}],"wp:term":[{"taxonomy":"category","embeddable":true,"href":"https:\/\/historiografija.hr\/index.php?rest_route=%2Fwp%2Fv2%2Fcategories&post=25351"},{"taxonomy":"post_tag","embeddable":true,"href":"https:\/\/historiografija.hr\/index.php?rest_route=%2Fwp%2Fv2%2Ftags&post=25351"}],"curies":[{"name":"wp","href":"https:\/\/api.w.org\/{rel}","templated":true}]}}