{"id":25341,"date":"2021-03-10T15:25:43","date_gmt":"2021-03-10T15:25:43","guid":{"rendered":"http:\/\/historiografija.hr\/?p=25341"},"modified":"2022-07-15T14:01:33","modified_gmt":"2022-07-15T14:01:33","slug":"predstavljanje-casopisa-bascina","status":"publish","type":"post","link":"https:\/\/historiografija.hr\/?p=25341","title":{"rendered":"Predstavljanje \u010dasopisa \u201cBa\u0161\u0107ina\u201d"},"content":{"rendered":"\n<p>Nadbiskupijski pastoralni institut i Dru\u0161tvo prijatelja glagoljice u sklopu projekta &#8220;Hrvatska glagolja\u0161ka ba\u0161tina&#8221; organiziraju predstavljanje \u010dasopisa \u201cBa\u0161\u0107ina\u201d u dvorani &#8220;Vijenac&#8221; Nadbiskupijskoga pastoralnog instituta u Zagrebu (Kaptol 29a) u srijedu, 10. o\u017eujka 2021. u 19 sati.<\/p>\n\n\n\n<hr class=\"wp-block-separator\"\/>\n\n\n\n<p>Predstavljanje \u010dasopisa \u2018\u2019Ba\u0161\u0107ina\u2019\u2019 odr\u017eat \u0107e akademik Stjepan Damjanovi\u0107 i izv. prof. dr. sc. Tomislav Galovi\u0107.<\/p>\n\n\n\n<hr class=\"wp-block-separator\"\/>\n\n\n\n<div class=\"wp-block-file\"><a href=\"https:\/\/historiografija.hr\/wp-content\/uploads\/2021\/03\/Tribina-10.03.-plakat.pdf\">Tribina-10.03.-plakat<\/a><a href=\"https:\/\/historiografija.hr\/wp-content\/uploads\/2021\/03\/Tribina-10.03.-plakat.pdf\" class=\"wp-block-file__button\" download>Preuzmi<\/a><\/div>\n\n\n\n<hr class=\"wp-block-separator\"\/>\n\n\n\n<div class=\"wp-block-file\"><a href=\"https:\/\/historiografija.hr\/wp-content\/uploads\/2021\/03\/Naslovnice-1-20.pdf\">Naslovnice-1-20<\/a><a href=\"https:\/\/historiografija.hr\/wp-content\/uploads\/2021\/03\/Naslovnice-1-20.pdf\" class=\"wp-block-file__button\" download>Preuzmi<\/a><\/div>\n\n\n\n<hr class=\"wp-block-separator\"\/>\n","protected":false},"excerpt":{"rendered":"","protected":false},"author":2,"featured_media":25344,"comment_status":"open","ping_status":"open","sticky":false,"template":"","format":"standard","meta":{"_acf_changed":false,"jetpack_post_was_ever_published":false,"_jetpack_newsletter_access":"","_jetpack_dont_email_post_to_subs":false,"_jetpack_newsletter_tier_id":0,"_jetpack_memberships_contains_paywalled_content":false,"_jetpack_memberships_contains_paid_content":false,"footnotes":"","jetpack_publicize_message":"","jetpack_publicize_feature_enabled":true,"jetpack_social_post_already_shared":true,"jetpack_social_options":{"image_generator_settings":{"template":"highway","default_image_id":0,"font":"","enabled":false},"version":2}},"categories":[21,3],"tags":[],"class_list":["post-25341","post","type-post","status-publish","format-standard","has-post-thumbnail","hentry","category-casopisi","category-novosti"],"acf":{"facebook_opis":""},"jetpack_publicize_connections":[],"jetpack_featured_media_url":"https:\/\/i0.wp.com\/historiografija.hr\/wp-content\/uploads\/2021\/03\/gbastina.jpg?fit=600%2C400&ssl=1","jetpack_sharing_enabled":true,"jetpack-related-posts":[],"_links":{"self":[{"href":"https:\/\/historiografija.hr\/index.php?rest_route=\/wp\/v2\/posts\/25341","targetHints":{"allow":["GET"]}}],"collection":[{"href":"https:\/\/historiografija.hr\/index.php?rest_route=\/wp\/v2\/posts"}],"about":[{"href":"https:\/\/historiografija.hr\/index.php?rest_route=\/wp\/v2\/types\/post"}],"author":[{"embeddable":true,"href":"https:\/\/historiografija.hr\/index.php?rest_route=\/wp\/v2\/users\/2"}],"replies":[{"embeddable":true,"href":"https:\/\/historiografija.hr\/index.php?rest_route=%2Fwp%2Fv2%2Fcomments&post=25341"}],"version-history":[{"count":4,"href":"https:\/\/historiografija.hr\/index.php?rest_route=\/wp\/v2\/posts\/25341\/revisions"}],"predecessor-version":[{"id":25348,"href":"https:\/\/historiografija.hr\/index.php?rest_route=\/wp\/v2\/posts\/25341\/revisions\/25348"}],"wp:featuredmedia":[{"embeddable":true,"href":"https:\/\/historiografija.hr\/index.php?rest_route=\/wp\/v2\/media\/25344"}],"wp:attachment":[{"href":"https:\/\/historiografija.hr\/index.php?rest_route=%2Fwp%2Fv2%2Fmedia&parent=25341"}],"wp:term":[{"taxonomy":"category","embeddable":true,"href":"https:\/\/historiografija.hr\/index.php?rest_route=%2Fwp%2Fv2%2Fcategories&post=25341"},{"taxonomy":"post_tag","embeddable":true,"href":"https:\/\/historiografija.hr\/index.php?rest_route=%2Fwp%2Fv2%2Ftags&post=25341"}],"curies":[{"name":"wp","href":"https:\/\/api.w.org\/{rel}","templated":true}]}}