{"id":25334,"date":"2021-03-09T23:13:17","date_gmt":"2021-03-09T23:13:17","guid":{"rendered":"http:\/\/historiografija.hr\/?p=25334"},"modified":"2021-03-09T23:13:17","modified_gmt":"2021-03-09T23:13:17","slug":"viktor-e-frankl-odgovoriti-zivotu-autobiografija","status":"publish","type":"post","link":"https:\/\/historiografija.hr\/?p=25334","title":{"rendered":"Viktor E. Frankl, \u201cOdgovoriti \u017eivotu. Autobiografija\u201d"},"content":{"rendered":"\n<p>Franklovo svjedo\u010danstvo iz Auschwitza dirnulo je milijune \u010ditatelja. Ali, kako je tekao njegov \u017eivot nakon toga? Tko je \u010dovjek koji stoji iza tih knjiga? U ovoj autobiografiji svjetski poznati psihijatar pri\u010da o iskustvima koja su ga potakla na istra\u017eivanja sposobnosti suo\u010davanja s krizama i problemima te u\u010dinila utemeljiteljem psihoterapije usmjerene na tra\u017eenje smisla ljudske egzistencije: njegova \u017eidovska roditeljska ku\u0107a, rani doticaji sa Sigmundom Freudom i Alfredom Adlerom, njegov rad s mladima u krizama u kojima pomi\u0161ljaju na samoubojstvo, njegovo protivljenje eutanaziji u vrijeme nacizma, politi\u010dke posljedice. Izlazak iz logora i povratak u Be\u010d, gdje je proveo ostatak \u017eivota.<br><br>Fotografije iz obiteljske arhive nadopunjuju sje\u0107anja Viktora E. Frankla, koji unato\u010d gubicima i patnji koje je pro\u017eivio nije izgubio vjeru u dobro u \u010dovjeku.<\/p>\n\n\n\n<hr class=\"wp-block-separator\"\/>\n\n\n\n<p>Izvor:<\/p>\n\n\n\n<p><a href=\"https:\/\/www.nakladaslap.com\/knjige\/pregled\/a6617cc6c5bfd430b87a2e9329520c539\">https:\/\/www.nakladaslap.com\/knjige\/pregled\/a6617cc6c5bfd430b87a2e9329520c539<\/a><\/p>\n\n\n\n<hr class=\"wp-block-separator\"\/>\n","protected":false},"excerpt":{"rendered":"","protected":false},"author":2,"featured_media":25335,"comment_status":"open","ping_status":"open","sticky":false,"template":"","format":"standard","meta":{"_acf_changed":false,"jetpack_post_was_ever_published":false,"_jetpack_newsletter_access":"","_jetpack_dont_email_post_to_subs":false,"_jetpack_newsletter_tier_id":0,"_jetpack_memberships_contains_paywalled_content":false,"_jetpack_memberships_contains_paid_content":false,"footnotes":"","jetpack_publicize_message":"","jetpack_publicize_feature_enabled":true,"jetpack_social_post_already_shared":true,"jetpack_social_options":{"image_generator_settings":{"template":"highway","default_image_id":0,"font":"","enabled":false},"version":2}},"categories":[8,3],"tags":[],"class_list":["post-25334","post","type-post","status-publish","format-standard","has-post-thumbnail","hentry","category-knjige","category-novosti"],"acf":{"facebook_opis":""},"jetpack_publicize_connections":[],"jetpack_featured_media_url":"https:\/\/i0.wp.com\/historiografija.hr\/wp-content\/uploads\/2021\/03\/odgovoriti-zivotu.jpg?fit=570%2C678&ssl=1","jetpack_sharing_enabled":true,"jetpack-related-posts":[],"_links":{"self":[{"href":"https:\/\/historiografija.hr\/index.php?rest_route=\/wp\/v2\/posts\/25334","targetHints":{"allow":["GET"]}}],"collection":[{"href":"https:\/\/historiografija.hr\/index.php?rest_route=\/wp\/v2\/posts"}],"about":[{"href":"https:\/\/historiografija.hr\/index.php?rest_route=\/wp\/v2\/types\/post"}],"author":[{"embeddable":true,"href":"https:\/\/historiografija.hr\/index.php?rest_route=\/wp\/v2\/users\/2"}],"replies":[{"embeddable":true,"href":"https:\/\/historiografija.hr\/index.php?rest_route=%2Fwp%2Fv2%2Fcomments&post=25334"}],"version-history":[{"count":1,"href":"https:\/\/historiografija.hr\/index.php?rest_route=\/wp\/v2\/posts\/25334\/revisions"}],"predecessor-version":[{"id":25336,"href":"https:\/\/historiografija.hr\/index.php?rest_route=\/wp\/v2\/posts\/25334\/revisions\/25336"}],"wp:featuredmedia":[{"embeddable":true,"href":"https:\/\/historiografija.hr\/index.php?rest_route=\/wp\/v2\/media\/25335"}],"wp:attachment":[{"href":"https:\/\/historiografija.hr\/index.php?rest_route=%2Fwp%2Fv2%2Fmedia&parent=25334"}],"wp:term":[{"taxonomy":"category","embeddable":true,"href":"https:\/\/historiografija.hr\/index.php?rest_route=%2Fwp%2Fv2%2Fcategories&post=25334"},{"taxonomy":"post_tag","embeddable":true,"href":"https:\/\/historiografija.hr\/index.php?rest_route=%2Fwp%2Fv2%2Ftags&post=25334"}],"curies":[{"name":"wp","href":"https:\/\/api.w.org\/{rel}","templated":true}]}}