{"id":25331,"date":"2021-03-09T23:06:33","date_gmt":"2021-03-09T23:06:33","guid":{"rendered":"http:\/\/historiografija.hr\/?p=25331"},"modified":"2021-03-09T23:07:02","modified_gmt":"2021-03-09T23:07:02","slug":"daniel-kehlmann-roman-tyll","status":"publish","type":"post","link":"https:\/\/historiografija.hr\/?p=25331","title":{"rendered":"Daniel Kehlmann, roman &#8220;Tyll&#8221;"},"content":{"rendered":"\n<p>On je varalica, putuju\u0107i zabavlja\u010d, lakrdija\u0161. Rukovanje mu je poput pakta s vragom, osmijeh poput pukotine u oblacima; on vas sada promatra, a kad se okrenete \u2013 vi\u0161e ga nema. On je Tyll Ulenspiegel!<\/p>\n\n\n\n<p>U romanu <em>Tyll<\/em> Daniel Kehlmann legendarnog njema\u010dkog junaka uvodi na pozornicu Tridesetogodi\u0161njeg rata i svojim izvanrednim pripovjeda\u010dkim darom potvr\u0111uje mo\u0107 umjetnosti nad besmislenom brutalno\u0161\u0107u povijesti. Kehlmannov Ulenspiegel ro\u0111en je kao mlinarov sin u malom selu po\u010detkom 17. stolje\u0107a. Kad Crkva otkrije tajno zanimanje njegova oca za alkemiju i magiju, Tyll je prisiljen pobje\u0107i, a pekarova k\u0107i Nele ga prati. Na putu kroz kontinent razoren religijskim ratovima susre\u0107e mnoge ljude, obi\u010dan puk, ali i znamenite povijesne li\u010dnosti: od \u017eonglera Pirmina i la\u017enog jezuitskog u\u010denjaka do prognanih \u010de\u0161kog kralja Fridrika i kraljice Elizabete.<\/p>\n\n\n\n<p><br>Makabristi\u010dnim humorom i dirljivom humano\u0161\u0107u Daniel Kehlmann, svjetski proslavljen autor uspje\u0161nica <em>Mjerenje svijeta<\/em>, <em>Slava<\/em> i <em>F<\/em>, ispisuje izniman suvremeni povijesni roman. <em>Tyll<\/em> je o\u010daravaju\u0107a pustolovina lakrdija\u0161a koji razotkriva ludost kraljeva i mudrost budala \u2013 pri\u010da o razaranju i zavodljivoj odluci umjetnika da nikada ne umre.<\/p>\n\n\n\n<hr class=\"wp-block-separator\"\/>\n\n\n\n<p>\u201cMajstorsko postignu\u0107e, djelo goleme ma\u0161te i potpune umjetni\u010dke kontrole.\u201d \u2013 Ian McEwan<\/p>\n\n\n\n<p>\u201c<em>Tyll<\/em> je briljantan i nezaobilazan roman. Kehlmann je istinski nastavlja\u010d njema\u010dke pripovjeda\u010dke tradicije koja se\u017ee sve do bra\u0107e Grimm, pa \u010dak i dalje, a u legendarnom \u0161aljivom liku Tylla Ulenspiegela prona\u0161ao je svog savr\u0161enog avatara.\u201d \u2013 Salman Rushdie<\/p>\n\n\n\n<p>\u201c<em>Tyll<\/em> je veli\u010danstvena pri\u010da&#8230; U ovom izvrsno napisanom romanu Kehlmann se spretno kre\u0107e kroz najmra\u010dnija ljudska iskustva. Rezultat je \u010daroban spomen na bezimene du\u0161e izgubljene u za\u010daranoj europskoj pro\u0161losti, \u010diji se \u0161apat najbolje \u010duje u mitovima.\u201d \u2013 <em>The New York Times<\/em><\/p>\n\n\n\n<p>\u201cNajbolji Kehlmannov roman&#8230; Duboko potresan, \u017eivotan, brutalan, \u010dudesno bezrezervan, moderan, romanti\u010dan njema\u010dki ep&#8230; <em>Tyll<\/em> je Kehlmannova pobjeda nad povije\u0161\u0107u, njegov povijesni trijumf.\u201d \u2013 <em>Der Spiegel<\/em><\/p>\n\n\n\n<p>\u201cKehlmann je jezi\u010dni ma\u0111ioni\u010dar. Omogu\u0107ava \u010ditatelju da osjeti, nanju\u0161i i okusi Tridesetogodi\u0161nji rat. Njegova je pri\u010da prljava, vla\u017ena i hladna, smrdi na kugu, smrt i propast \u2013 a unato\u010d tome toliko je \u017eivotna i krajnje duhovita.\u201d \u2013 <em>ZDF \u201cHeute Journal\u201d<\/em><\/p>\n\n\n\n<p>\u201c\u010cudesno ma\u0161tovita&#8230; U nezaboravnom Kehlmannovu lakrdija\u0161u nalazimo sliku \u010dovje\u010danstva u svem njegovu ludilu i razmetljivom ponosu.\u201d \u2013 <em>The Wall Street Journal<\/em><\/p>\n\n\n\n<p>\u201cKehlmann je na vrhuncu svoje igre.\u201d \u2013 <em>The Times<\/em><\/p>\n\n\n\n<p>\u201cKehlmannova ma\u0161ta ide duboko i divlje. Putuje sa strujanjima povijesti, u njezinim ciklusima brutalnosti i nasilja, pose\u017ee u na\u0161u vlastitu samo\u0107u i ti\u0161inu; dozivaju\u0107i nas, leti daleko i visoko, i odjekuje snagom mita.\u201d \u2013 Valeria Luiselli<\/p>\n\n\n\n<hr class=\"wp-block-separator\"\/>\n\n\n\n<p>Jezik izvornika: njema\u010dki<\/p>\n\n\n\n<p>Prijevod: Snje\u017eana Bo\u017ein<\/p>\n\n\n\n<p>Broj stranica: 304<\/p>\n\n\n\n<p>Datum izdanja: listopad 2020.<\/p>\n\n\n\n<p>ISBN: 978-953358251-1<\/p>\n\n\n\n<p>Naslov izvornika: Tyll<\/p>\n\n\n\n<hr class=\"wp-block-separator\"\/>\n\n\n\n<p>Izvor: <a href=\"https:\/\/fraktura.hr\/tyll.html\">https:\/\/fraktura.hr\/tyll.html<\/a><\/p>\n\n\n\n<hr class=\"wp-block-separator\"\/>\n","protected":false},"excerpt":{"rendered":"","protected":false},"author":2,"featured_media":25333,"comment_status":"open","ping_status":"open","sticky":false,"template":"","format":"standard","meta":{"_acf_changed":false,"jetpack_post_was_ever_published":false,"_jetpack_newsletter_access":"","_jetpack_dont_email_post_to_subs":false,"_jetpack_newsletter_tier_id":0,"_jetpack_memberships_contains_paywalled_content":false,"_jetpack_memberships_contains_paid_content":false,"footnotes":"","jetpack_publicize_message":"","jetpack_publicize_feature_enabled":true,"jetpack_social_post_already_shared":true,"jetpack_social_options":{"image_generator_settings":{"template":"highway","default_image_id":0,"font":"","enabled":false},"version":2}},"categories":[3,12],"tags":[],"class_list":["post-25331","post","type-post","status-publish","format-standard","has-post-thumbnail","hentry","category-novosti","category-knjizevnost"],"acf":{"facebook_opis":""},"jetpack_publicize_connections":[],"jetpack_featured_media_url":"https:\/\/i0.wp.com\/historiografija.hr\/wp-content\/uploads\/2021\/03\/tyll-scaled.jpg?fit=1717%2C2560&ssl=1","jetpack_sharing_enabled":true,"jetpack-related-posts":[],"_links":{"self":[{"href":"https:\/\/historiografija.hr\/index.php?rest_route=\/wp\/v2\/posts\/25331","targetHints":{"allow":["GET"]}}],"collection":[{"href":"https:\/\/historiografija.hr\/index.php?rest_route=\/wp\/v2\/posts"}],"about":[{"href":"https:\/\/historiografija.hr\/index.php?rest_route=\/wp\/v2\/types\/post"}],"author":[{"embeddable":true,"href":"https:\/\/historiografija.hr\/index.php?rest_route=\/wp\/v2\/users\/2"}],"replies":[{"embeddable":true,"href":"https:\/\/historiografija.hr\/index.php?rest_route=%2Fwp%2Fv2%2Fcomments&post=25331"}],"version-history":[{"count":1,"href":"https:\/\/historiografija.hr\/index.php?rest_route=\/wp\/v2\/posts\/25331\/revisions"}],"predecessor-version":[{"id":25332,"href":"https:\/\/historiografija.hr\/index.php?rest_route=\/wp\/v2\/posts\/25331\/revisions\/25332"}],"wp:featuredmedia":[{"embeddable":true,"href":"https:\/\/historiografija.hr\/index.php?rest_route=\/wp\/v2\/media\/25333"}],"wp:attachment":[{"href":"https:\/\/historiografija.hr\/index.php?rest_route=%2Fwp%2Fv2%2Fmedia&parent=25331"}],"wp:term":[{"taxonomy":"category","embeddable":true,"href":"https:\/\/historiografija.hr\/index.php?rest_route=%2Fwp%2Fv2%2Fcategories&post=25331"},{"taxonomy":"post_tag","embeddable":true,"href":"https:\/\/historiografija.hr\/index.php?rest_route=%2Fwp%2Fv2%2Ftags&post=25331"}],"curies":[{"name":"wp","href":"https:\/\/api.w.org\/{rel}","templated":true}]}}