{"id":25328,"date":"2021-03-08T17:08:00","date_gmt":"2021-03-08T17:08:00","guid":{"rendered":"http:\/\/historiografija.hr\/?p=25328"},"modified":"2021-03-09T22:57:14","modified_gmt":"2021-03-09T22:57:14","slug":"aleksandar-pavlovic-imaginarni-albanac-simbolika-kosova-i-figura-albanaca-u-srpskoj-kulturi","status":"publish","type":"post","link":"https:\/\/historiografija.hr\/?p=25328","title":{"rendered":"Aleksandar Pavlovi\u0107, \u201cImaginarni Albanac: simbolika Kosova i figura Albanaca u srpskoj kulturi\u201d"},"content":{"rendered":"\n<p>Institut za filozofiju i dru\u0161tvenu teoriju u Beogradu objavio je 2019. godine knjigu Aleksandra Pavlovi\u0107a \u201cImaginarni Albanac: simbolika Kosova i figura Albanaca u srpskoj kulturi\u201d. O knjizi je na portalu Povcast.hr upravo pisao Sa\u0161a Vukovi\u0107, a upu\u0107ujemo i na recentne odjeke u srpskoj javnosti.<\/p>\n\n\n\n<hr class=\"wp-block-separator\"\/>\n\n\n\n<p>Aleksandar Pavlovi\u0107<br>IMAGINARNI ALBANAC: SIMBOLIKA KOSOVA I FIGURA ALBANCA U SRPSKOJ KULTURI<\/p>\n\n\n\n<p>Izdava\u010d: Institut za filozofiju i dru\u0161tvenu teoriju<br>Biblioteka: Prudentia<\/p>\n\n\n\n<p>Recenzenti:<br>Dr Vladan Jovanovi\u0107<br>Dr Sr\u0111an Atanasovski<br>Dr Milivoj Be\u0161lin<\/p>\n\n\n\n<figure class=\"wp-block-embed-wordpress wp-block-embed is-type-wp-embed is-provider-serbian-albanian-friendship\"><div class=\"wp-block-embed__wrapper\">\n<blockquote class=\"wp-embedded-content\" data-secret=\"cbb9k6zuwx\"><a href=\"https:\/\/srb-al.emins.org\/imaginarni-albanac\/\">Imaginarni Albanac<\/a><\/blockquote><iframe loading=\"lazy\" class=\"wp-embedded-content\" sandbox=\"allow-scripts\" security=\"restricted\" style=\"position: absolute; clip: rect(1px, 1px, 1px, 1px);\" title=\"&#132;Imaginarni Albanac&#147; &#8212; Serbian Albanian Friendship\" src=\"https:\/\/srb-al.emins.org\/imaginarni-albanac\/embed\/#?secret=cbb9k6zuwx\" data-secret=\"cbb9k6zuwx\" width=\"600\" height=\"338\" frameborder=\"0\" marginwidth=\"0\" marginheight=\"0\" scrolling=\"no\"><\/iframe>\n<\/div><\/figure>\n\n\n\n<hr class=\"wp-block-separator\"\/>\n\n\n\n<p>Kosovski Kulturkampf \u2013 Milo\u0161 Obili\u0107 ili Mirosh Kopiliq?<\/p>\n\n\n\n<p><strong>Hobsbawmov koncept izmi\u0161ljanja nacionalne tradicije na Kosovom polju<\/strong><\/p>\n\n\n\n<p>Sa\u0161a Vukovi\u0107 &#8211; 02\/03\/2021<\/p>\n\n\n\n<p><strong>Aleksandar Pavlovi\u0107: Imaginarni Albanac<\/strong><\/p>\n\n\n\n<figure class=\"wp-block-embed-wordpress wp-block-embed is-type-wp-embed is-provider-povcast-hr\"><div class=\"wp-block-embed__wrapper\">\n<blockquote class=\"wp-embedded-content\" data-secret=\"yj30hWyKQK\"><a href=\"https:\/\/povcast.hr\/kosovski-kulturkampf-milos-obilic-ili-mirosh-kopiliq\/\">Kosovski Kulturkampf \u2013 Milo\u0161 Obili\u0107 ili Mirosh Kopiliq?<\/a><\/blockquote><iframe loading=\"lazy\" class=\"wp-embedded-content\" sandbox=\"allow-scripts\" security=\"restricted\" style=\"position: absolute; clip: rect(1px, 1px, 1px, 1px);\" title=\"&#8220;Kosovski Kulturkampf \u2013 Milo\u0161 Obili\u0107 ili Mirosh Kopiliq?&#8221; &#8212; Povcast.hr\" src=\"https:\/\/povcast.hr\/kosovski-kulturkampf-milos-obilic-ili-mirosh-kopiliq\/embed\/#?secret=yj30hWyKQK\" data-secret=\"yj30hWyKQK\" width=\"600\" height=\"338\" frameborder=\"0\" marginwidth=\"0\" marginheight=\"0\" scrolling=\"no\"><\/iframe>\n<\/div><\/figure>\n\n\n\n<hr class=\"wp-block-separator\"\/>\n\n\n\n<p><strong>Kako govoriti o\u2026 Albancu?<\/strong><\/p>\n\n\n\n<p>Adriana Zaharijevi\u0107<\/p>\n\n\n\n<p>Pe\u0161\u010danik<\/p>\n\n\n\n<p>22\/02\/2021<\/p>\n\n\n\n<p>Prikaz knjige Aleksandra Pavlovi\u0107a \u201eImaginarni Albanac: Simbolika Kosova i figura Albanca u srpskoj kulturi\u201c, Institut za filozofiju i dru\u0161tvenu teoriju, 2019.<\/p>\n\n\n\n<figure class=\"wp-block-embed-wordpress wp-block-embed is-type-wp-embed is-provider-pescanik\"><div class=\"wp-block-embed__wrapper\">\n<blockquote class=\"wp-embedded-content\" data-secret=\"Sizx4wJzPi\"><a href=\"https:\/\/pescanik.net\/kako-govoriti-o-albancu\/\">Kako govoriti o\u2026 Albancu?<\/a><\/blockquote><iframe loading=\"lazy\" class=\"wp-embedded-content\" sandbox=\"allow-scripts\" security=\"restricted\" style=\"position: absolute; clip: rect(1px, 1px, 1px, 1px);\" title=\"&#8220;Kako govoriti o\u2026 Albancu?&#8221; &#8212; Pe\u0161\u010danik\" src=\"https:\/\/pescanik.net\/kako-govoriti-o-albancu\/embed\/#?secret=Sizx4wJzPi\" data-secret=\"Sizx4wJzPi\" width=\"600\" height=\"338\" frameborder=\"0\" marginwidth=\"0\" marginheight=\"0\" scrolling=\"no\"><\/iframe>\n<\/div><\/figure>\n\n\n\n<hr class=\"wp-block-separator\"\/>\n\n\n\n<p><strong>Albanci u srpskoj kulturi: Od junaka do neprijatelja<\/strong><\/p>\n\n\n\n<p>Govor neprijateljstva prema Albancima u srpskoj kulturi stvara se intenzivno posle Berlinskog kongresa, dok su ranije prevladavala pozitivna mi\u0161ljenja o Albancima kao junacima i onima koji su sli\u010dni Srbima i Crnogorcima, objasnio je gostuju\u0107i u Pregledu dana News Max Adria Aleksandar Pavlovi\u0107 sa Instituta za filozofiju i dru\u0161tvenu teoriju i pisac knjige &#8220;Imaginarni Albanac: Simbolika Kosova i figura Albanca u srpskoj kulturi&#8221;.<\/p>\n\n\n\n<p>03\/03\/2021<\/p>\n\n\n\n<figure class=\"wp-block-embed-wordpress wp-block-embed is-type-wp-embed is-provider-nova-portal\"><div class=\"wp-block-embed__wrapper\">\n<blockquote class=\"wp-embedded-content\" data-secret=\"7dIMTTPDYH\"><a href=\"https:\/\/nova.rs\/emisije\/albanci-u-srpskoj-kulturi-od-junaka-do-neprijatelja\/\">Albanci u srpskoj kulturi: Od junaka do neprijatelja<\/a><\/blockquote><iframe loading=\"lazy\" class=\"wp-embedded-content\" sandbox=\"allow-scripts\" security=\"restricted\" style=\"position: absolute; clip: rect(1px, 1px, 1px, 1px);\" title=\"&#8220;Albanci u srpskoj kulturi: Od junaka do neprijatelja&#8221; &#8212; NOVA portal\" src=\"https:\/\/nova.rs\/emisije\/albanci-u-srpskoj-kulturi-od-junaka-do-neprijatelja\/embed\/#?secret=7dIMTTPDYH\" data-secret=\"7dIMTTPDYH\" width=\"600\" height=\"338\" frameborder=\"0\" marginwidth=\"0\" marginheight=\"0\" scrolling=\"no\"><\/iframe>\n<\/div><\/figure>\n\n\n\n<hr class=\"wp-block-separator\"\/>\n","protected":false},"excerpt":{"rendered":"","protected":false},"author":2,"featured_media":25329,"comment_status":"open","ping_status":"open","sticky":false,"template":"","format":"standard","meta":{"_acf_changed":false,"jetpack_post_was_ever_published":false,"_jetpack_newsletter_access":"","_jetpack_dont_email_post_to_subs":false,"_jetpack_newsletter_tier_id":0,"_jetpack_memberships_contains_paywalled_content":false,"_jetpack_memberships_contains_paid_content":false,"footnotes":"","jetpack_publicize_message":"","jetpack_publicize_feature_enabled":true,"jetpack_social_post_already_shared":true,"jetpack_social_options":{"image_generator_settings":{"template":"highway","default_image_id":0,"font":"","enabled":false},"version":2}},"categories":[8,3],"tags":[],"class_list":["post-25328","post","type-post","status-publish","format-standard","has-post-thumbnail","hentry","category-knjige","category-novosti"],"acf":{"facebook_opis":""},"jetpack_publicize_connections":[],"jetpack_featured_media_url":"https:\/\/i0.wp.com\/historiografija.hr\/wp-content\/uploads\/2021\/03\/Imaginarni-Albanac.jpg?fit=400%2C285&ssl=1","jetpack_sharing_enabled":true,"jetpack-related-posts":[],"_links":{"self":[{"href":"https:\/\/historiografija.hr\/index.php?rest_route=\/wp\/v2\/posts\/25328","targetHints":{"allow":["GET"]}}],"collection":[{"href":"https:\/\/historiografija.hr\/index.php?rest_route=\/wp\/v2\/posts"}],"about":[{"href":"https:\/\/historiografija.hr\/index.php?rest_route=\/wp\/v2\/types\/post"}],"author":[{"embeddable":true,"href":"https:\/\/historiografija.hr\/index.php?rest_route=\/wp\/v2\/users\/2"}],"replies":[{"embeddable":true,"href":"https:\/\/historiografija.hr\/index.php?rest_route=%2Fwp%2Fv2%2Fcomments&post=25328"}],"version-history":[{"count":1,"href":"https:\/\/historiografija.hr\/index.php?rest_route=\/wp\/v2\/posts\/25328\/revisions"}],"predecessor-version":[{"id":25330,"href":"https:\/\/historiografija.hr\/index.php?rest_route=\/wp\/v2\/posts\/25328\/revisions\/25330"}],"wp:featuredmedia":[{"embeddable":true,"href":"https:\/\/historiografija.hr\/index.php?rest_route=\/wp\/v2\/media\/25329"}],"wp:attachment":[{"href":"https:\/\/historiografija.hr\/index.php?rest_route=%2Fwp%2Fv2%2Fmedia&parent=25328"}],"wp:term":[{"taxonomy":"category","embeddable":true,"href":"https:\/\/historiografija.hr\/index.php?rest_route=%2Fwp%2Fv2%2Fcategories&post=25328"},{"taxonomy":"post_tag","embeddable":true,"href":"https:\/\/historiografija.hr\/index.php?rest_route=%2Fwp%2Fv2%2Ftags&post=25328"}],"curies":[{"name":"wp","href":"https:\/\/api.w.org\/{rel}","templated":true}]}}