{"id":25319,"date":"2021-03-08T16:49:31","date_gmt":"2021-03-08T16:49:31","guid":{"rendered":"http:\/\/historiografija.hr\/?p=25319"},"modified":"2021-03-08T16:49:31","modified_gmt":"2021-03-08T16:49:31","slug":"marijana-stamova-albanskiot-problem-vo-jugoslavija-po-tito-1980-1990","status":"publish","type":"post","link":"https:\/\/historiografija.hr\/?p=25319","title":{"rendered":"Marijana Stamova \u201eAlbanskiot problem vo Jugoslavija po Tito (1980-1990)\u201c"},"content":{"rendered":"\n<p>Izdava\u010dka ku\u0107a <em>Makedonika Litera<\/em> iz Skopja upravo je objavila knjigu \u201eAlbanskiot problem vo Jugoslavija po Tito (1980-1990)\u201c. Knjiga razmatra turbulentno jugoslavensko doba nakon Titove smrti 1980. i jasnih znakova raspada zemlje 1990. godine. U tom razdoblju su Albanci imali posebno mjesto u odnosima u Jugoslaviji. Autorica pokazuje gdje su historijski korijeni albanskog problema u Jugoslaviji, prati albanske demonstracije od 1981. i reakcije u Jugoslaviji i susjednim zemljama, a sredi\u0161nja teza knjige je sukob albanskog i srpskog nacionalizma tokom 1980-ih godina, \u0161to je bila glavna poluga raspada jugoslavenske federacije po\u010detkom 1990-ih godina.<\/p>\n\n\n\n<p>Rije\u010d je o prijevodu knjige sa bugarskog na makedonski jezik.<\/p>\n\n\n\n<p><strong>Marijana Stamova<\/strong> je docentica na Institutu za balkanske studije Centra za turkologiju Bugarske akademije nauka (Sofija). U svojim istra\u017eivanjima se najve\u0107im dijelom bavi pitanjem polo\u017eaja Albanaca u Jugoslaviji poslije Drugog svjetskog rata, o \u010demu je objavila nekoliko knjiga.<\/p>\n\n\n\n<hr class=\"wp-block-separator\"\/>\n\n\n\n<p>Preneseno s portala <strong><em>Historiografija.ba<\/em><\/strong><\/p>\n\n\n\n<p>Izvor: <a href=\"https:\/\/www.historiografija.ba\/article.php?id=396\">https:\/\/www.historiografija.ba\/article.php?id=396<\/a><\/p>\n\n\n\n<hr class=\"wp-block-separator\"\/>\n","protected":false},"excerpt":{"rendered":"","protected":false},"author":2,"featured_media":25320,"comment_status":"open","ping_status":"open","sticky":false,"template":"","format":"standard","meta":{"_acf_changed":false,"jetpack_post_was_ever_published":false,"_jetpack_newsletter_access":"","_jetpack_dont_email_post_to_subs":false,"_jetpack_newsletter_tier_id":0,"_jetpack_memberships_contains_paywalled_content":false,"_jetpack_memberships_contains_paid_content":false,"footnotes":"","jetpack_publicize_message":"","jetpack_publicize_feature_enabled":true,"jetpack_social_post_already_shared":true,"jetpack_social_options":{"image_generator_settings":{"template":"highway","default_image_id":0,"font":"","enabled":false},"version":2}},"categories":[8,3],"tags":[],"class_list":["post-25319","post","type-post","status-publish","format-standard","has-post-thumbnail","hentry","category-knjige","category-novosti"],"acf":{"facebook_opis":""},"jetpack_publicize_connections":[],"jetpack_featured_media_url":"https:\/\/i0.wp.com\/historiografija.hr\/wp-content\/uploads\/2021\/03\/Stamova_Albanci.jpg?fit=555%2C378&ssl=1","jetpack_sharing_enabled":true,"jetpack-related-posts":[],"_links":{"self":[{"href":"https:\/\/historiografija.hr\/index.php?rest_route=\/wp\/v2\/posts\/25319","targetHints":{"allow":["GET"]}}],"collection":[{"href":"https:\/\/historiografija.hr\/index.php?rest_route=\/wp\/v2\/posts"}],"about":[{"href":"https:\/\/historiografija.hr\/index.php?rest_route=\/wp\/v2\/types\/post"}],"author":[{"embeddable":true,"href":"https:\/\/historiografija.hr\/index.php?rest_route=\/wp\/v2\/users\/2"}],"replies":[{"embeddable":true,"href":"https:\/\/historiografija.hr\/index.php?rest_route=%2Fwp%2Fv2%2Fcomments&post=25319"}],"version-history":[{"count":1,"href":"https:\/\/historiografija.hr\/index.php?rest_route=\/wp\/v2\/posts\/25319\/revisions"}],"predecessor-version":[{"id":25321,"href":"https:\/\/historiografija.hr\/index.php?rest_route=\/wp\/v2\/posts\/25319\/revisions\/25321"}],"wp:featuredmedia":[{"embeddable":true,"href":"https:\/\/historiografija.hr\/index.php?rest_route=\/wp\/v2\/media\/25320"}],"wp:attachment":[{"href":"https:\/\/historiografija.hr\/index.php?rest_route=%2Fwp%2Fv2%2Fmedia&parent=25319"}],"wp:term":[{"taxonomy":"category","embeddable":true,"href":"https:\/\/historiografija.hr\/index.php?rest_route=%2Fwp%2Fv2%2Fcategories&post=25319"},{"taxonomy":"post_tag","embeddable":true,"href":"https:\/\/historiografija.hr\/index.php?rest_route=%2Fwp%2Fv2%2Ftags&post=25319"}],"curies":[{"name":"wp","href":"https:\/\/api.w.org\/{rel}","templated":true}]}}