{"id":25311,"date":"2021-03-08T16:33:50","date_gmt":"2021-03-08T16:33:50","guid":{"rendered":"http:\/\/historiografija.hr\/?p=25311"},"modified":"2021-03-08T16:34:38","modified_gmt":"2021-03-08T16:34:38","slug":"izlozba-aya-de-yopougon","status":"publish","type":"post","link":"https:\/\/historiografija.hr\/?p=25311","title":{"rendered":"Izlo\u017eba &#8220;Aya de Yopougon&#8221;"},"content":{"rendered":"\n<p>Strip &#8220;Aya de Yopougon&#8221; bit \u0107e predstavljen od 15. do 31. o\u017eujka na izlo\u017ebi u Francuskom institutu u Zagrebu. Rije\u010d je o seriji koju je napisala Marguerite Abouet, scenaristica i redateljica iz Obale Bjelokosti, nacrtao ju je slavni autor stripova Cl\u00e9ment Oubrerie, a u Hrvatskoj je objavljena u nakladi Fibra.<br>\u00a0<br>Pri\u010da je to s kraja 70-ih godina pro\u0161loga stolje\u0107a u Yopougonu, radni\u010dkoj \u010detvrti Abidjana u Obali Bjelokosti, koja na zgodan na\u010din prikazuje pustolovine Aye i njezinih prijatelja o svakodnevnom \u017eivotu i empacipaciji \u017eena, a kroz galeriju likova otkriva svo bogatstvo lokalnih deklinacija globalne frankofonije.<\/p>\n\n\n\n<p>Izvor: <a href=\"https:\/\/institutfrancais.hr\/rendez-vous-u-frankofoniji-2\/\">https:\/\/institutfrancais.hr\/rendez-vous-u-frankofoniji-2\/<\/a><\/p>\n\n\n\n<p>&#8212;<\/p>\n\n\n\n<p><strong>Aya iz Yopougona<\/strong><\/p>\n\n\n\n<p>Marguerite Abouet<\/p>\n\n\n\n<p>Cl\u00e9ment Oubrerie<\/p>\n\n\n\n<hr class=\"wp-block-separator\"\/>\n\n\n\n<p>Nakladnik: Fibra<\/p>\n\n\n\n<p>Broj stranica: 360<\/p>\n\n\n\n<p>Objavljeno: 15.2.2015.<\/p>\n\n\n\n<p>Scenarij: Marguerite Abouet<\/p>\n\n\n\n<p>Crte\u017e: Cl\u00e9ment Oubrerie<\/p>\n\n\n\n<p>Prijevod: Vanja Kranj\u010devi\u0107<\/p>\n\n\n\n<p>Lektura: Mate Kapovi\u0107<\/p>\n\n\n\n<p>Dizajn: Melina Mikuli\u0107<\/p>\n\n\n\n<hr class=\"wp-block-separator\"\/>\n\n\n\n<p>&#8220;To sam htjela pokazati u Ayi: Afriku bez ratova i gladi, Afriku koja istrajava usprkos svemu jer, kako mi ka\u017eemo, \u017eivot ide dalje.&#8221; &#8211; Marguerite Abouet<br><br>Obala Slonova\u010de, 1978. Obitelj i prijatelji svake se ve\u010deri okupljaju u Ayinoj ku\u0107i kako bi pogledali prvu televizijsku reklamu u zemlji koja promovira Solibru, &#8220;pivo sna\u017enog mu\u0161karca&#8221;. Bilo je to zlatno doba, a duh zemlje koja je slovila za oazu blagostanja i stabilnosti u Zapadnoj Africi kao da je bio ispunjen ne\u010dim \u010dudesnim.<br><br>Tko je mogao znati da se \u010dudo iz Obale bjelokosti bli\u017ei kraju? U suncem okupanim ulicama radni\u010dkog Yopougona (kojeg su svi zvali Yop City &#8221; kako bi se \u010dinilo da je iz ameri\u010dkog filma&#8221;) praznici samo \u0161to nisu po\u010deli, kafi\u0107i na otvorenom i diskoteke se po\u010dinju puniti, a neke sasvim druge brige postaju aktualne. Slobodan stol na lokalnoj tr\u017enici pod zvijezdama je sva privatnost kojoj se mladi ljubavnici mogu nadati no\u0107u, a zatim ono \u0161to se tamo doga\u0111a uskoro postaje javna tajna.<br><br>Aya je pri\u010da o istoimenoj 19-godi\u0161njoj junakinji, bistroj i marljivoj Ayi, njenim lakomislenim prijateljicama Adjoui i Bintou, i njihovim susjedima i rodbini koji se vole mije\u0161ati u tu\u0111i posao. Lagana je to i dovitljiva pri\u010da o \u017eelji za rado\u0161\u0107u i slobodom, o sitnim zadovoljstvima i problemima svakodnevnog \u017eivota u Yop Cityju, nepretenciozna i smije\u0161na pri\u010da o Africi kakvu rijetko vi\u0111amo &#8211; punu duha, nade i pozitivnih vibracija!<\/p>\n\n\n\n<hr class=\"wp-block-separator\"\/>\n\n\n\n<p>Ogledne stranice stripa dostupne su na poveznici:<\/p>\n\n\n\n<p><a href=\"https:\/\/www.fibra.hr\/katalog\/izdanja\/aya-1-aya-iz-yopougona\/294\/\">https:\/\/www.fibra.hr\/katalog\/izdanja\/aya-1-aya-iz-yopougona\/294\/<\/a><\/p>\n\n\n\n<hr class=\"wp-block-separator\"\/>\n","protected":false},"excerpt":{"rendered":"","protected":false},"author":2,"featured_media":25313,"comment_status":"open","ping_status":"open","sticky":false,"template":"","format":"standard","meta":{"_acf_changed":false,"jetpack_post_was_ever_published":false,"_jetpack_newsletter_access":"","_jetpack_dont_email_post_to_subs":false,"_jetpack_newsletter_tier_id":0,"_jetpack_memberships_contains_paywalled_content":false,"_jetpack_memberships_contains_paid_content":false,"footnotes":"","jetpack_publicize_message":"","jetpack_publicize_feature_enabled":true,"jetpack_social_post_already_shared":true,"jetpack_social_options":{"image_generator_settings":{"template":"highway","default_image_id":0,"font":"","enabled":false},"version":2}},"categories":[10,3,12],"tags":[],"class_list":["post-25311","post","type-post","status-publish","format-standard","has-post-thumbnail","hentry","category-izlozbe","category-novosti","category-knjizevnost"],"acf":{"facebook_opis":""},"jetpack_publicize_connections":[],"jetpack_featured_media_url":"https:\/\/i0.wp.com\/historiografija.hr\/wp-content\/uploads\/2021\/03\/AYA_FB_1.jpg?fit=450%2C600&ssl=1","jetpack_sharing_enabled":true,"jetpack-related-posts":[],"_links":{"self":[{"href":"https:\/\/historiografija.hr\/index.php?rest_route=\/wp\/v2\/posts\/25311","targetHints":{"allow":["GET"]}}],"collection":[{"href":"https:\/\/historiografija.hr\/index.php?rest_route=\/wp\/v2\/posts"}],"about":[{"href":"https:\/\/historiografija.hr\/index.php?rest_route=\/wp\/v2\/types\/post"}],"author":[{"embeddable":true,"href":"https:\/\/historiografija.hr\/index.php?rest_route=\/wp\/v2\/users\/2"}],"replies":[{"embeddable":true,"href":"https:\/\/historiografija.hr\/index.php?rest_route=%2Fwp%2Fv2%2Fcomments&post=25311"}],"version-history":[{"count":2,"href":"https:\/\/historiografija.hr\/index.php?rest_route=\/wp\/v2\/posts\/25311\/revisions"}],"predecessor-version":[{"id":25315,"href":"https:\/\/historiografija.hr\/index.php?rest_route=\/wp\/v2\/posts\/25311\/revisions\/25315"}],"wp:featuredmedia":[{"embeddable":true,"href":"https:\/\/historiografija.hr\/index.php?rest_route=\/wp\/v2\/media\/25313"}],"wp:attachment":[{"href":"https:\/\/historiografija.hr\/index.php?rest_route=%2Fwp%2Fv2%2Fmedia&parent=25311"}],"wp:term":[{"taxonomy":"category","embeddable":true,"href":"https:\/\/historiografija.hr\/index.php?rest_route=%2Fwp%2Fv2%2Fcategories&post=25311"},{"taxonomy":"post_tag","embeddable":true,"href":"https:\/\/historiografija.hr\/index.php?rest_route=%2Fwp%2Fv2%2Ftags&post=25311"}],"curies":[{"name":"wp","href":"https:\/\/api.w.org\/{rel}","templated":true}]}}