{"id":25301,"date":"2021-03-05T20:10:42","date_gmt":"2021-03-05T20:10:42","guid":{"rendered":"http:\/\/historiografija.hr\/?p=25301"},"modified":"2021-03-05T20:10:42","modified_gmt":"2021-03-05T20:10:42","slug":"eva-grlic-sjecanja-i-neobjavljene-price","status":"publish","type":"post","link":"https:\/\/historiografija.hr\/?p=25301","title":{"rendered":"Eva Grli\u0107, \u201cSje\u0107anja i neobjavljene pri\u010de\u201d"},"content":{"rendered":"\n<p><em><strong>Sje\u0107anja<\/strong><\/em><strong> Eve Grli\u0107 va\u017ena su knjiga za ovu zemlju i razumijevanje svega \u0161to se u njoj dogodilo, i to ne samo u dvadesetom stolje\u0107u nego i danas.<\/strong><\/p>\n\n\n\n<p>Eva Grli\u0107 ro\u0111ena je u \u017eidovskoj obitelji u Budimpe\u0161ti, odrasla je u Sarajevu dvadesetih i tridesetih godina 20. stolje\u0107a, a od 1938. \u017eivjela je u Zagrebu. Pre\u017eivjela je progone u NDH, sudjelovala u partizanskom pokretu, da bi nakon rata zavr\u0161ila na Golom otoku.<\/p>\n\n\n\n<p>Njezin identitet i jedinstvena sudbina utjecali su na njezin \u0161irok svjetonazor i bili izvrsno polazi\u0161te da u svojim <em>Sje\u0107anjima<\/em>, iz unutarnje i vanjske perspektive, analizira i pripovijeda o razdoblju od prve Jugoslavije i NDH do socijalizma i 90-ih.<\/p>\n\n\n\n<p><em>Sje\u0107anja<\/em> su svojevrstan osobni dnevnik, ali i dnevnik jednog prostora i vremena, u kojem je hrabro, direktno i duhovito opisala uspomene na svoje djetinjstvo, djevoja\u010dke godine, sudjelovanje u radni\u010dkom pokretu i strahote za vrijeme NDH, boravak u partizanima, stravi\u010dno golooto\u010dko iskustvo, rad u socijalisti\u010dkim tvornicama i novinama te dru\u017eenja s intelektualcima iz podru\u010dja cijele biv\u0161e dr\u017eave i Europe, u kojima je sudjelovala zajedno sa suprugom, istaknutim filozofom Dankom Grli\u0107em.<\/p>\n\n\n\n<p><em>Sje\u0107anja<\/em> su dosad objavljena na hrvatskom, ma\u0111arskom i talijanskom jeziku. Novo izdanje, osim vrijednim obiteljskim fotografijama, upotpunjeno je i dosad neobjavljenim autobiografskim pri\u010dama u kojima, nadovezuju\u0107i se na <em>Sje\u0107anja<\/em>, pi\u0161e o sudbinama \u010dlanova obitelji, prijateljicama, Kor\u010dulanskoj filozofskoj \u0161koli i putovanjima, ali i bu\u0111enju nacionalizama na ovim prostorima. U njima otkriva kako je doga\u0111aje i pojave 90-ih vidjela ona, koja je \u017eivjela u skladu s na\u010delima humanosti, solidarnosti i antifa\u0161izma.<\/p>\n\n\n\n<p><strong>O autorici<\/strong><\/p>\n\n\n\n<p>Eva Grli\u0107 bila je istaknuta hrvatska novinarka, prevoditeljica i urednica, majka poznatog hrvatskog filmskog redatelja i producenta Rajka Grli\u0107a. Ro\u0111ena je u Budimpe\u0161ti neposredno nakon sloma Sovjetske komune Bele Kuna od ma\u0111arsko-a\u0161kenaske majke i sarajevskog sefarda. Odrasla je u Sarajevu dvadesetih i tridesetih godina, a 1938. preselila se u Zagreb.<\/p>\n\n\n\n<p>Tijekom holokausta poginulo je 36 \u010dlanova njezine obitelji. Prvi suprug Rudolf Domany poginuo je u partizanskom pokretu. Iako je bila vatrena zagovornica Titove Jugoslavije i komunizma, tijekom \u017eivota zavr\u0161ila je na Golom otoku zajedno s drugim suprugom, istaknutim filozofom Dankom Grli\u0107em.<\/p>\n\n\n\n<p>Nakon rata radila je kao \u010dinovnica u kemijskoj industriji i urednica tvorni\u010dkih novina, prevodila s ma\u0111arskog i njema\u010dkog jezika i pisala pri\u010de koje su objavljene u <em>Modroj lasti<\/em>. Osim <em>Sje\u0107anja<\/em> (1997. i 2001.) za \u017eivota je objavila i zbirku pri\u010da <em>Putnik za Krakow.<\/em><\/p>\n\n\n\n<p>Vi\u0161e o autorici knjige <em>Sje\u0107anja i neobjavljene pri\u010de\u00a0<\/em> potra\u017eite na sljede\u0107em <a rel=\"noreferrer noopener\" href=\"https:\/\/zbl.lzmk.hr\/?p=106\" target=\"_blank\">linku.<\/a><\/p>\n\n\n\n<hr class=\"wp-block-separator\"\/>\n\n\n\n<p>Izdava\u010d: V.B.Z. d.o.o.<\/p>\n\n\n\n<p>Godina izdanja: 2021<\/p>\n\n\n\n<p>Broj stranica: 440<\/p>\n\n\n\n<hr class=\"wp-block-separator\"\/>\n\n\n\n<p>Izvor: <a href=\"https:\/\/www.vbz.hr\/book\/sjecanja-i-neobjavljene-price\/\">https:\/\/www.vbz.hr\/book\/sjecanja-i-neobjavljene-price\/<\/a><\/p>\n\n\n\n<hr class=\"wp-block-separator\"\/>\n","protected":false},"excerpt":{"rendered":"","protected":false},"author":2,"featured_media":25302,"comment_status":"open","ping_status":"open","sticky":false,"template":"","format":"standard","meta":{"_acf_changed":false,"jetpack_post_was_ever_published":false,"_jetpack_newsletter_access":"","_jetpack_dont_email_post_to_subs":false,"_jetpack_newsletter_tier_id":0,"_jetpack_memberships_contains_paywalled_content":false,"_jetpack_memberships_contains_paid_content":false,"footnotes":"","jetpack_publicize_message":"","jetpack_publicize_feature_enabled":true,"jetpack_social_post_already_shared":true,"jetpack_social_options":{"image_generator_settings":{"template":"highway","default_image_id":0,"font":"","enabled":false},"version":2}},"categories":[8,3,12],"tags":[],"class_list":["post-25301","post","type-post","status-publish","format-standard","has-post-thumbnail","hentry","category-knjige","category-novosti","category-knjizevnost"],"acf":{"facebook_opis":""},"jetpack_publicize_connections":[],"jetpack_featured_media_url":"https:\/\/i0.wp.com\/historiografija.hr\/wp-content\/uploads\/2021\/03\/Grlic.jpg?fit=352%2C522&ssl=1","jetpack_sharing_enabled":true,"jetpack-related-posts":[],"_links":{"self":[{"href":"https:\/\/historiografija.hr\/index.php?rest_route=\/wp\/v2\/posts\/25301","targetHints":{"allow":["GET"]}}],"collection":[{"href":"https:\/\/historiografija.hr\/index.php?rest_route=\/wp\/v2\/posts"}],"about":[{"href":"https:\/\/historiografija.hr\/index.php?rest_route=\/wp\/v2\/types\/post"}],"author":[{"embeddable":true,"href":"https:\/\/historiografija.hr\/index.php?rest_route=\/wp\/v2\/users\/2"}],"replies":[{"embeddable":true,"href":"https:\/\/historiografija.hr\/index.php?rest_route=%2Fwp%2Fv2%2Fcomments&post=25301"}],"version-history":[{"count":1,"href":"https:\/\/historiografija.hr\/index.php?rest_route=\/wp\/v2\/posts\/25301\/revisions"}],"predecessor-version":[{"id":25303,"href":"https:\/\/historiografija.hr\/index.php?rest_route=\/wp\/v2\/posts\/25301\/revisions\/25303"}],"wp:featuredmedia":[{"embeddable":true,"href":"https:\/\/historiografija.hr\/index.php?rest_route=\/wp\/v2\/media\/25302"}],"wp:attachment":[{"href":"https:\/\/historiografija.hr\/index.php?rest_route=%2Fwp%2Fv2%2Fmedia&parent=25301"}],"wp:term":[{"taxonomy":"category","embeddable":true,"href":"https:\/\/historiografija.hr\/index.php?rest_route=%2Fwp%2Fv2%2Fcategories&post=25301"},{"taxonomy":"post_tag","embeddable":true,"href":"https:\/\/historiografija.hr\/index.php?rest_route=%2Fwp%2Fv2%2Ftags&post=25301"}],"curies":[{"name":"wp","href":"https:\/\/api.w.org\/{rel}","templated":true}]}}