{"id":25296,"date":"2021-03-05T19:45:07","date_gmt":"2021-03-05T19:45:07","guid":{"rendered":"http:\/\/historiografija.hr\/?p=25296"},"modified":"2021-03-05T19:45:07","modified_gmt":"2021-03-05T19:45:07","slug":"dokumentarni-film-politicki-brakovi-habsburskih-kceri-austrijsko-naslijede","status":"publish","type":"post","link":"https:\/\/historiografija.hr\/?p=25296","title":{"rendered":"Dokumentarni film \u201cPoliti\u010dki brakovi habsbur\u0161kih k\u0107eri &#8211; Austrijsko naslije\u0111e\u201d"},"content":{"rendered":"\n<p>U nedjelju, 7. o\u017eujka na Prvom programu u 21:10 prikazujemo dokumentarni film&nbsp; Politi\u010dki brakovi habsbur\u0161kih k\u0107eri &#8211; Austrijsko naslije\u0111e. Film govori o nizu iznimnih \u017eena iz Habsbur\u0161ke ku\u0107e koje su \u017ertvovane na oltaru politike, i koje su ipak prona\u0161le unutarnju snagu i razboritost da se doka\u017eu u svijetu u kojem dominiraju mu\u0161karci.<\/p>\n\n\n\n<p>K\u0107eri ku\u0107e Habsburg bile su &#8220;\u017ertve politike&#8221;, kako ih je jednom prilikom nazvala carica Marija Terezija. Djevojke bi jo\u0161 u djetinjstvu \u010desto zaru\u010divali pa \u010dak i udavali, bez obzira na njihove osje\u0107aje.<br><br>Habsburgovci su bili poznati po vje\u0161tim bra\u010dnim strategijama, zbog \u010dega su na kraju postali jedna od najve\u0107ih i najmo\u0107nijih vladaju\u0107ih dinastija na svijetu.<br><br>Odabrala je <strong>Mira Vo\u010dinki\u0107.<\/strong><\/p>\n\n\n\n<hr class=\"wp-block-separator\"\/>\n\n\n\n<p>Izvor: <a href=\"https:\/\/hrtprikazuje.hrt.hr\/dokumentarci\/politicki-brakovi-habsburskih-kceri-austrijsko-naslijede-824561\">https:\/\/hrtprikazuje.hrt.hr\/dokumentarci\/politicki-brakovi-habsburskih-kceri-austrijsko-naslijede-824561<\/a><\/p>\n\n\n\n<hr class=\"wp-block-separator\"\/>\n","protected":false},"excerpt":{"rendered":"","protected":false},"author":2,"featured_media":25297,"comment_status":"open","ping_status":"open","sticky":false,"template":"","format":"standard","meta":{"_acf_changed":false,"jetpack_post_was_ever_published":false,"_jetpack_newsletter_access":"","_jetpack_dont_email_post_to_subs":false,"_jetpack_newsletter_tier_id":0,"_jetpack_memberships_contains_paywalled_content":false,"_jetpack_memberships_contains_paid_content":false,"footnotes":"","jetpack_publicize_message":"","jetpack_publicize_feature_enabled":true,"jetpack_social_post_already_shared":true,"jetpack_social_options":{"image_generator_settings":{"template":"highway","default_image_id":0,"font":"","enabled":false},"version":2}},"categories":[13,3],"tags":[],"class_list":["post-25296","post","type-post","status-publish","format-standard","has-post-thumbnail","hentry","category-filmovi-i-serije","category-novosti"],"acf":{"facebook_opis":""},"jetpack_publicize_connections":[],"jetpack_featured_media_url":"https:\/\/i0.wp.com\/historiografija.hr\/wp-content\/uploads\/2021\/03\/politicki-brakovi-habsburskih-zena.jpg?fit=852%2C480&ssl=1","jetpack_sharing_enabled":true,"jetpack-related-posts":[],"_links":{"self":[{"href":"https:\/\/historiografija.hr\/index.php?rest_route=\/wp\/v2\/posts\/25296","targetHints":{"allow":["GET"]}}],"collection":[{"href":"https:\/\/historiografija.hr\/index.php?rest_route=\/wp\/v2\/posts"}],"about":[{"href":"https:\/\/historiografija.hr\/index.php?rest_route=\/wp\/v2\/types\/post"}],"author":[{"embeddable":true,"href":"https:\/\/historiografija.hr\/index.php?rest_route=\/wp\/v2\/users\/2"}],"replies":[{"embeddable":true,"href":"https:\/\/historiografija.hr\/index.php?rest_route=%2Fwp%2Fv2%2Fcomments&post=25296"}],"version-history":[{"count":1,"href":"https:\/\/historiografija.hr\/index.php?rest_route=\/wp\/v2\/posts\/25296\/revisions"}],"predecessor-version":[{"id":25298,"href":"https:\/\/historiografija.hr\/index.php?rest_route=\/wp\/v2\/posts\/25296\/revisions\/25298"}],"wp:featuredmedia":[{"embeddable":true,"href":"https:\/\/historiografija.hr\/index.php?rest_route=\/wp\/v2\/media\/25297"}],"wp:attachment":[{"href":"https:\/\/historiografija.hr\/index.php?rest_route=%2Fwp%2Fv2%2Fmedia&parent=25296"}],"wp:term":[{"taxonomy":"category","embeddable":true,"href":"https:\/\/historiografija.hr\/index.php?rest_route=%2Fwp%2Fv2%2Fcategories&post=25296"},{"taxonomy":"post_tag","embeddable":true,"href":"https:\/\/historiografija.hr\/index.php?rest_route=%2Fwp%2Fv2%2Ftags&post=25296"}],"curies":[{"name":"wp","href":"https:\/\/api.w.org\/{rel}","templated":true}]}}