{"id":25292,"date":"2021-03-05T19:07:56","date_gmt":"2021-03-05T19:07:56","guid":{"rendered":"http:\/\/historiografija.hr\/?p=25292"},"modified":"2021-03-05T19:08:28","modified_gmt":"2021-03-05T19:08:28","slug":"franjo-m-fuis-podzemni-zagreb-i-druge-reportaze-1934-1941","status":"publish","type":"post","link":"https:\/\/historiografija.hr\/?p=25292","title":{"rendered":"Franjo M. Fuis, &#8220;Podzemni Zagreb i druge reporta\u017ee 1934-1941\u201d"},"content":{"rendered":"\n<p>Izdava\u010d \u0160to \u010dita\u0161? objavio je 2020. godine drugo pro\u0161ireno izdanje knjige \u010duvenih novinskih reporta\u017ea Franje M. Fuisa, &#8220;Podzemni Zagreb i druge reporta\u017ee 1934-1941\u201d, za koje i dalje vlada znatan interes. Op\u0161irnije u prilogu.<\/p>\n\n\n\n<hr class=\"wp-block-separator\"\/>\n\n\n\n<p><strong>Franjo M. Fuis: Podzemni Zagreb i druge reporta\u017ee 1934-1941 (drugo pro\u0161ireno izdanje)<\/strong><\/p>\n\n\n\n<p>Objavili smo pro\u0161ireno izdanje &#8220;Podzemnog Zagreba&#8221;, jer smatramo da reporta\u017ee koje je pisao Franjo M. Fuis prije osamdeset i vi\u0161e godina, danas zaslu\u017euju pa\u017enju, ali ne samo kao dokument jednog vremena, ve\u0107 i kao kritika dru\u0161tvenog ure\u0111enja.<\/p>\n\n\n\n<p><a href=\"https:\/\/www.facebook.com\/permalink.php?id=133515810044665&amp;story_fbid=3602999756429569\">https:\/\/www.facebook.com\/permalink.php?id=133515810044665&amp;story_fbid=3602999756429569<\/a><\/p>\n\n\n\n<hr class=\"wp-block-separator\"\/>\n\n\n\n<p><strong>Nitko i ni\u0161ta u Zagrebu<\/strong><\/p>\n\n\n\n<p>Franjo M. Fuis, &#8220;Podzemni Zagreb i druge reporta\u017ee 1934-1941&#8221; (\u0160to \u010dita\u0161?, Zagreb 2020.): U \u010demu je tajna dugovje\u010dnosti Fuisovih zapisa u naoko efemernoj formi novinskih reporta\u017ea \u2013 preru\u0161en u klo\u0161ara on s nezaposlenim radnicima, besku\u0107nicima i skitnicama dijeli njihovu bijedu \u2013 koje su nad\u017eivjele mjesta svojih prvih objava? U njegovu umije\u0107u da s decentnim knji\u017eevnim talentom u taj svijet unese nepatvoreni socijalni anga\u017eman<\/p>\n\n\n\n<p><a href=\"https:\/\/www.portalnovosti.com\/nitko-i-nista-u-zagrebu\">https:\/\/www.portalnovosti.com\/nitko-i-nista-u-zagrebu<\/a><\/p>\n\n\n\n<hr class=\"wp-block-separator\"\/>\n","protected":false},"excerpt":{"rendered":"","protected":false},"author":2,"featured_media":25293,"comment_status":"open","ping_status":"open","sticky":false,"template":"","format":"standard","meta":{"_acf_changed":false,"jetpack_post_was_ever_published":false,"_jetpack_newsletter_access":"","_jetpack_dont_email_post_to_subs":false,"_jetpack_newsletter_tier_id":0,"_jetpack_memberships_contains_paywalled_content":false,"_jetpack_memberships_contains_paid_content":false,"footnotes":"","jetpack_publicize_message":"","jetpack_publicize_feature_enabled":true,"jetpack_social_post_already_shared":true,"jetpack_social_options":{"image_generator_settings":{"template":"highway","default_image_id":0,"font":"","enabled":false},"version":2}},"categories":[8,3],"tags":[],"class_list":["post-25292","post","type-post","status-publish","format-standard","has-post-thumbnail","hentry","category-knjige","category-novosti"],"acf":{"facebook_opis":""},"jetpack_publicize_connections":[],"jetpack_featured_media_url":"https:\/\/i0.wp.com\/historiografija.hr\/wp-content\/uploads\/2021\/03\/Fuis.jpg?fit=552%2C750&ssl=1","jetpack_sharing_enabled":true,"jetpack-related-posts":[],"_links":{"self":[{"href":"https:\/\/historiografija.hr\/index.php?rest_route=\/wp\/v2\/posts\/25292","targetHints":{"allow":["GET"]}}],"collection":[{"href":"https:\/\/historiografija.hr\/index.php?rest_route=\/wp\/v2\/posts"}],"about":[{"href":"https:\/\/historiografija.hr\/index.php?rest_route=\/wp\/v2\/types\/post"}],"author":[{"embeddable":true,"href":"https:\/\/historiografija.hr\/index.php?rest_route=\/wp\/v2\/users\/2"}],"replies":[{"embeddable":true,"href":"https:\/\/historiografija.hr\/index.php?rest_route=%2Fwp%2Fv2%2Fcomments&post=25292"}],"version-history":[{"count":2,"href":"https:\/\/historiografija.hr\/index.php?rest_route=\/wp\/v2\/posts\/25292\/revisions"}],"predecessor-version":[{"id":25295,"href":"https:\/\/historiografija.hr\/index.php?rest_route=\/wp\/v2\/posts\/25292\/revisions\/25295"}],"wp:featuredmedia":[{"embeddable":true,"href":"https:\/\/historiografija.hr\/index.php?rest_route=\/wp\/v2\/media\/25293"}],"wp:attachment":[{"href":"https:\/\/historiografija.hr\/index.php?rest_route=%2Fwp%2Fv2%2Fmedia&parent=25292"}],"wp:term":[{"taxonomy":"category","embeddable":true,"href":"https:\/\/historiografija.hr\/index.php?rest_route=%2Fwp%2Fv2%2Fcategories&post=25292"},{"taxonomy":"post_tag","embeddable":true,"href":"https:\/\/historiografija.hr\/index.php?rest_route=%2Fwp%2Fv2%2Ftags&post=25292"}],"curies":[{"name":"wp","href":"https:\/\/api.w.org\/{rel}","templated":true}]}}