{"id":25283,"date":"2021-03-04T18:49:32","date_gmt":"2021-03-04T18:49:32","guid":{"rendered":"http:\/\/historiografija.hr\/?p=25283"},"modified":"2021-03-04T18:49:32","modified_gmt":"2021-03-04T18:49:32","slug":"sasa-filipenko-crveni-kriz","status":"publish","type":"post","link":"https:\/\/historiografija.hr\/?p=25283","title":{"rendered":"Sa\u0161a Filipenko, \u201cCrveni kri\u017e\u201d"},"content":{"rendered":"\n<p>Tijek Aleksandrova \u017eivota brutalno je prekinut osobnom tragedijom koja ga ponuka da se vrati u svoj rodni grad, Minsk. Tatjana Aleksejevna, njegova nova susjeda u zgradi, starica je od devedesetak godina koja pati od Alzheimera i svakim joj je danom sve gore. Prije nego \u0161to sve zaboravi, starica svom mladom susjedu \u017eeli ispri\u010dati svoju \u017eivotnu pri\u010du, koja u sebi sadr\u017ei cjelokupnu te\u0161ku, mu\u010dnu rusku povijest dvadesetog stolje\u0107a. Prepoznaju\u0107i vlastite \u017eivotne krahove jedno u drugom, s vremenom se izme\u0111u dvoje ljudi razdvojenih generacijama ra\u0111a prijateljstvo i pakt protiv zaborava.<\/p>\n\n\n\n<p><em>\u201c\u017delim vam ispri\u010dati nevjerojatnu pri\u010du. Zapravo, ne pri\u010du, nego biografiju straha. \u017delim vam ispri\u010dati kako strah koji iznenada ovlada \u010dovjekom mo\u017ee promijeniti njegov \u017eivot. Bilo je to trideset i prvog prosinca. Padao je snijeg i zavr\u0161avalo je dvadeseto stolje\u0107e. Zavr\u0161avalo je prirodno, bez hiperbola, preostajalo je jo\u0161 samo nekoliko sati. Zvona su se spremala odzvoniti pono\u0107. U kuhinji je radio televizor, a u pe\u0107nici je, kao i obi\u010dno, ne\u0161to zagaralo. Ukratko, od kraja stolje\u0107a nisam o\u010dekivala apsolutno ni\u0161ta, no ba\u0161 je u tom trenutku netko pozvonio. Vjerojatno susjeda, pomislila sam. Mislila sam da joj treba soli ili tako ne\u0161to, no ne! <\/em><em>Ispostavilo se da je do\u0161ao po\u0161tar! Mo\u017eete li to zamisliti? Pravi pravcati po\u0161tar! Trideset i prvog prosinca! Donio ga je! Donio mi je pismo koje sam \u010dekala cijelu drugu polovicu \u017eivota\u2026\u201d<\/em><\/p>\n\n\n\n<p><em>\u201cBog me se boji. Zna da ga \u010deka poprili\u010dno mnogo neugodnih pitanja.\u201d<\/em><\/p>\n\n\n\n<p>\u201cPravi <em>tour de force<\/em>. Knjiga puna buke i bijesa, ali i snage i nje\u017enosti.\u201d<\/p>\n\n\n\n<p>Astrid de Larminat, <em>Le Figaro litt\u00e9raire<\/em><\/p>\n\n\n\n<hr class=\"wp-block-separator\"\/>\n\n\n\n<p><strong>O autoru<\/strong><\/p>\n\n\n\n<p><strong>Sa\u0161a Filipenko<\/strong><\/p>\n\n\n\n<p>Sa\u0161a Filipenko, ro\u0111en 1984. godine u Minsku, bjeloruski je autor koji pi\u0161e na ruskom jeziku. Nakon \u0161to je prekinuo studij glazbe, upisao je knji\u017eevnost na Sveu\u010dili\u0161tu u Sankt Petersburgu. Radi kao novinar, scenarist i autor satiri\u010dnog TV showa na ruskoj televiziji. Objavio je \u010detiri nagra\u0111ivana romana i preveden je na desetak svjetskih jezika. \u201cCrveni kri\u017e\u201d prvi je njegov roman objavljen na hrvatskom jeziku.<\/p>\n\n\n\n<hr class=\"wp-block-separator\"\/>\n\n\n\n<p>Izdava\u010d: <strong>Edicije Bo\u017ei\u010devi\u0107<\/strong><br>Godina izdanja:<strong> 2021.<\/strong><br>Autor: <strong>Sa\u0161a Filipenko<\/strong><br>Prijevod: <strong>Kristijan Pokle\u010dki<\/strong><br>Urednik:<strong> Josip Ivanovi\u0107<\/strong><br>Ovitak: <strong>Iva Mandi\u0107<\/strong><br>Lektura: <strong>Sarah Duspara<\/strong><br>Cijena: <strong>120,00 kn<\/strong><br>Broj stranica: <strong>200<\/strong><br>Format: <strong>13 x 20 cm<\/strong><br>ISBN: <strong>978-953-362-003-9<\/strong> meki uvez s klapnama<\/p>\n\n\n\n<hr class=\"wp-block-separator\"\/>\n\n\n\n<p>Izvor: <a href=\"https:\/\/www.edicije-bozicevic.com\/katalog\/crveni-kriz\/\">https:\/\/www.edicije-bozicevic.com\/katalog\/crveni-kriz\/<\/a><\/p>\n\n\n\n<hr class=\"wp-block-separator\"\/>\n","protected":false},"excerpt":{"rendered":"","protected":false},"author":2,"featured_media":25284,"comment_status":"open","ping_status":"open","sticky":false,"template":"","format":"standard","meta":{"_acf_changed":false,"jetpack_post_was_ever_published":false,"_jetpack_newsletter_access":"","_jetpack_dont_email_post_to_subs":false,"_jetpack_newsletter_tier_id":0,"_jetpack_memberships_contains_paywalled_content":false,"_jetpack_memberships_contains_paid_content":false,"footnotes":"","jetpack_publicize_message":"","jetpack_publicize_feature_enabled":true,"jetpack_social_post_already_shared":true,"jetpack_social_options":{"image_generator_settings":{"template":"highway","default_image_id":0,"font":"","enabled":false},"version":2}},"categories":[3,12],"tags":[],"class_list":["post-25283","post","type-post","status-publish","format-standard","has-post-thumbnail","hentry","category-novosti","category-knjizevnost"],"acf":{"facebook_opis":""},"jetpack_publicize_connections":[],"jetpack_featured_media_url":"https:\/\/i0.wp.com\/historiografija.hr\/wp-content\/uploads\/2021\/03\/Filipenko-naslovnica.jpg?fit=470%2C715&ssl=1","jetpack_sharing_enabled":true,"jetpack-related-posts":[],"_links":{"self":[{"href":"https:\/\/historiografija.hr\/index.php?rest_route=\/wp\/v2\/posts\/25283","targetHints":{"allow":["GET"]}}],"collection":[{"href":"https:\/\/historiografija.hr\/index.php?rest_route=\/wp\/v2\/posts"}],"about":[{"href":"https:\/\/historiografija.hr\/index.php?rest_route=\/wp\/v2\/types\/post"}],"author":[{"embeddable":true,"href":"https:\/\/historiografija.hr\/index.php?rest_route=\/wp\/v2\/users\/2"}],"replies":[{"embeddable":true,"href":"https:\/\/historiografija.hr\/index.php?rest_route=%2Fwp%2Fv2%2Fcomments&post=25283"}],"version-history":[{"count":1,"href":"https:\/\/historiografija.hr\/index.php?rest_route=\/wp\/v2\/posts\/25283\/revisions"}],"predecessor-version":[{"id":25285,"href":"https:\/\/historiografija.hr\/index.php?rest_route=\/wp\/v2\/posts\/25283\/revisions\/25285"}],"wp:featuredmedia":[{"embeddable":true,"href":"https:\/\/historiografija.hr\/index.php?rest_route=\/wp\/v2\/media\/25284"}],"wp:attachment":[{"href":"https:\/\/historiografija.hr\/index.php?rest_route=%2Fwp%2Fv2%2Fmedia&parent=25283"}],"wp:term":[{"taxonomy":"category","embeddable":true,"href":"https:\/\/historiografija.hr\/index.php?rest_route=%2Fwp%2Fv2%2Fcategories&post=25283"},{"taxonomy":"post_tag","embeddable":true,"href":"https:\/\/historiografija.hr\/index.php?rest_route=%2Fwp%2Fv2%2Ftags&post=25283"}],"curies":[{"name":"wp","href":"https:\/\/api.w.org\/{rel}","templated":true}]}}