{"id":25276,"date":"2021-03-04T18:27:10","date_gmt":"2021-03-04T18:27:10","guid":{"rendered":"http:\/\/historiografija.hr\/?p=25276"},"modified":"2021-03-04T18:27:10","modified_gmt":"2021-03-04T18:27:10","slug":"amir-duranovic-islamska-zajednica-u-jugoslavenskom-socijalizmu","status":"publish","type":"post","link":"https:\/\/historiografija.hr\/?p=25276","title":{"rendered":"Amir Duranovi\u0107, \u201eIslamska zajednica u jugoslavenskom socijalizmu\u201c"},"content":{"rendered":"\n<p>Udru\u017eenje za modernu historiju iz Sarajava najavljuje knjigu \u201eIslamska zajednica u jugoslavenskom socijalizmu\u201c autora Amira Duranovi\u0107a. Knjiga govori o Islamskoj zajednici u decenijama u kojima se mijenjao karakter jugoslavenske federacije, ali i sna\u017eno gradio jugoslavenski socijalizam. Spektar tema se kre\u0107e od pitanja zna\u010dajnih za muslimane kao pojedince i zajednicu vjernika do bosanskohercegova\u010dkih, jugoslavenskih pa i globalnih refleksija \u010dinjenice da u Bosni i Hercegovini stolje\u0107ima \u017eivi prepoznatljiva zajednica muslimana. To je zajednica koja je u uvjetima Drugog svjetskog rata te\u0161ko stradala, ali se i uspravila u decenijama poslije njega. I u istom tom periodu osmi\u0161ljavala je i kreirala sadr\u017eaje koji su svoju finalnu realizaciju do\u017eivjeli tada, \u0161ezdesetih i sedamdesetih godina 20. stolje\u0107a, neki traju i danas, a neki su kona\u010dno realizirani ba\u0161 u godinama kada je nastajao ovaj rukopis. Radi se, dakle, o zajednici kontinuiteta i prepoznatljivosti koja nadilazi bosanskohercegova\u010dki prostor.<\/p>\n\n\n\n<hr class=\"wp-block-separator\"\/>\n\n\n\n<p>Izvori:<\/p>\n\n\n\n<p><a href=\"http:\/\/umhis.ba\/islamska-zajednica-u-jugoslavenskom-socijalizmu\/\">http:\/\/umhis.ba\/islamska-zajednica-u-jugoslavenskom-socijalizmu\/<\/a><\/p>\n\n\n\n<p><a href=\"https:\/\/www.historiografija.ba\/article.php?id=401\">https:\/\/www.historiografija.ba\/article.php?id=401<\/a><\/p>\n\n\n\n<hr class=\"wp-block-separator\"\/>\n","protected":false},"excerpt":{"rendered":"","protected":false},"author":2,"featured_media":25277,"comment_status":"open","ping_status":"open","sticky":false,"template":"","format":"standard","meta":{"_acf_changed":false,"jetpack_post_was_ever_published":false,"_jetpack_newsletter_access":"","_jetpack_dont_email_post_to_subs":false,"_jetpack_newsletter_tier_id":0,"_jetpack_memberships_contains_paywalled_content":false,"_jetpack_memberships_contains_paid_content":false,"footnotes":"","jetpack_publicize_message":"","jetpack_publicize_feature_enabled":true,"jetpack_social_post_already_shared":true,"jetpack_social_options":{"image_generator_settings":{"template":"highway","default_image_id":0,"font":"","enabled":false},"version":2}},"categories":[8,3],"tags":[],"class_list":["post-25276","post","type-post","status-publish","format-standard","has-post-thumbnail","hentry","category-knjige","category-novosti"],"acf":{"facebook_opis":""},"jetpack_publicize_connections":[],"jetpack_featured_media_url":"https:\/\/i0.wp.com\/historiografija.hr\/wp-content\/uploads\/2021\/03\/Islamska-zajednica.jpg?fit=871%2C640&ssl=1","jetpack_sharing_enabled":true,"jetpack-related-posts":[],"_links":{"self":[{"href":"https:\/\/historiografija.hr\/index.php?rest_route=\/wp\/v2\/posts\/25276","targetHints":{"allow":["GET"]}}],"collection":[{"href":"https:\/\/historiografija.hr\/index.php?rest_route=\/wp\/v2\/posts"}],"about":[{"href":"https:\/\/historiografija.hr\/index.php?rest_route=\/wp\/v2\/types\/post"}],"author":[{"embeddable":true,"href":"https:\/\/historiografija.hr\/index.php?rest_route=\/wp\/v2\/users\/2"}],"replies":[{"embeddable":true,"href":"https:\/\/historiografija.hr\/index.php?rest_route=%2Fwp%2Fv2%2Fcomments&post=25276"}],"version-history":[{"count":1,"href":"https:\/\/historiografija.hr\/index.php?rest_route=\/wp\/v2\/posts\/25276\/revisions"}],"predecessor-version":[{"id":25278,"href":"https:\/\/historiografija.hr\/index.php?rest_route=\/wp\/v2\/posts\/25276\/revisions\/25278"}],"wp:featuredmedia":[{"embeddable":true,"href":"https:\/\/historiografija.hr\/index.php?rest_route=\/wp\/v2\/media\/25277"}],"wp:attachment":[{"href":"https:\/\/historiografija.hr\/index.php?rest_route=%2Fwp%2Fv2%2Fmedia&parent=25276"}],"wp:term":[{"taxonomy":"category","embeddable":true,"href":"https:\/\/historiografija.hr\/index.php?rest_route=%2Fwp%2Fv2%2Fcategories&post=25276"},{"taxonomy":"post_tag","embeddable":true,"href":"https:\/\/historiografija.hr\/index.php?rest_route=%2Fwp%2Fv2%2Ftags&post=25276"}],"curies":[{"name":"wp","href":"https:\/\/api.w.org\/{rel}","templated":true}]}}