{"id":25273,"date":"2021-03-04T18:16:31","date_gmt":"2021-03-04T18:16:31","guid":{"rendered":"http:\/\/historiografija.hr\/?p=25273"},"modified":"2021-03-04T18:16:31","modified_gmt":"2021-03-04T18:16:31","slug":"adnan-prekic-crvena-ideja-crne-gore","status":"publish","type":"post","link":"https:\/\/historiografija.hr\/?p=25273","title":{"rendered":"Adnan Preki\u0107, \u201eCrvena ideja Crne Gore\u201c"},"content":{"rendered":"\n<p>U izdanju <em>Matice Crnogorske<\/em> iz Podgorice objavljena je knjiga \u201eCrvena ideja Crne Gore\u201c, autora Adnana Preki\u0107a. Rije\u010d je o knjizi u kojoj Preki\u0107 ukazuje na okolnosti u kojima su se pojavile i oblikovale politi\u010dke ideje Komunisti\u010dke partije, analizira vrijednosne sadr\u017eaje tih ideja i obja\u0161njava metode sakralizacije, odnosno pretvaranje u dogmu koja se nije mogla preispitivati i kritizirati. Ukazuje i na metode i institucije koje sprovode indoktrinaciju, kao i na rezultate koje su ove institucije ostvarile u indoktriniranju crnogorskog dru\u0161tva. Preki\u0107 obja\u0161njava kako je Komunisti\u010dka partija uporedo sa izgradnjom socijalisti\u010dkog dru\u0161tva, kao kona\u010dnog cilja njenog politi\u010dkog djelovanja, poku\u0161ala izvr\u0161iti jednu vrstu antropolo\u0161ke revolucije i tako dovesti do formiranja novog socijalisti\u010dkog \u010dovjeka Crne Gore.<\/p>\n\n\n\n<p><strong>Dr. Adnan Preki\u0107<\/strong> je saradnik na Filozofskom fakultetu Univerziteta Crne Gore. Do sada je objavio niz rasprava iz crnogorske moderne historije.<\/p>\n\n\n\n<p>Sadr\u017eaj i predgovor dostupni <a rel=\"noreferrer noopener\" href=\"https:\/\/www.historiografija.ba\/assets\/documents\/404_SADRZAJ%20I%20PREDGOVOR.pdf\" target=\"_blank\">Ovdje.<\/a><\/p>\n\n\n\n<hr class=\"wp-block-separator\"\/>\n\n\n\n<p>Preneseno s portala <strong><em>Historiografija.ba<\/em><\/strong><em><strong>:<\/strong><\/em><\/p>\n\n\n\n<p><a href=\"https:\/\/www.historiografija.ba\/article.php?id=404\">https:\/\/www.historiografija.ba\/article.php?id=404<\/a><\/p>\n\n\n\n<hr class=\"wp-block-separator\"\/>\n\n\n\n<p><\/p>\n","protected":false},"excerpt":{"rendered":"","protected":false},"author":2,"featured_media":25274,"comment_status":"open","ping_status":"open","sticky":false,"template":"","format":"standard","meta":{"_acf_changed":false,"jetpack_post_was_ever_published":false,"_jetpack_newsletter_access":"","_jetpack_dont_email_post_to_subs":false,"_jetpack_newsletter_tier_id":0,"_jetpack_memberships_contains_paywalled_content":false,"_jetpack_memberships_contains_paid_content":false,"footnotes":"","jetpack_publicize_message":"","jetpack_publicize_feature_enabled":true,"jetpack_social_post_already_shared":true,"jetpack_social_options":{"image_generator_settings":{"template":"highway","default_image_id":0,"font":"","enabled":false},"version":2}},"categories":[8,3],"tags":[],"class_list":["post-25273","post","type-post","status-publish","format-standard","has-post-thumbnail","hentry","category-knjige","category-novosti"],"acf":{"facebook_opis":""},"jetpack_publicize_connections":[],"jetpack_featured_media_url":"https:\/\/i0.wp.com\/historiografija.hr\/wp-content\/uploads\/2021\/03\/Prekic.jpg?fit=555%2C407&ssl=1","jetpack_sharing_enabled":true,"jetpack-related-posts":[],"_links":{"self":[{"href":"https:\/\/historiografija.hr\/index.php?rest_route=\/wp\/v2\/posts\/25273","targetHints":{"allow":["GET"]}}],"collection":[{"href":"https:\/\/historiografija.hr\/index.php?rest_route=\/wp\/v2\/posts"}],"about":[{"href":"https:\/\/historiografija.hr\/index.php?rest_route=\/wp\/v2\/types\/post"}],"author":[{"embeddable":true,"href":"https:\/\/historiografija.hr\/index.php?rest_route=\/wp\/v2\/users\/2"}],"replies":[{"embeddable":true,"href":"https:\/\/historiografija.hr\/index.php?rest_route=%2Fwp%2Fv2%2Fcomments&post=25273"}],"version-history":[{"count":1,"href":"https:\/\/historiografija.hr\/index.php?rest_route=\/wp\/v2\/posts\/25273\/revisions"}],"predecessor-version":[{"id":25275,"href":"https:\/\/historiografija.hr\/index.php?rest_route=\/wp\/v2\/posts\/25273\/revisions\/25275"}],"wp:featuredmedia":[{"embeddable":true,"href":"https:\/\/historiografija.hr\/index.php?rest_route=\/wp\/v2\/media\/25274"}],"wp:attachment":[{"href":"https:\/\/historiografija.hr\/index.php?rest_route=%2Fwp%2Fv2%2Fmedia&parent=25273"}],"wp:term":[{"taxonomy":"category","embeddable":true,"href":"https:\/\/historiografija.hr\/index.php?rest_route=%2Fwp%2Fv2%2Fcategories&post=25273"},{"taxonomy":"post_tag","embeddable":true,"href":"https:\/\/historiografija.hr\/index.php?rest_route=%2Fwp%2Fv2%2Ftags&post=25273"}],"curies":[{"name":"wp","href":"https:\/\/api.w.org\/{rel}","templated":true}]}}