{"id":25270,"date":"2021-03-04T18:09:16","date_gmt":"2021-03-04T18:09:16","guid":{"rendered":"http:\/\/historiografija.hr\/?p=25270"},"modified":"2021-03-04T18:09:16","modified_gmt":"2021-03-04T18:09:16","slug":"zlatko-begonja-okupacija-duha-ideoloska-indoktrinacija-u-zadru-1945-1955","status":"publish","type":"post","link":"https:\/\/historiografija.hr\/?p=25270","title":{"rendered":"Zlatko Begonja, \u201cOkupacija duha: Ideolo\u0161ka indoktrinacija u Zadru 1945. \u2013 1955.\u201d"},"content":{"rendered":"\n<p>Razdoblje nakon zavr\u0161etka Drugoga svjetskog rata u Zadru i njegovom bli\u017eem okru\u017eju bilo je uglavnom obilje\u017eeno postupcima obra\u010duna vojnih pobjednika nad pora\u017eenima, ali jednako tako i nad politi\u010dkim neistomi\u0161ljenicima. U tome kontekstu valja nazna\u010diti kako su u to vrijeme brojna zlo\u010dinstva, nasilje, represija, otimanje privatne imovine, \u0161to je ih provodila narodna vlast, za posljedicu imali me\u0111u stanovni\u0161tvom uspostavljeno ozra\u010dje sumnje i straha. S pozicije vojnih pobjednika uzimalo se pravo, uz mije\u0161anje revolucionarne i pu\u010dke osvetni\u010dke strasti, ka\u017enjavati sve neprihvatljive pojedince i skupine osoba za koje se po navedenom obrascu utvrdilo da su mogli biti smetnjom ostvarenju komunisti\u010dkih revolucionarnih ciljeva. Upravo zahvaljuju\u0107i takvom pristupu gubili su se oni opravdani razlozi u kojima je bilo nu\u017eno provesti objektivne istrage, formirati optu\u017enice i kroz sudske procese odgovorne primjereno sankcionirati. Kao protivnost tome nametnula se puna dominacija ideolo\u0161ko-indoktrinacijskoga postupanja uz jedan od ciljeva, izgradnja novoga \u010dovjeka s odgovaraju\u0107im svjetonazorskim obilje\u017ejima.<\/p>\n\n\n\n<p>U to vrijeme zasebna upravno-politi\u010dka pozicija Zadra, koja je proizlazila iz postoje\u0107eg jugoslavensko-talijanskog grani\u010dnog spora sve do potpisivanja Mirovnog sporazuma u Parizu 1947., dodatno je komplicirala ukupnost dru\u0161tvene slike s nagla\u0161enim pitanjima optanata. Realizaciji opcije za talijansko dr\u017eavljanstvo, izme\u0111u ostaloga prethodilo je od strane narodnih vlasti utvr\u0111ivanje i procjenjivanje materijalnog stanja, odnosno vrijednosti privatne imovine koju su posjedovali tra\u017eitelji, s kona\u010dnim ciljem njenoga nepovratnog oduzimanja.<\/p>\n\n\n\n<p>Nove dru\u0161tvene te\u0161ko\u0107e uslijedile su nakon objave Rezolucije Informbiroa iz 1948., kada je nastupila djelomi\u010dna promjena smjera dotada\u0161njih etabliranih politi\u010dkih odre\u0111enja. Razlaz sa Staljinom koji je tim \u010dinom nastupio, nije zna\u010dio potpuno odricanje od takvoga oblika vladanja, ve\u0107 naprotiv zasnivao se isklju\u010divo na kozmeti\u010dkoj promjeni koja je na mjesto politi\u010dkog obo\u017eavanja sada ostavila samo Josipa Broza Tita. Tome u prilog svakako idu brojni primjeri na zadarskom podru\u010dju koji svjedo\u010de o nastalim \u010distkama u lokalnim partijskim organizacijama, ali i \u0161ire na dru\u0161tvenoj razini, sve kako bi se u punoj mjeri ostvario nastavak zacrtanog komunisti\u010dkog politi\u010dkog smjera.<\/p>\n\n\n\n<p>Ono \u0161to je potom uslijedilo bilo je u\u010dvr\u0161\u0107enje zadane ideolo\u0161ke matrice, uz navedenu korekciju koja je zapravo bila samo neuspjeli poku\u0161aj uljep\u0161avanja vanj\u0161tine totalitarnoga re\u017eima. Bez obzira na to, i nadalje je prevladavao sada ve\u0107 duboko ukorijenjeni strah koji je rezultirao prepoznatljivim obilje\u017ejima \u0161utnje me\u0111u stanovni\u0161tvom, i to napose onim dijelom koje nije bilo sastavnicom vladaju\u0107e nomenklature. I upravo su to bili oni klju\u010dni elementi koji su bitno odre\u0111ivali karakter narodnih vlasti u neposrednom poslijeratnom razdoblju.<\/p>\n\n\n\n<hr class=\"wp-block-separator\"\/>\n\n\n\n<p>Izvor: <a href=\"https:\/\/www.unizd.hr\/obavijesti\/view\/artmid\/18146\/articleid\/43161\/okupacija-duha-ideolo%c5%a1ka-indoktrinacija-u-zadru-1945-1955\">https:\/\/www.unizd.hr\/obavijesti\/view\/artmid\/18146\/articleid\/43161\/okupacija-duha-ideolo%c5%a1ka-indoktrinacija-u-zadru-1945-1955<\/a><\/p>\n\n\n\n<hr class=\"wp-block-separator\"\/>\n","protected":false},"excerpt":{"rendered":"","protected":false},"author":2,"featured_media":25271,"comment_status":"open","ping_status":"open","sticky":false,"template":"","format":"standard","meta":{"_acf_changed":false,"jetpack_post_was_ever_published":false,"_jetpack_newsletter_access":"","_jetpack_dont_email_post_to_subs":false,"_jetpack_newsletter_tier_id":0,"_jetpack_memberships_contains_paywalled_content":false,"_jetpack_memberships_contains_paid_content":false,"footnotes":"","jetpack_publicize_message":"","jetpack_publicize_feature_enabled":true,"jetpack_social_post_already_shared":true,"jetpack_social_options":{"image_generator_settings":{"template":"highway","default_image_id":0,"font":"","enabled":false},"version":2}},"categories":[8,3],"tags":[],"class_list":["post-25270","post","type-post","status-publish","format-standard","has-post-thumbnail","hentry","category-knjige","category-novosti"],"acf":{"facebook_opis":""},"jetpack_publicize_connections":[],"jetpack_featured_media_url":"https:\/\/i0.wp.com\/historiografija.hr\/wp-content\/uploads\/2021\/03\/okupacija-duha.jpg?fit=426%2C600&ssl=1","jetpack_sharing_enabled":true,"jetpack-related-posts":[],"_links":{"self":[{"href":"https:\/\/historiografija.hr\/index.php?rest_route=\/wp\/v2\/posts\/25270","targetHints":{"allow":["GET"]}}],"collection":[{"href":"https:\/\/historiografija.hr\/index.php?rest_route=\/wp\/v2\/posts"}],"about":[{"href":"https:\/\/historiografija.hr\/index.php?rest_route=\/wp\/v2\/types\/post"}],"author":[{"embeddable":true,"href":"https:\/\/historiografija.hr\/index.php?rest_route=\/wp\/v2\/users\/2"}],"replies":[{"embeddable":true,"href":"https:\/\/historiografija.hr\/index.php?rest_route=%2Fwp%2Fv2%2Fcomments&post=25270"}],"version-history":[{"count":1,"href":"https:\/\/historiografija.hr\/index.php?rest_route=\/wp\/v2\/posts\/25270\/revisions"}],"predecessor-version":[{"id":25272,"href":"https:\/\/historiografija.hr\/index.php?rest_route=\/wp\/v2\/posts\/25270\/revisions\/25272"}],"wp:featuredmedia":[{"embeddable":true,"href":"https:\/\/historiografija.hr\/index.php?rest_route=\/wp\/v2\/media\/25271"}],"wp:attachment":[{"href":"https:\/\/historiografija.hr\/index.php?rest_route=%2Fwp%2Fv2%2Fmedia&parent=25270"}],"wp:term":[{"taxonomy":"category","embeddable":true,"href":"https:\/\/historiografija.hr\/index.php?rest_route=%2Fwp%2Fv2%2Fcategories&post=25270"},{"taxonomy":"post_tag","embeddable":true,"href":"https:\/\/historiografija.hr\/index.php?rest_route=%2Fwp%2Fv2%2Ftags&post=25270"}],"curies":[{"name":"wp","href":"https:\/\/api.w.org\/{rel}","templated":true}]}}