{"id":25264,"date":"2021-03-03T19:20:17","date_gmt":"2021-03-03T19:20:17","guid":{"rendered":"http:\/\/historiografija.hr\/?p=25264"},"modified":"2021-03-03T19:20:17","modified_gmt":"2021-03-03T19:20:17","slug":"dokumentarni-film-mijenjamo-svijet-kako-je-solidarnost-promijenila-europu","status":"publish","type":"post","link":"https:\/\/historiografija.hr\/?p=25264","title":{"rendered":"Dokumentarni film &#8220;Mijenjamo svijet: Kako je Solidarnost promijenila Europu&#8221;"},"content":{"rendered":"\n<p>Ne propustite u srijedu, 3. o\u017eujka na Prvom programu u 21:05 dokumentarni film Mijenjamo svijet: Kako je Solidarnost promijenila Europu. U filmu \u0107e progovoriti prista\u0161e &#8220;Solidarnosti&#8221;, snimatelji i novinari, kao i svjetski poznata poljska redateljica Agnieszka Holland te nekada\u0161nji \u010dlan Partije. Direktor Europskog centra &#8220;Solidarnosti&#8221; u Gdanjsku Basil Kerski iz dana\u0161nje \u0107e nam perspektive govoriti o poljskoj povijesti koja \u0107e zauvijek promijeniti Europu. Naime, doga\u0111aji iz jeseni 1989. u Isto\u010dnoj Njema\u010dkoj samo su finale revolucije koja je po\u010dela na najni\u017eim razinama, a koja je kulminirala ru\u0161enjem Berlinskog zida.<\/p>\n\n\n\n<p>U ljeto 1980. radnici brodogradili\u0161ta &#8220;Lenjin&#8221; u Gdanjsku krenuli su u \u0161trajk zbog dr\u017eavnog ugnjetavanja. Ovaj do tada zabranjeni radni\u010dki pokret u rekordnom je roku rezultirao stvaranjem prvog nezavisnog radni\u010dkog sindikata Poljske, &#8220;Solidarnosti&#8221;. &#8220;Solidarnost&#8221; se suprotstavljala komunisti\u010dkom re\u017eimu, sve dok se njezini predstavnici 1989. nisu za okruglim stolom izborili za novi \u017eivot u Poljskoj. U dokumentarnom filmu progovorit \u0107e prista\u0161e &#8220;Solidarnosti&#8221; i svjedoci onoga vremena.<br><br>Narodna Republika Poljska bila je jedan od dragulja Sovjetskoga Saveza. Nakon \u0161to je poljski narod po\u010deo sve vi\u0161e skretati s komunisti\u010dkoga puta i izra\u017eavati svoje nezadovoljstvo, po\u010delo je odmjeravanje snaga s vla\u0161\u0107u. Ohrabreni posjetom prvog poljskoga pape Ivana Pavla II. godine 1980., radnici brodogradili\u0161ta &#8220;Lenjin&#8221; u Gdanjsku prekr\u0161ili su zakon i organizirali \u0161trajk. U dokumentarnom filmu istra\u017eit \u0107emo kako se iz tog zabranjenog radni\u010dkog pokreta rodila &#8220;Solidarnost&#8221; &#8211; prvi nezavisni sindikat koji se suprotstavio vladaju\u0107em komunisti\u010dkom re\u017eimu.<br><br>Pokret koji su podupirali Katoli\u010dka Crkva i intelektualci iz opozicije borio se za prava gospodarski iskori\u0161tavanih radnika. Poljska vlada bojala se gubitka mo\u0107i pa je zbog toga na svakom koraku nadzirala i snimala svoje gra\u0111ane. S druge strane, &#8220;Solidarnost&#8221; je tra\u017eila pomo\u0107 dokumentarista i me\u0111unarodnih novinara. U medijskom ratu slika sudarile su se dvije ideologije. No, &#8220;Solidarnost&#8221; je pobijedila. Budu\u0107i da su o\u010di cijeloga svijeta bile uprte u Gdanjsk, Partija je prvi put bila prisiljena popustiti pred zahtjevima radnika. Promjene u Poljskoj nije mogla zaustaviti \u010dak ni objava izvanrednog stanja. &#8220;Solidarnost&#8221; je djelovala u ilegali te se 1989. uspjela vratiti na politi\u010dku pozornicu.<\/p>\n\n\n\n<hr class=\"wp-block-separator\"\/>\n\n\n\n<p>Izvor: \u00a0<a href=\"https:\/\/hrtprikazuje.hrt.hr\/dokumentarci\/mijenjamo-svijet-kako-je-solidarnost-promijenila-europu-676783\">https:\/\/hrtprikazuje.hrt.hr\/dokumentarci\/mijenjamo-svijet-kako-je-solidarnost-promijenila-europu-676783<\/a><\/p>\n\n\n\n<hr class=\"wp-block-separator\"\/>\n","protected":false},"excerpt":{"rendered":"","protected":false},"author":2,"featured_media":25265,"comment_status":"open","ping_status":"open","sticky":false,"template":"","format":"standard","meta":{"_acf_changed":false,"jetpack_post_was_ever_published":false,"_jetpack_newsletter_access":"","_jetpack_dont_email_post_to_subs":false,"_jetpack_newsletter_tier_id":0,"_jetpack_memberships_contains_paywalled_content":false,"_jetpack_memberships_contains_paid_content":false,"footnotes":"","jetpack_publicize_message":"","jetpack_publicize_feature_enabled":true,"jetpack_social_post_already_shared":true,"jetpack_social_options":{"image_generator_settings":{"template":"highway","default_image_id":0,"font":"","enabled":false},"version":2}},"categories":[13,3],"tags":[],"class_list":["post-25264","post","type-post","status-publish","format-standard","has-post-thumbnail","hentry","category-filmovi-i-serije","category-novosti"],"acf":{"facebook_opis":""},"jetpack_publicize_connections":[],"jetpack_featured_media_url":"https:\/\/i0.wp.com\/historiografija.hr\/wp-content\/uploads\/2021\/03\/solidarnosc-polish-prison-1983-bukojemski.jpg?fit=740%2C438&ssl=1","jetpack_sharing_enabled":true,"jetpack-related-posts":[],"_links":{"self":[{"href":"https:\/\/historiografija.hr\/index.php?rest_route=\/wp\/v2\/posts\/25264","targetHints":{"allow":["GET"]}}],"collection":[{"href":"https:\/\/historiografija.hr\/index.php?rest_route=\/wp\/v2\/posts"}],"about":[{"href":"https:\/\/historiografija.hr\/index.php?rest_route=\/wp\/v2\/types\/post"}],"author":[{"embeddable":true,"href":"https:\/\/historiografija.hr\/index.php?rest_route=\/wp\/v2\/users\/2"}],"replies":[{"embeddable":true,"href":"https:\/\/historiografija.hr\/index.php?rest_route=%2Fwp%2Fv2%2Fcomments&post=25264"}],"version-history":[{"count":1,"href":"https:\/\/historiografija.hr\/index.php?rest_route=\/wp\/v2\/posts\/25264\/revisions"}],"predecessor-version":[{"id":25266,"href":"https:\/\/historiografija.hr\/index.php?rest_route=\/wp\/v2\/posts\/25264\/revisions\/25266"}],"wp:featuredmedia":[{"embeddable":true,"href":"https:\/\/historiografija.hr\/index.php?rest_route=\/wp\/v2\/media\/25265"}],"wp:attachment":[{"href":"https:\/\/historiografija.hr\/index.php?rest_route=%2Fwp%2Fv2%2Fmedia&parent=25264"}],"wp:term":[{"taxonomy":"category","embeddable":true,"href":"https:\/\/historiografija.hr\/index.php?rest_route=%2Fwp%2Fv2%2Fcategories&post=25264"},{"taxonomy":"post_tag","embeddable":true,"href":"https:\/\/historiografija.hr\/index.php?rest_route=%2Fwp%2Fv2%2Ftags&post=25264"}],"curies":[{"name":"wp","href":"https:\/\/api.w.org\/{rel}","templated":true}]}}