{"id":25261,"date":"2021-03-03T19:12:45","date_gmt":"2021-03-03T19:12:45","guid":{"rendered":"http:\/\/historiografija.hr\/?p=25261"},"modified":"2021-03-03T19:12:45","modified_gmt":"2021-03-03T19:12:45","slug":"izlozba-ratnog-stripa-i-ilustracija-vukovar-has","status":"publish","type":"post","link":"https:\/\/historiografija.hr\/?p=25261","title":{"rendered":"Izlo\u017eba ratnog stripa i ilustracija \u201eVukovar: Ha\u0161\u201c"},"content":{"rendered":"\n<p>U srijedu, 3. o\u017eujka 2021. godine otvorena je <strong>izlo\u017eba ratnog stripa<\/strong> i <strong>ilustracija \u201eVukovar: Ha\u0161\u201c<\/strong> kojom je promoviran istoimeni <strong>strip album<\/strong> autora <strong>Nenada Barini\u0107a<\/strong> u <strong>Muzeju Domovinskog rata Karlovac \u2013 Turanj<\/strong>. Izlo\u017eba se mo\u017ee razgledati <strong>do 21. lipnja 2021. godine u radno vrijeme<\/strong> Muzeja Domovinskog rata Karlovac \u2013 Turanj.<\/p>\n\n\n\n<p><strong>\u201cVukovar: HA\u0160\u201d<\/strong> vizualna je pri\u010da utemeljena na <strong>istinitim likovima i doga\u0111ajima<\/strong> u \u010dijim glavnim ulogama igraju stvarni likovi \u2013 prijeratni <strong>vinkova\u010dki rokeri<\/strong> koji su u Domovinskom ratu postali <strong>ratnici Vukovara<\/strong> te sa svojim suborcima iz \u0110akova dragovoljno branili Hrvatsku. Centralnu ulogu stripa utjelovljuje autorov najbolji prijatelj <strong>Mladen \u010cupi\u0107 \u2013 Ha\u0161<\/strong> koji je nadimak dobio po <strong>pjesmi <em>Hush<\/em><\/strong> legendarnog engleskog rock <strong>benda <em>Deep Purple<\/em>.<\/strong> Ha\u0161 je kao dragovoljac iz Vinkovaca oti\u0161ao braniti Vukovar, nakon ranjavanja je bio smje\u0161ten u <strong>Vukovarsku bolnicu<\/strong> nakon \u010dijeg pada mu se gubi svaki trag. Ovim stripom, autor <strong>Nenad Barini\u0107<\/strong> ovjekovje\u010dio je <strong>najboljeg prijatelja<\/strong>, ispri\u010dao <strong>nepoznate narative<\/strong> o <strong>vukovarskim herojima<\/strong>, njihovim stradanjima i sudbinama. Strip je posve\u0107en <strong>Mladenu \u010cupi\u0107u Ha\u0161u<\/strong>, svim <strong>hrvatskim braniteljima<\/strong> i <strong>\u017ertvama<\/strong> u Domovinskom ratu.<\/p>\n\n\n\n<p>Barini\u0107 od malena crta <strong>stripove i ilustracije<\/strong> koje od 1986. objavljuje u razli\u010ditim publikacijama. Kroz ljubav prema stripu dolazi do izra\u017eaja i njegova <strong>ljubav prema prirodi<\/strong> kojima posve\u0107uje zna\u010dajan dio svojih umjetni\u010dkih radova. Autor aktivno odr\u017eava i <strong>\u0161kole stripa<\/strong> za mlade polaznike od 2009., kao i razli\u010dite radionice i tribine. <strong>Ilustrator<\/strong> je mnogih knjiga i publikacija, kao i stru\u010dni suradnik i ilustrator sudjelovao je u razli\u010ditim <strong>dokumentarnim filmovima<\/strong>. Dobitnik je vi\u0161e <strong>nagrada<\/strong> za svoje likovno izra\u017eavanje, a 2010. uru\u010dena mu je <strong>povelja Vukovarsko-srijemske \u017eupanije<\/strong> za humanitarni rad i izniman doprinos kulturi i o\u010duvanju prirode. Godine 2012. Hrvatska radiotelevizija snimila je <strong>dokumentarni film &#8220;\u017divot sa slikama&#8221;<\/strong> o Barini\u0107evu \u017eivotu i radu. Autor je umirovljeni djelatnik MUP-a RH, gdje i dalje kao stru\u010dni suradnik izra\u0111uje portrete nepoznatih po\u010dinitelja kaznenih djela i neslu\u017ebeno glasi za <strong>najboljeg hrvatskog crta\u010da fotorobota.<\/strong><\/p>\n\n\n\n<p>Izlo\u017eba je financirana sredstvima <strong>Grada Karlovca.<\/strong><\/p>\n\n\n\n<hr class=\"wp-block-separator\"\/>\n\n\n\n<p>Izvor: <a href=\"http:\/\/www.gmk.hr\/Aktivnost\/Izlo%C5%BEbe\/3482\">http:\/\/www.gmk.hr\/Aktivnost\/Izlo%C5%BEbe\/3482<\/a><\/p>\n\n\n\n<hr class=\"wp-block-separator\"\/>\n","protected":false},"excerpt":{"rendered":"","protected":false},"author":2,"featured_media":25262,"comment_status":"open","ping_status":"open","sticky":false,"template":"","format":"standard","meta":{"_acf_changed":false,"jetpack_post_was_ever_published":false,"_jetpack_newsletter_access":"","_jetpack_dont_email_post_to_subs":false,"_jetpack_newsletter_tier_id":0,"_jetpack_memberships_contains_paywalled_content":false,"_jetpack_memberships_contains_paid_content":false,"footnotes":"","jetpack_publicize_message":"","jetpack_publicize_feature_enabled":true,"jetpack_social_post_already_shared":true,"jetpack_social_options":{"image_generator_settings":{"template":"highway","default_image_id":0,"font":"","enabled":false},"version":2}},"categories":[10,3],"tags":[],"class_list":["post-25261","post","type-post","status-publish","format-standard","has-post-thumbnail","hentry","category-izlozbe","category-novosti"],"acf":{"facebook_opis":""},"jetpack_publicize_connections":[],"jetpack_featured_media_url":"https:\/\/i0.wp.com\/historiografija.hr\/wp-content\/uploads\/2021\/03\/HAS.jpg?fit=630%2C419&ssl=1","jetpack_sharing_enabled":true,"jetpack-related-posts":[],"_links":{"self":[{"href":"https:\/\/historiografija.hr\/index.php?rest_route=\/wp\/v2\/posts\/25261","targetHints":{"allow":["GET"]}}],"collection":[{"href":"https:\/\/historiografija.hr\/index.php?rest_route=\/wp\/v2\/posts"}],"about":[{"href":"https:\/\/historiografija.hr\/index.php?rest_route=\/wp\/v2\/types\/post"}],"author":[{"embeddable":true,"href":"https:\/\/historiografija.hr\/index.php?rest_route=\/wp\/v2\/users\/2"}],"replies":[{"embeddable":true,"href":"https:\/\/historiografija.hr\/index.php?rest_route=%2Fwp%2Fv2%2Fcomments&post=25261"}],"version-history":[{"count":1,"href":"https:\/\/historiografija.hr\/index.php?rest_route=\/wp\/v2\/posts\/25261\/revisions"}],"predecessor-version":[{"id":25263,"href":"https:\/\/historiografija.hr\/index.php?rest_route=\/wp\/v2\/posts\/25261\/revisions\/25263"}],"wp:featuredmedia":[{"embeddable":true,"href":"https:\/\/historiografija.hr\/index.php?rest_route=\/wp\/v2\/media\/25262"}],"wp:attachment":[{"href":"https:\/\/historiografija.hr\/index.php?rest_route=%2Fwp%2Fv2%2Fmedia&parent=25261"}],"wp:term":[{"taxonomy":"category","embeddable":true,"href":"https:\/\/historiografija.hr\/index.php?rest_route=%2Fwp%2Fv2%2Fcategories&post=25261"},{"taxonomy":"post_tag","embeddable":true,"href":"https:\/\/historiografija.hr\/index.php?rest_route=%2Fwp%2Fv2%2Ftags&post=25261"}],"curies":[{"name":"wp","href":"https:\/\/api.w.org\/{rel}","templated":true}]}}