{"id":25249,"date":"2021-03-03T18:39:38","date_gmt":"2021-03-03T18:39:38","guid":{"rendered":"http:\/\/historiografija.hr\/?p=25249"},"modified":"2021-03-03T18:39:38","modified_gmt":"2021-03-03T18:39:38","slug":"rat-za-oslobodenje-bugarske-1877-78-fotografski-zapisi-iz-ostavstine-nestoroff-u-zbirci-mazuranic-brlic-ruzic-na-rijeci","status":"publish","type":"post","link":"https:\/\/historiografija.hr\/?p=25249","title":{"rendered":"\u201eRAT ZA OSLOBO\u0110ENJE BUGARSKE (1877-78): FOTOGRAFSKI ZAPISI IZ OSTAV\u0160TINE NESTOROFF U ZBIRCI MA\u017dURANI\u0106-BRLI\u0106-RU\u017dI\u0106 NA RIJECI\u201c"},"content":{"rendered":"\n<p>Ceremonija sve\u010danog otvaranja izlo\u017ebe Veleposlanstva Republike Bugarske odr\u017eat \u0107e se u \u010detvrtak, 4. o\u017eujka 2021. u foajeu i atriju Galerije Klovi\u0107evi dvori, u skladu sa svim epidemiolo\u0161kim mjerama Sto\u017eera civilne za\u0161tite, a gosti \u0107e biti do\u010dekani u tri faze \u2013 u 12.00, u 13.00 te u 14.00 sati.<\/p>\n\n\n\n<p>Veleposlanstvo Republike Bugarske u Zagrebu ima \u010dast obavijestiti hrvatsku javnost da \u0107e u Zagrebu po prvi puta biti predstavljeni jedinstveni fotografski zapisi Rusko-turskoga rata (1877. \u2013 1878.) koji je doveo do oslobo\u0111enja Bugarske i obnove bugarske dr\u017eave. Izlo\u017eba je veliki korak naprijed u kulturnoj razmjeni izme\u0111u hrvatskog i bugarskog naroda i primjer koliko je poglavlja iz zajedni\u010dke povijesti dva naroda jo\u0161 uvijek nepoznat.<\/p>\n\n\n\n<p>Dokumenti izlo\u017ebe prona\u0111eni su u spomeni\u010dkoj zbirci Ma\u017eurani\u0107\u2013Brli\u0107-Ru\u017ei\u0107 na Rijeci te su ve\u0107 predstavljeni u Bugarskoj i Rusiji. Oni su dio bogate ba\u0161tine Dimitara (Mincha) Nestoroffa \u2013 bugarski diplomat, koji je slu\u017eio u bugarskim veleposlanstvima u Beogradu, Istanbulu i Berlinu. Tijekom karijere slu\u017eio je i kao osobni tajnik bugarskog kralja Ferdninanda I Sax-Coburg-Gotha. Vjerojatno je zahvaljuju\u0107i tim kontaktima Mincho Nestoroff postao vlasnik fotografija Franza Duscheka, dvorskog fotografa rumunjskog princa iz tog perioda. Dok je bio u Beogradu, o\u017eenio se Aleksandrom \u2013 Alkom Ma\u017eurani\u0107, sestrom poznate hrvatske spisateljice Ivane Brli\u0107 Ma\u017eurani\u0107.<\/p>\n\n\n\n<hr class=\"wp-block-separator\"\/>\n\n\n\n<p>Izvor: <a href=\"https:\/\/gkd.hr\/2021\/02\/26\/izlozba-veleposlanstva-republike-bugarske\/\">https:\/\/gkd.hr\/2021\/02\/26\/izlozba-veleposlanstva-republike-bugarske\/<\/a><\/p>\n\n\n\n<hr class=\"wp-block-separator\"\/>\n","protected":false},"excerpt":{"rendered":"","protected":false},"author":2,"featured_media":25250,"comment_status":"open","ping_status":"open","sticky":false,"template":"","format":"standard","meta":{"_acf_changed":false,"jetpack_post_was_ever_published":false,"_jetpack_newsletter_access":"","_jetpack_dont_email_post_to_subs":false,"_jetpack_newsletter_tier_id":0,"_jetpack_memberships_contains_paywalled_content":false,"_jetpack_memberships_contains_paid_content":false,"footnotes":"","jetpack_publicize_message":"","jetpack_publicize_feature_enabled":true,"jetpack_social_post_already_shared":true,"jetpack_social_options":{"image_generator_settings":{"template":"highway","default_image_id":0,"font":"","enabled":false},"version":2}},"categories":[10,3],"tags":[],"class_list":["post-25249","post","type-post","status-publish","format-standard","has-post-thumbnail","hentry","category-izlozbe","category-novosti"],"acf":{"facebook_opis":""},"jetpack_publicize_connections":[],"jetpack_featured_media_url":"https:\/\/i0.wp.com\/historiografija.hr\/wp-content\/uploads\/2021\/03\/bugarska.jpg?fit=1024%2C776&ssl=1","jetpack_sharing_enabled":true,"jetpack-related-posts":[],"_links":{"self":[{"href":"https:\/\/historiografija.hr\/index.php?rest_route=\/wp\/v2\/posts\/25249","targetHints":{"allow":["GET"]}}],"collection":[{"href":"https:\/\/historiografija.hr\/index.php?rest_route=\/wp\/v2\/posts"}],"about":[{"href":"https:\/\/historiografija.hr\/index.php?rest_route=\/wp\/v2\/types\/post"}],"author":[{"embeddable":true,"href":"https:\/\/historiografija.hr\/index.php?rest_route=\/wp\/v2\/users\/2"}],"replies":[{"embeddable":true,"href":"https:\/\/historiografija.hr\/index.php?rest_route=%2Fwp%2Fv2%2Fcomments&post=25249"}],"version-history":[{"count":1,"href":"https:\/\/historiografija.hr\/index.php?rest_route=\/wp\/v2\/posts\/25249\/revisions"}],"predecessor-version":[{"id":25251,"href":"https:\/\/historiografija.hr\/index.php?rest_route=\/wp\/v2\/posts\/25249\/revisions\/25251"}],"wp:featuredmedia":[{"embeddable":true,"href":"https:\/\/historiografija.hr\/index.php?rest_route=\/wp\/v2\/media\/25250"}],"wp:attachment":[{"href":"https:\/\/historiografija.hr\/index.php?rest_route=%2Fwp%2Fv2%2Fmedia&parent=25249"}],"wp:term":[{"taxonomy":"category","embeddable":true,"href":"https:\/\/historiografija.hr\/index.php?rest_route=%2Fwp%2Fv2%2Fcategories&post=25249"},{"taxonomy":"post_tag","embeddable":true,"href":"https:\/\/historiografija.hr\/index.php?rest_route=%2Fwp%2Fv2%2Ftags&post=25249"}],"curies":[{"name":"wp","href":"https:\/\/api.w.org\/{rel}","templated":true}]}}