{"id":25234,"date":"2021-03-02T20:18:56","date_gmt":"2021-03-02T20:18:56","guid":{"rendered":"http:\/\/historiografija.hr\/?p=25234"},"modified":"2021-03-02T20:23:24","modified_gmt":"2021-03-02T20:23:24","slug":"nevenko-bartulin-dara-iz-jasenovca-i-mit-o-ndh-kao-katolickoj-drzavi","status":"publish","type":"post","link":"https:\/\/historiografija.hr\/?p=25234","title":{"rendered":"Nevenko Bartulin: &#8220;Dara iz Jasenovca&#8221; i mit o NDH kao \u2018katoli\u010dkoj\u2019 dr\u017eavi"},"content":{"rendered":"\n<p>Dovoljno je pogledati pojedine scene iz filma <em>Dara iz Jasenovca<\/em> te \u010ditati razne reakcije i kritike o tome da bi se dobio jak dojam da je NDH bila dr\u017eava pod sna\u017enim utjecajem politi\u010dkog katolicizma (\u2018klerikalizam\u2019). Ovakva se slika ve\u0107 desetlje\u0107ima promovira od strane dobrog dijela srpske (pa i biv\u0161e jugoslavenske) historiografije i srpskih nacionalisti\u010dkih krugova. Dobro je poznato da su jugoslavenske komunisti\u010dke vlasti vidjele opasnog ideolo\u0161kog protivnika u Katoli\u010dkoj crkvi (barem u prvim godinama Titove vlasti) pa je usko povezivanje usta\u0161tva i katolicizma (naro\u010dito preko osobe zagreba\u010dkog nadbiskupa Alojzija Stepinca) bilo nu\u017eno u namjeri da se ocrni ugled Crkve u Hrvatskoj.<a href=\"#_ftn1\">[1]<\/a> Za srpske nacionalisti\u010dke povjesni\u010dare, svo\u0111enje usta\u0161ke ideologije na radikalno katoli\u010danstvo zapravo slu\u017ei \u2013 implicitno ili izri\u010dito \u2013 kao jo\u0161 jedan dokaz da hrvatski nacionalisti (pa i Hrvati kao narod) zapravo nemaju svoj vlastiti etno-kulturni identitet. Drugim rije\u010dima, oni samo imaju svoj klerikalizam, koji su servilno primili od Rima i Be\u010da, i jedina stvar koja bitno razlikuje \u2018katoli\u010dke Srbe\u2019 (tj. \u0161tokavske Hrvate) od ostalih Srba jest katoli\u010danstvo.<a href=\"#_ftn2\">[2]<\/a> U stvarnosti, usta\u0161ki su ideolozi imali razra\u0111enu teoriju o etni\u010dko-rasnim razlikama izme\u0111u Hrvata i Srba te se usta\u0161ka rasna politika prema \u017didovima i Romima zapravo poklapala s antisrpskim mjerama.<a href=\"#_ftn3\">[3]<\/a><\/p>\n\n\n\n<p>Ima mnogo primjera koji pokazuju da NDH nije bila \u2018katoli\u010dka\u2019 dr\u017eava, unato\u010d postojanju politi\u010dko katoli\u010dke frakcije unutar usta\u0161kog pokreta: od otvaranja d\u017eamije u sredi\u0161tu Zagreba 1944. godine do tajne rasprave Pravnog instituta NDH u istoj godini oko budu\u0107eg uvo\u0111enja univerzalnog civilnog braka u usta\u0161koj dr\u017eavi.<a href=\"#_ftn4\">[4]<\/a> Iako su njema\u010dke ustanove u NDH znale kritizirati usta\u0161e zbog navodno prevelikog klerikalnog utjecaja u Hrvatskoj, nacionalsocijalisti su ipak bili svjesni da je odnos izme\u0111u hrvatskog nacionalizma i politi\u010dkog katolicizma bio puno slo\u017eeniji. Na primjer, u jednom izvje\u0161taju iz kolovoza 1942. predstavnik glavnog ureda za sigurnost Reicha (RSHA) u NDH, SS-Hauptsturmf\u00fchrer Rudolf Kob, dao je sljede\u0107e obja\u0161njenje:<\/p>\n\n\n\n<p>\u2018\u2026mora se naro\u010dito podvu\u0107i, da ve\u0107ina Hrvata katolika ni u kojem slu\u010daju nisu raspolo\u017eeni klerikalno. Hrvat je u prvom redu Hrvat, a onda istom katolik. Ovo se odnosi kako na selja\u010dko, a jo\u0161 u ve\u0107oj mjeri i na gradsko hrvatsko stanovni\u0161tvo izmedju koje nesumnjivo opa\u017eaju se jake protiv religiozne struje, i to ne samo pod pro\u0161lim liberalisti\u010dkim utjecajem, nego i izmedju dobrih hrvatskih nacionalista \u0161to se ispoljava jo\u0161 i danas u jednom anti-habsburgovskom pravcu. Veliku [je] ulogu za ovo nepobo\u017eno dr\u017eanje hrvatskog stanovni\u0161tva igralo anti-klerikalno-katoli\u010dko dr\u017eanje od sviju Hrvata po\u0161tivanog hrvatskog nacionalnog vodja Radi\u0107a, u u\u010denju kojeg u izvjesnim osnovama opa\u017eaju se \u010dak anti-religiozne teze\u2019.<a href=\"#_ftn5\">[5]<\/a><\/p>\n\n\n\n<p>Zanimljivo je primijetiti da je Ante Paveli\u0107 zaklju\u010dio, u svojim poslijeratnim <em>Do\u017eivljajima<\/em>, kako je \u2018pripadnost\u2019 hrvatskog naroda \u2018Zapadnoj rimskoj crkvi bila uviek na u\u0161trb njegovim narodnim i dr\u017eavnim te\u017enjama\u2019.<a href=\"#_ftn6\">[6]<\/a><\/p>\n\n\n\n<p>\u0160to se ti\u010de filma Predraga Antonijevi\u0107a, neki su inozemni kriti\u010dari poput Jay Weissberga jasno ozna\u010dili <em>Daru iz Jasenovca<\/em> antikatoli\u010dkim (i antihrvatskim).<a href=\"#_ftn7\">[7]<\/a> \u010cak su i vi\u0161e pozitivne recenzije filma, poput onih od strane povjesni\u010dara Hrvoja Klasi\u0107a<a href=\"#_ftn8\">[8]<\/a> i Roryja Yeomansa<a href=\"#_ftn9\">[9]<\/a>, ukazale na historiografske neto\u010dnosti poput pojave \u010dasnih sestara u jasenova\u010dkom logoru, iako ih tamo sigurno nije bilo (kao \u0161to tamo sigurno nije visjela slika Alojzija Stepinca pokraj slike Poglavnika NDH). Klasi\u0107 tvrdi da \u2018nije antikatolicizam prikazati da je dio hrvatskog katoli\u010dkog klera aktivno podupirao usta\u0161ki pokret\u2019.<a href=\"#_ftn10\">[10]<\/a> Mogao bih se vi\u0161e-manje slo\u017eiti s takvim stavom, ali je problem \u0161to film o\u010dito ne daje nikakve naznake da su postojale ozbiljne napetosti izme\u0111u Katoli\u010dke crkve i usta\u0161a te da je dio muslimanske uleme, pa i dio evangeli\u010dkog klera, tako\u0111er dao podr\u0161ku usta\u0161kim vlastima. Unato\u010d podr\u0161ci koju je dobila od dijela katoli\u010dkog klera, NDH je ipak bila \u2018moderna\u2019, sekularna dr\u017eava s rasnim, a ne vjerskim, zakonima. Mo\u017ee se dakle o\u010dekivati da \u0107e <em>Dara iz Jasenovca<\/em> produbiti mit o \u2018katoli\u010dkoj\u2019 NDH, a to ujedno zna\u010di da \u0107e film vjerojatno poja\u010dati hrvatsko-srpske sporove, pa i \u2018lijevo-desna\u2019 prepucavanja u samoj Hrvatskoj, oko uloge Stepinca i Katoli\u010dke crkve u NDH.<\/p>\n\n\n\n<p><em>Nevenko Bartulin<\/em><\/p>\n\n\n\n<hr class=\"wp-block-separator\"\/>\n\n\n\n<p><a href=\"#_ftnref1\">[1]<\/a> Robin Harris, <em>Stepinac: His Life and Times<\/em> (Herefordshire: Gracewing, 2016), 1-17.<\/p>\n\n\n\n<p><a href=\"#_ftnref2\">[2]<\/a> Prema Sr\u0111i Trifkovi\u0107u, usta\u0161ki genocid nad Srbima je izravni nastavak \u2018antisrpske\u2019 politike koja se vodila protiv pravoslavnih grani\u010dara u Vojnoj Krajini od strane hrvatskog plemstva i Katoli\u010dke crkve. Vi\u0161e o tome vidjeti u: Nevenko Bartulin, \u2018Sr\u0111a Trifkovi\u0107 i njegova \u2018nova\u2019 teorija o genocidnosti hrvatske politi\u010dke tradicije i kulture\u2019, <em>Historiografija.hr. Portal hrvatske historiografije<\/em>. Objavljeno: 11.05.2020: <a href=\"http:\/\/www.historiografija.hr\/?p=20857\">www.historiografija.hr\/?p=20857<\/a> \u00a0<\/p>\n\n\n\n<p><a href=\"#_ftnref3\">[3]<\/a> Iako Srbi u NDH nisu slu\u017ebeno definirani kao \u2018ne-arijci\u2019, usta\u0161ki su ideolozi tvrdili da je ve\u0107i broj Srba nearijskog odnosno prednjoazijskog rasnog podrijetla. Vi\u0161e o ovom pitanju vidjeti u: N. Bartulin, <em>The Racial Idea in the Independent State of Croatia: Origins and Theory <\/em>(Leiden and Boston: Brill, 2014), 203-218.<\/p>\n\n\n\n<p><a href=\"#_ftnref4\">[4]<\/a> Emily Greble, \u2018Illusions of Justice: Fascist, Customary and Islamic Law in the Independent State of Croatia\u2019, <em>Past and Present<\/em>, 222 (2014), 264.<\/p>\n\n\n\n<p><a href=\"#_ftnref5\">[5]<\/a> HDA, Arhiv Hansa Helma, XIII knjiga: kutija 36, 25. 08. 1942, 22.<\/p>\n\n\n\n<p><a href=\"#_ftnref6\">[6]<\/a> Ante Paveli\u0107, <em>Do\u017eivljaji I<\/em> (Madrid: Domovina, 1968), 292.<\/p>\n\n\n\n<p><a href=\"#_ftnref7\">[7]<\/a> Jay Weissberg, \u2018\u201cDara of Jasenovac\u201d Review: A Holocaust Movie With Questionable Intentions\u2019, <em>Variety<\/em>, Jan 25, 2021: <a href=\"https:\/\/variety.com\/2021\/film\/reviews\/dara-of-jasenovac-film-review-dara-iz-jasenovca-1234890745\/\">https:\/\/variety.com\/2021\/film\/reviews\/dara-of-jasenovac-film-review-dara-iz-jasenovca-1234890745\/<\/a><\/p>\n\n\n\n<p><a href=\"#_ftnref8\">[8]<\/a> Hrvoje Klasi\u0107,&nbsp; \u2018Povijesni pogled na \u201cDaru iz Jasenovca\u201d: Film nije antihrvatski, ali su usporedbe usta\u0161kog logora s Olujom i Kosovom potpuno sulude\u2019, <em>net.hr<\/em>, 23.02.2021: <a href=\"https:\/\/net.hr\/danas\/hrvatska\/povijesni-pogled-na-daru-iz-jasenovca-film-nije-antihrvatski-ali-su-usporedbe-ustaskog-logora-s-olujom-i-kosovom-potpuno-sulude\/\">https:\/\/net.hr\/danas\/hrvatska\/povijesni-pogled-na-daru-iz-jasenovca-film-nije-antihrvatski-ali-su-usporedbe-ustaskog-logora-s-olujom-i-kosovom-potpuno-sulude\/<\/a><\/p>\n\n\n\n<p><a href=\"#_ftnref9\">[9]<\/a> Rory Yeomans, \u2018Controversial Serbian Holocaust Film Isn\u2019t Anti-Croat Propaganda\u2019, <em>Balkan Insight<\/em>, February 16, 2021: <a href=\"https:\/\/balkaninsight.com\/2021\/02\/16\/controversial-serbian-holocaust-film-isnt-anti-croat-propaganda\/\">https:\/\/balkaninsight.com\/2021\/02\/16\/controversial-serbian-holocaust-film-isnt-anti-croat-propaganda\/<\/a><\/p>\n\n\n\n<p><a href=\"#_ftnref10\">[10]<\/a> Klasi\u0107, \u2018Povijesni pogled na \u201cDaru iz Jasenovca\u201d\u2019.<\/p>\n\n\n\n<hr class=\"wp-block-separator\"\/>\n","protected":false},"excerpt":{"rendered":"","protected":false},"author":2,"featured_media":0,"comment_status":"open","ping_status":"open","sticky":false,"template":"","format":"standard","meta":{"_acf_changed":false,"jetpack_post_was_ever_published":false,"_jetpack_newsletter_access":"","_jetpack_dont_email_post_to_subs":false,"_jetpack_newsletter_tier_id":0,"_jetpack_memberships_contains_paywalled_content":false,"_jetpack_memberships_contains_paid_content":false,"footnotes":"","jetpack_publicize_message":"","jetpack_publicize_feature_enabled":true,"jetpack_social_post_already_shared":true,"jetpack_social_options":{"image_generator_settings":{"template":"highway","default_image_id":0,"font":"","enabled":false},"version":2}},"categories":[4,17],"tags":[],"class_list":["post-25234","post","type-post","status-publish","format-standard","hentry","category-osvrti","category-rasprave"],"acf":{"facebook_opis":""},"jetpack_publicize_connections":[],"jetpack_featured_media_url":"","jetpack_sharing_enabled":true,"jetpack-related-posts":[],"_links":{"self":[{"href":"https:\/\/historiografija.hr\/index.php?rest_route=\/wp\/v2\/posts\/25234","targetHints":{"allow":["GET"]}}],"collection":[{"href":"https:\/\/historiografija.hr\/index.php?rest_route=\/wp\/v2\/posts"}],"about":[{"href":"https:\/\/historiografija.hr\/index.php?rest_route=\/wp\/v2\/types\/post"}],"author":[{"embeddable":true,"href":"https:\/\/historiografija.hr\/index.php?rest_route=\/wp\/v2\/users\/2"}],"replies":[{"embeddable":true,"href":"https:\/\/historiografija.hr\/index.php?rest_route=%2Fwp%2Fv2%2Fcomments&post=25234"}],"version-history":[{"count":3,"href":"https:\/\/historiografija.hr\/index.php?rest_route=\/wp\/v2\/posts\/25234\/revisions"}],"predecessor-version":[{"id":25237,"href":"https:\/\/historiografija.hr\/index.php?rest_route=\/wp\/v2\/posts\/25234\/revisions\/25237"}],"wp:attachment":[{"href":"https:\/\/historiografija.hr\/index.php?rest_route=%2Fwp%2Fv2%2Fmedia&parent=25234"}],"wp:term":[{"taxonomy":"category","embeddable":true,"href":"https:\/\/historiografija.hr\/index.php?rest_route=%2Fwp%2Fv2%2Fcategories&post=25234"},{"taxonomy":"post_tag","embeddable":true,"href":"https:\/\/historiografija.hr\/index.php?rest_route=%2Fwp%2Fv2%2Ftags&post=25234"}],"curies":[{"name":"wp","href":"https:\/\/api.w.org\/{rel}","templated":true}]}}