{"id":25223,"date":"2021-03-01T18:14:11","date_gmt":"2021-03-01T18:14:11","guid":{"rendered":"http:\/\/historiografija.hr\/?p=25223"},"modified":"2021-03-01T18:14:37","modified_gmt":"2021-03-01T18:14:37","slug":"dokumentarni-film-labinska-republika","status":"publish","type":"post","link":"https:\/\/historiografija.hr\/?p=25223","title":{"rendered":"Dokumentarni film \u201cLabinska republika\u201d"},"content":{"rendered":"\n<p>Ne propustite u ponedjeljak, 1. o\u017eujka na Prvom programu u 20:10 dokumentarni film Labinska republika. Dokumentarni film otkriva temelje i odjek glasovitog ustanka labinskih rudara iz 1921. godine, koji se smatra jednim od prvih organiziranih antifa\u0161isti\u010dkih otpora u svijetu.<\/p>\n\n\n\n<p>Lokalna filmska ekipa, sastavljena od potomaka rudara i sudionika Labinske republike, istra\u017euje socijalni kontekst i ideolo\u0161ku konotaciju koju je povijesni doga\u0111aj kroz jedno stolje\u0107e poprimio. Bunt rudara postao je dio identiteta grada Labina te inspirirao niz kulturnih i umjetni\u010dkih inicijativa koje i danas ponosno \u0161ire glas o labinskom ustanku iz 1921. Iza mitolo\u0161ke slike i politi\u010dke ideologije dugo vremena ostale su skrivene vrijednosti Labinske republike koje i danas mogu biti uzor u borbi za bolji i pravedniji svijet: multikulturalnost, jedinstvo i hrabrost.<\/p>\n\n\n\n<p>Redatelj i direktor fotografije <strong>Goran Na\u010dinovi\u0107, <\/strong>scenarist <strong>Toni Juri\u010di\u0107,<\/strong> autor glazbe <strong>Sanel Isanovi\u0107.\u00a0<\/strong>Ilustracije i animacije potpisuje\u00a0<strong>Vibor Juhas.<br><\/strong><br>Narator je<strong> Ljubomir Hlobik,<\/strong> monta\u017eer i vizualni efekti <strong>Goran Na\u010dinovi\u0107,<\/strong> a producentica<strong> Bianca Dagostin.\u00a0<\/strong>Urednik je\u00a0<strong>Ivica Dlesk.<br><\/strong><br>Produkcija: Level 52 za HRT, 2021.<br><br>Emisiju na podru\u010dju RH pratite i preko multimedijske usluge <a rel=\"noreferrer noopener\" href=\"https:\/\/hrti.hrt.hr\/home\" target=\"_blank\"><strong>HRTi.<\/strong><\/a><\/p>\n\n\n\n<hr class=\"wp-block-separator\"\/>\n\n\n\n<p>Izvor: <a href=\"https:\/\/hrtprikazuje.hrt.hr\/dokumentarci\/labinska-republika-680227\">https:\/\/hrtprikazuje.hrt.hr\/dokumentarci\/labinska-republika-680227<\/a><\/p>\n\n\n\n<hr class=\"wp-block-separator\"\/>\n","protected":false},"excerpt":{"rendered":"","protected":false},"author":2,"featured_media":25224,"comment_status":"open","ping_status":"open","sticky":false,"template":"","format":"standard","meta":{"_acf_changed":false,"jetpack_post_was_ever_published":false,"_jetpack_newsletter_access":"","_jetpack_dont_email_post_to_subs":false,"_jetpack_newsletter_tier_id":0,"_jetpack_memberships_contains_paywalled_content":false,"_jetpack_memberships_contains_paid_content":false,"footnotes":"","jetpack_publicize_message":"","jetpack_publicize_feature_enabled":true,"jetpack_social_post_already_shared":true,"jetpack_social_options":{"image_generator_settings":{"template":"highway","default_image_id":0,"font":"","enabled":false},"version":2}},"categories":[13,3],"tags":[],"class_list":["post-25223","post","type-post","status-publish","format-standard","has-post-thumbnail","hentry","category-filmovi-i-serije","category-novosti"],"acf":{"facebook_opis":""},"jetpack_publicize_connections":[],"jetpack_featured_media_url":"https:\/\/i0.wp.com\/historiografija.hr\/wp-content\/uploads\/2021\/03\/labinska-republika.jpg?fit=1920%2C1080&ssl=1","jetpack_sharing_enabled":true,"jetpack-related-posts":[],"_links":{"self":[{"href":"https:\/\/historiografija.hr\/index.php?rest_route=\/wp\/v2\/posts\/25223","targetHints":{"allow":["GET"]}}],"collection":[{"href":"https:\/\/historiografija.hr\/index.php?rest_route=\/wp\/v2\/posts"}],"about":[{"href":"https:\/\/historiografija.hr\/index.php?rest_route=\/wp\/v2\/types\/post"}],"author":[{"embeddable":true,"href":"https:\/\/historiografija.hr\/index.php?rest_route=\/wp\/v2\/users\/2"}],"replies":[{"embeddable":true,"href":"https:\/\/historiografija.hr\/index.php?rest_route=%2Fwp%2Fv2%2Fcomments&post=25223"}],"version-history":[{"count":1,"href":"https:\/\/historiografija.hr\/index.php?rest_route=\/wp\/v2\/posts\/25223\/revisions"}],"predecessor-version":[{"id":25225,"href":"https:\/\/historiografija.hr\/index.php?rest_route=\/wp\/v2\/posts\/25223\/revisions\/25225"}],"wp:featuredmedia":[{"embeddable":true,"href":"https:\/\/historiografija.hr\/index.php?rest_route=\/wp\/v2\/media\/25224"}],"wp:attachment":[{"href":"https:\/\/historiografija.hr\/index.php?rest_route=%2Fwp%2Fv2%2Fmedia&parent=25223"}],"wp:term":[{"taxonomy":"category","embeddable":true,"href":"https:\/\/historiografija.hr\/index.php?rest_route=%2Fwp%2Fv2%2Fcategories&post=25223"},{"taxonomy":"post_tag","embeddable":true,"href":"https:\/\/historiografija.hr\/index.php?rest_route=%2Fwp%2Fv2%2Ftags&post=25223"}],"curies":[{"name":"wp","href":"https:\/\/api.w.org\/{rel}","templated":true}]}}