{"id":2522,"date":"2016-10-11T22:00:05","date_gmt":"2016-10-11T22:00:05","guid":{"rendered":"http:\/\/historiografija.hr\/?p=2522"},"modified":"2020-12-21T21:43:05","modified_gmt":"2020-12-21T21:43:05","slug":"preminula-povjesnicarka-brigitte-hamann","status":"publish","type":"post","link":"https:\/\/historiografija.hr\/?p=2522","title":{"rendered":"Preminula povjesni\u010darka Brigitte Hamann"},"content":{"rendered":"<p class=\"MsoNormal\" style=\"text-align:justify\"><span style=\"mso-ansi-language: HR\">&nbsp;<\/span><\/p>\n<p class=\"MsoNormal\" style=\"text-align:justify\"><span style=\"mso-ansi-language: HR\">Nakon duge i te\u0161ke bolesti preminula je njema\u010dko-austrijska povjesni\u010darka Brigitte Hamann (1940.-2016.). Zavr\u0161ila je germanistiku i povijest na Sveu\u010dili\u0161tima u M\u00fcnsteru i Be\u010du. S te\u017ei\u0161tem na povijesti 19. i 20. stolje\u0107a, Hamann je kao slobodna povjesni\u010darka objavila niz zna\u010dajnih radova. Pritom se naro\u010dito isti\u010de njezin doprinos \u017eanru biografija: obradila je na vrlo suvremen na\u010din \u017eivote carevi\u0107a Rudolfa Habsbur\u0161kog (<i style=\"mso-bidi-font-style:normal\">Rudolf, Kronprinz und Rebell<\/i>, 1978., vi\u0161e dopunjenih izdanja) i carice Elizabete (Sisi) (<i style=\"mso-bidi-font-style:normal\">Elisabeth, Kaiserin wider Willen<\/i>, 1981., tako\u0111er vi\u0161e dopunjenih izdanja), ali se nizu biografija nadovezala i knjigom <i style=\"mso-bidi-font-style:normal\">Hitlers Wien<\/i> (1996., vi\u0161e izdanja), ukazuju\u0107i kroz modernu urbanu biografiju na unutra\u0161nju politi\u010dku i dru\u0161tvenu dinamiku Be\u010da na prijelazu stolje\u0107a. Hamann je tako\u0111er objavila knjige o Wolfgangu Amadeusu Mozartu (razli\u010dita izdanja), Mariji Tereziji (povijest namijenjena djeci), nobelovki Berthi von Suttner, o obitelji glazbenika Richarda Wagnera, Prvom svjetskom ratu i povijesti Habsburgovaca u obliku leksikona. Kao svestrana povjesni\u010darka sudjelovala je i pri izradi scenarija za filmska i dokumentarna ostvarenja, a uredila je i nekolicinu knjiga izvora vezanih uz cara Franju Josipa I. i obitelj Habsburg. Stru\u010dni i znanstveni rad Brigitte Hamann ukazuje na to koliko je kao povjesni\u010darka bila ispred svojeg vremena te kako je kao slobodna povjesni\u010darka svoju karijeru postupno gradila na temeljima kriti\u010dnosti, preciznosti i inovativnosti, uvijek nastoje\u0107i pisati istovremeno i za struku i za \u0161iru publiku. Dobitnica je vi\u0161e va\u017enih austrijskih i njema\u010dkih nagrada, a njene su knjige prevo\u0111ene na vi\u0161e svjetskih jezika. Bila je supruga austrijskog povjesni\u010dara G\u00fcnthera Hamanna (1924.-1994.) i majka troje djece.<span style=\"mso-spacerun:yes\">&nbsp;&nbsp; <\/span><\/span><\/p>\n<p class=\"MsoNormal\" style=\"text-align:justify\"><span style=\"mso-ansi-language: HR\">&nbsp;<\/span><\/p>\n<p class=\"MsoNormal\" style=\"text-align:justify\"><span style=\"mso-ansi-language: HR\">&nbsp;<\/span><\/p>\n<p class=\"MsoNormal\" style=\"text-align:right\" align=\"right\"><i style=\"mso-bidi-font-style: normal\"><span style=\"mso-ansi-language:HR\">Filip \u0160imetin \u0160egvi\u0107<\/span><\/i><\/p>\n<p class=\"MsoNormal\" style=\"text-align:right\" align=\"right\"><span style=\"mso-ansi-language: HR\">&nbsp;<\/span><\/p>\n<p class=\"MsoNormal\" style=\"text-align:justify\"><span style=\"mso-ansi-language: HR\">&nbsp;<\/span><\/p>\n<p class=\"MsoNormal\" style=\"text-align:justify\"><span style=\"mso-ansi-language: HR\">&nbsp;<\/span><\/p>\n<p class=\"MsoNormal\" style=\"text-align:justify\"><span style=\"mso-ansi-language: HR\">&nbsp;<\/span><\/p>\n<p class=\"MsoNormal\" style=\"text-align:justify\"><b style=\"mso-bidi-font-weight: normal\"><span style=\"mso-ansi-language:HR\">Dodatne obavijesti:<\/span><\/b><\/p>\n<p class=\"MsoNormal\" style=\"text-align:justify\"><b style=\"mso-bidi-font-weight: normal\"><span style=\"mso-ansi-language:HR\"><br \/>\n<\/span><\/b><\/p>\n<p class=\"MsoNormal\" style=\"text-align:justify\"><b style=\"mso-bidi-font-weight: normal\"><span style=\"mso-ansi-language:HR\">&nbsp;<\/span><\/b><\/p>\n<p class=\"MsoNormal\" style=\"text-align:justify\">\n<style> <!--  \/* Style Definitions *\/  p.MsoNormal, li.MsoNormal, div.MsoNormal \t{mso-style-unhide:no; \tmso-style-qformat:yes; \tmso-style-parent:\"\"; \tmargin:0cm; \tmargin-bottom:.0001pt; \tmso-pagination:widow-orphan; \tfont-size:12.0pt; \tfont-family:\"Times New Roman\",\"serif\"; \tmso-fareast-font-family:\"Times New Roman\"; \tmso-ansi-language:EN-US; \tmso-fareast-language:EN-US;} a:link, span.MsoHyperlink \t{mso-style-priority:99; \tmso-style-parent:\"\"; \tcolor:blue; \ttext-decoration:underline; \ttext-underline:single;} a:visited, span.MsoHyperlinkFollowed \t{mso-style-noshow:yes; \tmso-style-priority:99; \tcolor:purple; \tmso-themecolor:followedhyperlink; \ttext-decoration:underline; \ttext-underline:single;} .MsoChpDefault \t{mso-style-type:export-only; \tmso-default-props:yes; \tfont-size:10.0pt; \tmso-ansi-font-size:10.0pt; \tmso-bidi-font-size:10.0pt;} @page Section1 \t{size:612.0pt 792.0pt; \tmargin:70.85pt 70.85pt 70.85pt 70.85pt; \tmso-header-margin:36.0pt; \tmso-footer-margin:36.0pt; \tmso-paper-source:0;} div.Section1 \t{page:Section1;} --> <\/style>\n<\/p>\n<p class=\"MsoNormal\" style=\"text-align:justify\"><span style=\"mso-ansi-language: HR\"><a href=\"http:\/\/derstandard.at\/2000045363563\/Historikerin-Brigitte-Hamann-gestorben\">http:\/\/derstandard.at\/2000045363563\/Historikerin-Brigitte-Hamann-gestorben<\/a><\/span><\/p>\n<p class=\"MsoNormal\" style=\"text-align:justify\"><span style=\"mso-ansi-language: HR\">&nbsp;<\/span><\/p>\n<p class=\"MsoNormal\" style=\"text-align:justify\"><span style=\"mso-ansi-language: HR\">&nbsp;<\/span><\/p>\n<p class=\"MsoNormal\" style=\"text-align:justify\"><span style=\"mso-ansi-language: HR\"><a href=\"http:\/\/austria-forum.org\/af\/AEIOU\/Hamann%2C_Brigitte\">http:\/\/austria-forum.org\/af\/AEIOU\/Hamann%2C_Brigitte<\/a><\/span><\/p>\n<p class=\"MsoNormal\" style=\"text-align:justify\"><span style=\"mso-ansi-language: HR\">&nbsp;<\/span><\/p>\n<p class=\"MsoNormal\" style=\"text-align:justify\"><span style=\"mso-ansi-language: HR\">&nbsp;<\/span><\/p>\n<p class=\"MsoNormal\" style=\"text-align:justify\"><span style=\"mso-ansi-language: HR\"><a href=\"https:\/\/kurier.at\/kultur\/historikerin-brigitte-hamann-gestorben\/224.501.019\">https:\/\/kurier.at\/kultur\/historikerin-brigitte-hamann-gestorben\/224.501.019<\/a><\/span><\/p>\n<p class=\"MsoNormal\" style=\"text-align:justify\"><span style=\"mso-ansi-language: HR\">&nbsp;<\/span><\/p>\n<p class=\"MsoNormal\" style=\"text-align:justify\"><span style=\"mso-ansi-language: HR\">&nbsp;<\/span><\/p>\n<p class=\"MsoNormal\" style=\"text-align:justify\"><span style=\"mso-ansi-language: HR\"><a href=\"http:\/\/www.faz.net\/aktuell\/feuilleton\/geisteswissenschaften\/zum-tod-von-brigitte-hamann-ungekroente-koenigin-im-reich-der-historiker-14467579.html\">http:\/\/www.faz.net\/aktuell\/feuilleton\/geisteswissenschaften\/zum-tod-von-brigitte-hamann-ungekroente-koenigin-im-reich-der-historiker-14467579.html<\/a><\/span><\/p>\n<p class=\"MsoNormal\" style=\"text-align:justify\"><span style=\"mso-ansi-language: HR\">&nbsp;<\/span><\/p>\n<p class=\"MsoNormal\" style=\"text-align:justify\"><span style=\"mso-ansi-language: HR\">&nbsp;<\/span><\/p>\n<p class=\"MsoNormal\" style=\"text-align:justify\"><span style=\"mso-ansi-language: HR\"><a href=\"http:\/\/www.spiegel.de\/kultur\/gesellschaft\/historikerin-brigitte-hamann-ist-tot-a-1115226.html\">http:\/\/www.spiegel.de\/kultur\/gesellschaft\/historikerin-brigitte-hamann-ist-tot-a-1115226.html<\/a><\/span><\/p>\n<p class=\"MsoNormal\" style=\"text-align:justify\"><span style=\"mso-ansi-language: HR\">&nbsp;<\/span><\/p>\n<p class=\"MsoNormal\" style=\"text-align:justify\"><span style=\"mso-ansi-language: HR\"><a href=\"http:\/\/www.spiegel.de\/kultur\/gesellschaft\/historikerin-brigitte-hamann-ist-tot-a-1115226.html\"><br \/>\n<\/a><\/span><\/p>\n<p class=\"MsoNormal\" style=\"text-align:justify\"><span style=\"mso-ansi-language: HR\"><a href=\"http:\/\/www.spiegel.de\/kultur\/gesellschaft\/historikerin-brigitte-hamann-ist-tot-a-1115226.html\"><br \/>\n<\/a><\/span><\/p>\n","protected":false},"excerpt":{"rendered":"","protected":false},"author":1,"featured_media":0,"comment_status":"open","ping_status":"open","sticky":false,"template":"","format":"standard","meta":{"_acf_changed":false,"jetpack_post_was_ever_published":false,"_jetpack_newsletter_access":"","_jetpack_dont_email_post_to_subs":false,"_jetpack_newsletter_tier_id":0,"_jetpack_memberships_contains_paywalled_content":false,"_jetpack_memberships_contains_paid_content":false,"footnotes":"","jetpack_publicize_message":"","jetpack_publicize_feature_enabled":true,"jetpack_social_post_already_shared":false,"jetpack_social_options":{"image_generator_settings":{"template":"highway","default_image_id":0,"font":"","enabled":false},"version":2}},"categories":[3,20],"tags":[],"class_list":["post-2522","post","type-post","status-publish","format-standard","hentry","category-novosti","category-obavijesti-o-smrti-i-nekrolozi"],"acf":{"facebook_opis":""},"jetpack_publicize_connections":[],"jetpack_featured_media_url":"","jetpack_sharing_enabled":true,"jetpack-related-posts":[{"id":52536,"url":"https:\/\/historiografija.hr\/?p=52536","url_meta":{"origin":2522,"position":0},"title":"Kader Abdolah, \u201ePrije nego \u0161to bude kasno\u201c","author":"Branimir Jankovi\u0107","date":"20. travnja 2026.","format":false,"excerpt":"Kader Abdolah \u017eeli se vratiti ku\u0107i. Ali povratak je nemogu\u0107: u Iranu bi bio uhap\u0161en. Pod la\u017enim imenom i s krivotvorenim paso\u0161em ipak uspijeva u\u0107i u domovinu i sti\u017ee do roditeljske ku\u0107e, visoko u planinama. Majka ga ne prepoznaje, otac je mrtav, a sve \u0161to je tra\u017eio izmi\u010de mu pred\u2026","rel":"","context":"U &quot;Novosti&quot;","block_context":{"text":"Novosti","link":"https:\/\/historiografija.hr\/?cat=3"},"img":{"alt_text":"","src":"https:\/\/i0.wp.com\/historiografija.hr\/wp-content\/uploads\/2026\/04\/Prije-nego-sto-bude-kasno.webp?fit=566%2C872&ssl=1&resize=350%2C200","width":350,"height":200,"srcset":"https:\/\/i0.wp.com\/historiografija.hr\/wp-content\/uploads\/2026\/04\/Prije-nego-sto-bude-kasno.webp?fit=566%2C872&ssl=1&resize=350%2C200 1x, https:\/\/i0.wp.com\/historiografija.hr\/wp-content\/uploads\/2026\/04\/Prije-nego-sto-bude-kasno.webp?fit=566%2C872&ssl=1&resize=525%2C300 1.5x"},"classes":[]},{"id":52592,"url":"https:\/\/historiografija.hr\/?p=52592","url_meta":{"origin":2522,"position":1},"title":"Predstavljanje knjige &#8220;Turska ku\u0107a u Rijeci&#8221; u Zagrebu","author":"Branimir Jankovi\u0107","date":"22. travnja 2026.","format":false,"excerpt":"U prostorijama Turskog kulturnog centra Yunus Emre u Zagrebu, u utorak 21. travnja 2026. godine, odr\u017eano je sve\u010dano predstavljanje dopunjenog izdanja knjige Turska ku\u0107a u Rijeci, u organizaciji Hrvatsko-turskog dru\u0161tva Rijeka i partnerstvu sa Skupinom prijateljstva Hrvatska-Turska Hrvatskog sabora, Veleposlanstvom Republike Turske u Republici Hrvatskoj te Turskim kulturnim centrom Yunus\u2026","rel":"","context":"U &quot;Novosti&quot;","block_context":{"text":"Novosti","link":"https:\/\/historiografija.hr\/?cat=3"},"img":{"alt_text":"","src":"https:\/\/i0.wp.com\/historiografija.hr\/wp-content\/uploads\/2026\/04\/Turska-kuca-ZG.jpg?fit=1200%2C800&ssl=1&resize=350%2C200","width":350,"height":200,"srcset":"https:\/\/i0.wp.com\/historiografija.hr\/wp-content\/uploads\/2026\/04\/Turska-kuca-ZG.jpg?fit=1200%2C800&ssl=1&resize=350%2C200 1x, https:\/\/i0.wp.com\/historiografija.hr\/wp-content\/uploads\/2026\/04\/Turska-kuca-ZG.jpg?fit=1200%2C800&ssl=1&resize=525%2C300 1.5x, https:\/\/i0.wp.com\/historiografija.hr\/wp-content\/uploads\/2026\/04\/Turska-kuca-ZG.jpg?fit=1200%2C800&ssl=1&resize=700%2C400 2x, https:\/\/i0.wp.com\/historiografija.hr\/wp-content\/uploads\/2026\/04\/Turska-kuca-ZG.jpg?fit=1200%2C800&ssl=1&resize=1050%2C600 3x"},"classes":[]},{"id":52704,"url":"https:\/\/historiografija.hr\/?p=52704","url_meta":{"origin":2522,"position":2},"title":"Predstavljanje knjige &#8220;Vladimir Vasiljevi\u0107: Moji do\u017eivljaji. Dnevni\u010dki zapisi iz Prvoga svjetskog rata i poratnoga vremena&#8221;","author":"Filip \u0160imunjak","date":"29. travnja 2026.","format":false,"excerpt":"Doga\u0111anja ovogodi\u0161njega Festivala povijesti Kliofest zapo\u010dinjemo ve\u0107 i prije samoga slu\u017ebenog otvaranja, predstavljanjem knjige \u201eMoji do\u017eivljaji. Dnevni\u010dki zapisi iz Prvoga svjetskog rata i poratnoga vremena\u201d Vladimira Vasiljevi\u0107a, koju su priredili Karlo Rukavina i Damir Agi\u010di\u0107. Pozivamo Vas na predstavljanje koje \u0107e se odr\u017eati u ponedjeljak 4. svibnja, s po\u010detkom u\u2026","rel":"","context":"U &quot;Knjige&quot;","block_context":{"text":"Knjige","link":"https:\/\/historiografija.hr\/?cat=8"},"img":{"alt_text":"","src":"https:\/\/i0.wp.com\/historiografija.hr\/wp-content\/uploads\/2026\/04\/Naslovna-V.-Vasiljevic.webp?fit=1200%2C600&ssl=1&resize=350%2C200","width":350,"height":200,"srcset":"https:\/\/i0.wp.com\/historiografija.hr\/wp-content\/uploads\/2026\/04\/Naslovna-V.-Vasiljevic.webp?fit=1200%2C600&ssl=1&resize=350%2C200 1x, https:\/\/i0.wp.com\/historiografija.hr\/wp-content\/uploads\/2026\/04\/Naslovna-V.-Vasiljevic.webp?fit=1200%2C600&ssl=1&resize=525%2C300 1.5x, https:\/\/i0.wp.com\/historiografija.hr\/wp-content\/uploads\/2026\/04\/Naslovna-V.-Vasiljevic.webp?fit=1200%2C600&ssl=1&resize=700%2C400 2x, https:\/\/i0.wp.com\/historiografija.hr\/wp-content\/uploads\/2026\/04\/Naslovna-V.-Vasiljevic.webp?fit=1200%2C600&ssl=1&resize=1050%2C600 3x"},"classes":[]},{"id":52733,"url":"https:\/\/historiografija.hr\/?p=52733","url_meta":{"origin":2522,"position":3},"title":"Vlado Raji\u0107 \u201eGranica na kraju stolje\u0107a\u201c","author":"Filip \u0160imunjak","date":"29. travnja 2026.","format":false,"excerpt":"U suizdanju Durieuxa i Beletre objavljena je 2025. godine knjiga Granica na kraju stolje\u0107a autora Vlade Raji\u0107a.\u00a0 O knjizi\u00a0 Romansirana biografija Vladimira Iblera mnogo je vi\u0161e od zanimljive pri\u010de o privatnom \u017eivotu i impresivnoj profesionalnoj karijeri istaknutog stru\u010dnjaka za me\u0111unarodno pravo i dugo\u00adgodi\u0161njeg profesora na zagreba\u010dkom Pravnom fakultetu, akademika, koji\u2026","rel":"","context":"U &quot;Knjige&quot;","block_context":{"text":"Knjige","link":"https:\/\/historiografija.hr\/?cat=8"},"img":{"alt_text":"","src":"https:\/\/i0.wp.com\/historiografija.hr\/wp-content\/uploads\/2026\/04\/VLADO-RAJIC-GRANICA-NA-KRAJU-STOLJECA.jpg?fit=450%2C650&ssl=1&resize=350%2C200","width":350,"height":200},"classes":[]},{"id":52499,"url":"https:\/\/historiografija.hr\/?p=52499","url_meta":{"origin":2522,"position":4},"title":"POTPISAN UGOVOR O ZNANSTVENO-ISTRA\u017dIVA\u010cKOJ SURADNJI: PROJEKT \u201eTEMELJI HRVATSKE SAMOSTALNOSTI\u201d","author":"Branimir Jankovi\u0107","date":"17. travnja 2026.","format":false,"excerpt":"Hrvatski institut za povijest, Sveu\u010dili\u0161te obrane i sigurnosti \u201eDr. Franjo Tu\u0111man\u201d, Institut dru\u0161tvenih znanosti Ivo Pilar i Hrvatski dr\u017eavni arhiv\u00a0potpisali su 23. o\u017eujka 2026.\u00a0Ugovor o znanstveno-istra\u017eiva\u010dkoj suradnji s ciljem provedbe projekta \u201eTemelji hrvatske samostalnosti\u201d. Tim projektom obuhva\u0107a se istra\u017eivanje arhivskoga gradiva, priprema znanstvenih publikacija, digitalizacija i javna prezentacija rezultata istra\u017eivanja\u2026","rel":"","context":"U &quot;Novosti&quot;","block_context":{"text":"Novosti","link":"https:\/\/historiografija.hr\/?cat=3"},"img":{"alt_text":"","src":"https:\/\/i0.wp.com\/historiografija.hr\/wp-content\/uploads\/2026\/04\/THS_sporazum.jpg?fit=1200%2C583&ssl=1&resize=350%2C200","width":350,"height":200,"srcset":"https:\/\/i0.wp.com\/historiografija.hr\/wp-content\/uploads\/2026\/04\/THS_sporazum.jpg?fit=1200%2C583&ssl=1&resize=350%2C200 1x, https:\/\/i0.wp.com\/historiografija.hr\/wp-content\/uploads\/2026\/04\/THS_sporazum.jpg?fit=1200%2C583&ssl=1&resize=525%2C300 1.5x, https:\/\/i0.wp.com\/historiografija.hr\/wp-content\/uploads\/2026\/04\/THS_sporazum.jpg?fit=1200%2C583&ssl=1&resize=700%2C400 2x, https:\/\/i0.wp.com\/historiografija.hr\/wp-content\/uploads\/2026\/04\/THS_sporazum.jpg?fit=1200%2C583&ssl=1&resize=1050%2C600 3x"},"classes":[]},{"id":52666,"url":"https:\/\/historiografija.hr\/?p=52666","url_meta":{"origin":2522,"position":5},"title":"Najava programa Festivala povijesti Kliofest (5-8. V. 2026)","author":"Branimir Jankovi\u0107","date":"24. travnja 2026.","format":false,"excerpt":"Po trinaesti put odr\u017eava se Festival povijesti Kliofest! Do petka \u0107emo odr\u017eati osam okruglih stolova i dva kolokvija te niz predstavljanja knjiga i projekata razli\u010dite tematike, od antike do suvremenosti. Bit \u0107e predstavljeno i nekoliko izlo\u017ebi te odr\u017ean jedan povijesni kviz. Prikazat \u0107emo i jedan film \u2013 o generalu Boroevi\u0107u.\u2026","rel":"","context":"U &quot;Novosti&quot;","block_context":{"text":"Novosti","link":"https:\/\/historiografija.hr\/?cat=3"},"img":{"alt_text":"","src":"https:\/\/i0.wp.com\/historiografija.hr\/wp-content\/uploads\/2026\/04\/Kliofest-2026.jpg?fit=526%2C526&ssl=1&resize=350%2C200","width":350,"height":200,"srcset":"https:\/\/i0.wp.com\/historiografija.hr\/wp-content\/uploads\/2026\/04\/Kliofest-2026.jpg?fit=526%2C526&ssl=1&resize=350%2C200 1x, https:\/\/i0.wp.com\/historiografija.hr\/wp-content\/uploads\/2026\/04\/Kliofest-2026.jpg?fit=526%2C526&ssl=1&resize=525%2C300 1.5x"},"classes":[]}],"_links":{"self":[{"href":"https:\/\/historiografija.hr\/index.php?rest_route=\/wp\/v2\/posts\/2522","targetHints":{"allow":["GET"]}}],"collection":[{"href":"https:\/\/historiografija.hr\/index.php?rest_route=\/wp\/v2\/posts"}],"about":[{"href":"https:\/\/historiografija.hr\/index.php?rest_route=\/wp\/v2\/types\/post"}],"author":[{"embeddable":true,"href":"https:\/\/historiografija.hr\/index.php?rest_route=\/wp\/v2\/users\/1"}],"replies":[{"embeddable":true,"href":"https:\/\/historiografija.hr\/index.php?rest_route=%2Fwp%2Fv2%2Fcomments&post=2522"}],"version-history":[{"count":1,"href":"https:\/\/historiografija.hr\/index.php?rest_route=\/wp\/v2\/posts\/2522\/revisions"}],"predecessor-version":[{"id":24237,"href":"https:\/\/historiografija.hr\/index.php?rest_route=\/wp\/v2\/posts\/2522\/revisions\/24237"}],"wp:attachment":[{"href":"https:\/\/historiografija.hr\/index.php?rest_route=%2Fwp%2Fv2%2Fmedia&parent=2522"}],"wp:term":[{"taxonomy":"category","embeddable":true,"href":"https:\/\/historiografija.hr\/index.php?rest_route=%2Fwp%2Fv2%2Fcategories&post=2522"},{"taxonomy":"post_tag","embeddable":true,"href":"https:\/\/historiografija.hr\/index.php?rest_route=%2Fwp%2Fv2%2Ftags&post=2522"}],"curies":[{"name":"wp","href":"https:\/\/api.w.org\/{rel}","templated":true}]}}