{"id":25199,"date":"2021-02-26T19:50:30","date_gmt":"2021-02-26T19:50:30","guid":{"rendered":"http:\/\/historiografija.hr\/?p=25199"},"modified":"2023-02-26T16:08:26","modified_gmt":"2023-02-26T16:08:26","slug":"bozena-vranjes-soljan-dalmacija-stoljece-povijesnih-i-demografskih-mijena-1815-1918","status":"publish","type":"post","link":"https:\/\/historiografija.hr\/?p=25199","title":{"rendered":"Bo\u017eena Vranje\u0161-\u0160oljan, \u201cDalmacija. Stolje\u0107e povijesnih i demografskih mijena 1815. &#8211; 1918.\u201d"},"content":{"rendered":"\n<p>Nakladni\u010dka ku\u0107a Educa iz Zagreba objavila je 2021. godine opse\u017enu knjigu povjesni\u010darke Bo\u017eene Vranje\u0161-\u0160oljan, \u201cDalmacija. Stolje\u0107e povijesnih i demografskih mijena 1815. &#8211; 1918.\u201d (515 str.).<\/p>\n\n\n\n<hr class=\"wp-block-separator\"\/>\n\n\n\n<figure class=\"wp-block-image size-large\"><img data-recalc-dims=\"1\" loading=\"lazy\" decoding=\"async\" width=\"768\" height=\"1024\" data-attachment-id=\"25201\" data-permalink=\"https:\/\/historiografija.hr\/?attachment_id=25201\" data-orig-file=\"https:\/\/i0.wp.com\/historiografija.hr\/wp-content\/uploads\/2021\/02\/Dalmacija-scaled.jpg?fit=1920%2C2560&amp;ssl=1\" data-orig-size=\"1920,2560\" data-comments-opened=\"1\" data-image-meta=\"{&quot;aperture&quot;:&quot;1.9&quot;,&quot;credit&quot;:&quot;&quot;,&quot;camera&quot;:&quot;SM-A320FL&quot;,&quot;caption&quot;:&quot;&quot;,&quot;created_timestamp&quot;:&quot;1614370230&quot;,&quot;copyright&quot;:&quot;&quot;,&quot;focal_length&quot;:&quot;3.6&quot;,&quot;iso&quot;:&quot;200&quot;,&quot;shutter_speed&quot;:&quot;0.03030303030303&quot;,&quot;title&quot;:&quot;&quot;,&quot;orientation&quot;:&quot;1&quot;}\" data-image-title=\"Dalmacija\" data-image-description=\"\" data-image-caption=\"\" data-large-file=\"https:\/\/i0.wp.com\/historiografija.hr\/wp-content\/uploads\/2021\/02\/Dalmacija-scaled.jpg?fit=768%2C1024&amp;ssl=1\" src=\"https:\/\/i0.wp.com\/historiografija.hr\/wp-content\/uploads\/2021\/02\/Dalmacija.jpg?resize=768%2C1024&#038;ssl=1\" alt=\"\" class=\"wp-image-25201\" srcset=\"https:\/\/i0.wp.com\/historiografija.hr\/wp-content\/uploads\/2021\/02\/Dalmacija-scaled.jpg?resize=768%2C1024&amp;ssl=1 768w, https:\/\/i0.wp.com\/historiografija.hr\/wp-content\/uploads\/2021\/02\/Dalmacija-scaled.jpg?resize=225%2C300&amp;ssl=1 225w, https:\/\/i0.wp.com\/historiografija.hr\/wp-content\/uploads\/2021\/02\/Dalmacija-scaled.jpg?resize=1152%2C1536&amp;ssl=1 1152w, https:\/\/i0.wp.com\/historiografija.hr\/wp-content\/uploads\/2021\/02\/Dalmacija-scaled.jpg?resize=1536%2C2048&amp;ssl=1 1536w, https:\/\/i0.wp.com\/historiografija.hr\/wp-content\/uploads\/2021\/02\/Dalmacija-scaled.jpg?w=1920&amp;ssl=1 1920w, https:\/\/i0.wp.com\/historiografija.hr\/wp-content\/uploads\/2021\/02\/Dalmacija-scaled.jpg?w=1720&amp;ssl=1 1720w\" sizes=\"auto, (max-width: 768px) 100vw, 768px\" \/><\/figure>\n\n\n\n<hr class=\"wp-block-separator\"\/>\n\n\n\n<p><strong>Sadr\u017eaj:<\/strong><\/p>\n\n\n\n<figure class=\"wp-block-image size-large\"><img data-recalc-dims=\"1\" loading=\"lazy\" decoding=\"async\" width=\"860\" height=\"982\" data-attachment-id=\"25200\" data-permalink=\"https:\/\/historiografija.hr\/?attachment_id=25200\" data-orig-file=\"https:\/\/i0.wp.com\/historiografija.hr\/wp-content\/uploads\/2021\/02\/Sadrzaj-scaled.jpg?fit=2241%2C2560&amp;ssl=1\" data-orig-size=\"2241,2560\" data-comments-opened=\"1\" data-image-meta=\"{&quot;aperture&quot;:&quot;1.9&quot;,&quot;credit&quot;:&quot;&quot;,&quot;camera&quot;:&quot;SM-A320FL&quot;,&quot;caption&quot;:&quot;&quot;,&quot;created_timestamp&quot;:&quot;1614370219&quot;,&quot;copyright&quot;:&quot;&quot;,&quot;focal_length&quot;:&quot;3.6&quot;,&quot;iso&quot;:&quot;125&quot;,&quot;shutter_speed&quot;:&quot;0.03030303030303&quot;,&quot;title&quot;:&quot;&quot;,&quot;orientation&quot;:&quot;1&quot;}\" data-image-title=\"Sadrzaj\" data-image-description=\"\" data-image-caption=\"\" data-large-file=\"https:\/\/i0.wp.com\/historiografija.hr\/wp-content\/uploads\/2021\/02\/Sadrzaj-scaled.jpg?fit=860%2C982&amp;ssl=1\" src=\"https:\/\/i0.wp.com\/historiografija.hr\/wp-content\/uploads\/2021\/02\/Sadrzaj.jpg?resize=860%2C982&#038;ssl=1\" alt=\"\" class=\"wp-image-25200\" srcset=\"https:\/\/i0.wp.com\/historiografija.hr\/wp-content\/uploads\/2021\/02\/Sadrzaj-scaled.jpg?resize=897%2C1024&amp;ssl=1 897w, https:\/\/i0.wp.com\/historiografija.hr\/wp-content\/uploads\/2021\/02\/Sadrzaj-scaled.jpg?resize=263%2C300&amp;ssl=1 263w, https:\/\/i0.wp.com\/historiografija.hr\/wp-content\/uploads\/2021\/02\/Sadrzaj-scaled.jpg?resize=768%2C877&amp;ssl=1 768w, https:\/\/i0.wp.com\/historiografija.hr\/wp-content\/uploads\/2021\/02\/Sadrzaj-scaled.jpg?resize=1345%2C1536&amp;ssl=1 1345w, https:\/\/i0.wp.com\/historiografija.hr\/wp-content\/uploads\/2021\/02\/Sadrzaj-scaled.jpg?resize=1793%2C2048&amp;ssl=1 1793w, https:\/\/i0.wp.com\/historiografija.hr\/wp-content\/uploads\/2021\/02\/Sadrzaj-scaled.jpg?w=1720&amp;ssl=1 1720w\" sizes=\"auto, (max-width: 860px) 100vw, 860px\" \/><\/figure>\n\n\n\n<hr class=\"wp-block-separator\"\/>\n\n\n\n<p><strong>Iz<\/strong> <strong>recenzija:<\/strong><\/p>\n\n\n\n<figure class=\"wp-block-image size-large\"><img data-recalc-dims=\"1\" loading=\"lazy\" decoding=\"async\" width=\"768\" height=\"1024\" data-attachment-id=\"25205\" data-permalink=\"https:\/\/historiografija.hr\/?attachment_id=25205\" data-orig-file=\"https:\/\/i0.wp.com\/historiografija.hr\/wp-content\/uploads\/2021\/02\/Iz-recenzija-scaled.jpg?fit=1920%2C2560&amp;ssl=1\" data-orig-size=\"1920,2560\" data-comments-opened=\"1\" data-image-meta=\"{&quot;aperture&quot;:&quot;1.9&quot;,&quot;credit&quot;:&quot;&quot;,&quot;camera&quot;:&quot;SM-A320FL&quot;,&quot;caption&quot;:&quot;&quot;,&quot;created_timestamp&quot;:&quot;1614372044&quot;,&quot;copyright&quot;:&quot;&quot;,&quot;focal_length&quot;:&quot;3.6&quot;,&quot;iso&quot;:&quot;320&quot;,&quot;shutter_speed&quot;:&quot;0.058823529411765&quot;,&quot;title&quot;:&quot;&quot;,&quot;orientation&quot;:&quot;1&quot;}\" data-image-title=\"Iz recenzija\" data-image-description=\"\" data-image-caption=\"\" data-large-file=\"https:\/\/i0.wp.com\/historiografija.hr\/wp-content\/uploads\/2021\/02\/Iz-recenzija-scaled.jpg?fit=768%2C1024&amp;ssl=1\" src=\"https:\/\/i0.wp.com\/historiografija.hr\/wp-content\/uploads\/2021\/02\/Iz-recenzija.jpg?resize=768%2C1024&#038;ssl=1\" alt=\"\" class=\"wp-image-25205\" srcset=\"https:\/\/i0.wp.com\/historiografija.hr\/wp-content\/uploads\/2021\/02\/Iz-recenzija-scaled.jpg?resize=768%2C1024&amp;ssl=1 768w, https:\/\/i0.wp.com\/historiografija.hr\/wp-content\/uploads\/2021\/02\/Iz-recenzija-scaled.jpg?resize=225%2C300&amp;ssl=1 225w, https:\/\/i0.wp.com\/historiografija.hr\/wp-content\/uploads\/2021\/02\/Iz-recenzija-scaled.jpg?resize=1152%2C1536&amp;ssl=1 1152w, https:\/\/i0.wp.com\/historiografija.hr\/wp-content\/uploads\/2021\/02\/Iz-recenzija-scaled.jpg?resize=1536%2C2048&amp;ssl=1 1536w, https:\/\/i0.wp.com\/historiografija.hr\/wp-content\/uploads\/2021\/02\/Iz-recenzija-scaled.jpg?w=1920&amp;ssl=1 1920w, https:\/\/i0.wp.com\/historiografija.hr\/wp-content\/uploads\/2021\/02\/Iz-recenzija-scaled.jpg?w=1720&amp;ssl=1 1720w\" sizes=\"auto, (max-width: 768px) 100vw, 768px\" \/><\/figure>\n\n\n\n<hr class=\"wp-block-separator\"\/>\n\n\n\n<p><em>Zainteresirani za pisanje prikaza knjige mogu se javiti uredniku portala na e-mail adresu bjankovi@ffzg.hr i poku\u0161at \u0107emo dogovoriti osiguranje recenzentskog primjerka knjige.<\/em><\/p>\n\n\n\n<hr class=\"wp-block-separator\"\/>\n\n\n\n<p><strong>Prikazi knjige:<\/strong><\/p>\n\n\n\n<p>Zdravka Jelaska Marijan<\/p>\n\n\n\n<p><a href=\"https:\/\/hrcak.srce.hr\/clanak\/423870\">https:\/\/hrcak.srce.hr\/clanak\/423870<\/a><\/p>\n\n\n\n<hr class=\"wp-block-separator\"\/>\n\n\n\n<p>Lidija Bari\u0161i\u0107 Bogi\u0161i\u0107<\/p>\n\n\n\n<p><a href=\"https:\/\/hrcak.srce.hr\/clanak\/417006\">https:\/\/hrcak.srce.hr\/clanak\/417006<\/a><\/p>\n\n\n\n<hr class=\"wp-block-separator\"\/>\n\n\n\n<p>Tomasz Jacek Lis<\/p>\n\n\n\n<p><a href=\"https:\/\/pressto.amu.edu.pl\/index.php\/bp\/article\/view\/28875\">https:\/\/pressto.amu.edu.pl\/index.php\/bp\/article\/view\/28875<\/a><\/p>\n\n\n\n<hr class=\"wp-block-separator\"\/>\n","protected":false},"excerpt":{"rendered":"","protected":false},"author":2,"featured_media":25204,"comment_status":"open","ping_status":"open","sticky":false,"template":"","format":"standard","meta":{"_acf_changed":false,"jetpack_post_was_ever_published":false,"_jetpack_newsletter_access":"","_jetpack_dont_email_post_to_subs":false,"_jetpack_newsletter_tier_id":0,"_jetpack_memberships_contains_paywalled_content":false,"_jetpack_memberships_contains_paid_content":false,"footnotes":"","jetpack_publicize_message":"","jetpack_publicize_feature_enabled":true,"jetpack_social_post_already_shared":true,"jetpack_social_options":{"image_generator_settings":{"template":"highway","default_image_id":0,"font":"","enabled":false},"version":2}},"categories":[8,3],"tags":[],"class_list":["post-25199","post","type-post","status-publish","format-standard","has-post-thumbnail","hentry","category-knjige","category-novosti"],"acf":{"facebook_opis":""},"jetpack_publicize_connections":[],"jetpack_featured_media_url":"https:\/\/i0.wp.com\/historiografija.hr\/wp-content\/uploads\/2021\/02\/Dalmacija-knjiga-scaled.jpg?fit=2560%2C1098&ssl=1","jetpack_sharing_enabled":true,"jetpack-related-posts":[],"_links":{"self":[{"href":"https:\/\/historiografija.hr\/index.php?rest_route=\/wp\/v2\/posts\/25199","targetHints":{"allow":["GET"]}}],"collection":[{"href":"https:\/\/historiografija.hr\/index.php?rest_route=\/wp\/v2\/posts"}],"about":[{"href":"https:\/\/historiografija.hr\/index.php?rest_route=\/wp\/v2\/types\/post"}],"author":[{"embeddable":true,"href":"https:\/\/historiografija.hr\/index.php?rest_route=\/wp\/v2\/users\/2"}],"replies":[{"embeddable":true,"href":"https:\/\/historiografija.hr\/index.php?rest_route=%2Fwp%2Fv2%2Fcomments&post=25199"}],"version-history":[{"count":6,"href":"https:\/\/historiografija.hr\/index.php?rest_route=\/wp\/v2\/posts\/25199\/revisions"}],"predecessor-version":[{"id":34603,"href":"https:\/\/historiografija.hr\/index.php?rest_route=\/wp\/v2\/posts\/25199\/revisions\/34603"}],"wp:featuredmedia":[{"embeddable":true,"href":"https:\/\/historiografija.hr\/index.php?rest_route=\/wp\/v2\/media\/25204"}],"wp:attachment":[{"href":"https:\/\/historiografija.hr\/index.php?rest_route=%2Fwp%2Fv2%2Fmedia&parent=25199"}],"wp:term":[{"taxonomy":"category","embeddable":true,"href":"https:\/\/historiografija.hr\/index.php?rest_route=%2Fwp%2Fv2%2Fcategories&post=25199"},{"taxonomy":"post_tag","embeddable":true,"href":"https:\/\/historiografija.hr\/index.php?rest_route=%2Fwp%2Fv2%2Ftags&post=25199"}],"curies":[{"name":"wp","href":"https:\/\/api.w.org\/{rel}","templated":true}]}}