{"id":25184,"date":"2021-02-26T18:35:11","date_gmt":"2021-02-26T18:35:11","guid":{"rendered":"http:\/\/historiografija.hr\/?p=25184"},"modified":"2021-02-26T18:47:33","modified_gmt":"2021-02-26T18:47:33","slug":"rad-nine-ozegovic-model-negativne-medijske-kampanje-u-devedesetima-slucaj-mire-furlan","status":"publish","type":"post","link":"https:\/\/historiografija.hr\/?p=25184","title":{"rendered":"Rad Nine O\u017eegovi\u0107 \u201cModel negativne medijske kampanje u devedesetima: Slu\u010daj Mire Furlan\u201d"},"content":{"rendered":"\n<p>Kao \u0161to smo ve\u0107 najavljivali, u <em>Historijskom zborniku<\/em> (br. 2, 2020) objavljen je rad Nine O\u017eegovi\u0107 \u201cModel negativne medijske kampanje u devedesetima: Slu\u010daj Mire Furlan\u201d koji je upravo postao dostupan online na portalu Hr\u010dak. Rad je napisan prije smrti Mire Furlan i sigurno \u0107e izazvati zanimanje \u010ditatelja.<\/p>\n\n\n\n<hr class=\"wp-block-separator\"\/>\n\n\n\n<p><strong><em>Historijski zbornik<\/em><\/strong>, br. 2, 2020.<\/p>\n\n\n\n<p>Nina O\u017eegovi\u0107<\/p>\n\n\n\n<p><strong>Model negativne medijske kampanje u devedesetima: Slu\u010daj Mire Furlan<\/strong><\/p>\n\n\n\n<p>(str. 393-413)<\/p>\n\n\n\n<p>U radu se istra\u017euju negativne medijske kampanje u Hrvatskoj po\u010detkom devedesetih godina 20. stolje\u0107a u kojima su tiskani mediji uslijed nesnala\u017eenja u ratnim i poratnim okolnostima te pod utjecajem vladaju\u0107e ideologije stigmatizirali i progonili predstavnike kulturne i intelektualne zajednice Hrvatske. Tako\u0111er se istra\u017euje u kojoj je mjeri u tim kampanjama kori\u0161ten govor mr\u017enje, ratnohu\u0161ka\u010dka retorika te modeli etiketiranja, stigmatiziranja i \u201esotoniziranja\u201c pojedinaca s ciljem ideolo\u0161kog, profesionalnog i moralnog diskreditiranja tih osoba u javnom \u017eivotu. Rad se nadovezuje na rezultate istra\u017eiva\u010da koji su propitivali govor mr\u017enje i hu\u0161ka\u010dku retoriku u hrvatskim medijima, a posebno istra\u017euje negativnu medijsku kampanju protiv glumice Mire Furlan. Istra\u017eivanjem je utvr\u0111eno da su tiskani mediji u izvje\u0161tavanjima kr\u0161ili eti\u010dka i profesionalna na\u010dela i norme te su takvim pristupom ugrozili ljudska i profesionalna prava i demonizirali lik glumice u javnosti.<\/p>\n\n\n\n<p><a href=\"https:\/\/hrcak.srce.hr\/252589\">https:\/\/hrcak.srce.hr\/252589<\/a><\/p>\n\n\n\n<hr class=\"wp-block-separator\"\/>\n\n\n\n<figure class=\"wp-block-embed-wordpress wp-block-embed is-type-wp-embed is-provider-historiografija-hr\"><div class=\"wp-block-embed__wrapper\">\n<blockquote class=\"wp-embedded-content\" data-secret=\"Qyz8zI0gAn\"><a href=\"https:\/\/historiografija.hr\/?p=24932\">Polemi\u010dke reakcije povodom smrti glumice Mire Furlan<\/a><\/blockquote><iframe loading=\"lazy\" class=\"wp-embedded-content\" sandbox=\"allow-scripts\" security=\"restricted\" style=\"position: absolute; clip: rect(1px, 1px, 1px, 1px);\" title=\"&#8220;Polemi\u010dke reakcije povodom smrti glumice Mire Furlan&#8221; &#8212; Historiografija.hr\" src=\"https:\/\/historiografija.hr\/?p=24932&#038;embed=true#?secret=Qyz8zI0gAn\" data-secret=\"Qyz8zI0gAn\" width=\"600\" height=\"338\" frameborder=\"0\" marginwidth=\"0\" marginheight=\"0\" scrolling=\"no\"><\/iframe>\n<\/div><\/figure>\n\n\n\n<hr class=\"wp-block-separator\"\/>\n","protected":false},"excerpt":{"rendered":"","protected":false},"author":2,"featured_media":25185,"comment_status":"open","ping_status":"open","sticky":false,"template":"","format":"standard","meta":{"_acf_changed":false,"jetpack_post_was_ever_published":false,"_jetpack_newsletter_access":"","_jetpack_dont_email_post_to_subs":false,"_jetpack_newsletter_tier_id":0,"_jetpack_memberships_contains_paywalled_content":false,"_jetpack_memberships_contains_paid_content":false,"footnotes":"","jetpack_publicize_message":"","jetpack_publicize_feature_enabled":true,"jetpack_social_post_already_shared":true,"jetpack_social_options":{"image_generator_settings":{"template":"highway","default_image_id":0,"font":"","enabled":false},"version":2}},"categories":[3,17],"tags":[],"class_list":["post-25184","post","type-post","status-publish","format-standard","has-post-thumbnail","hentry","category-novosti","category-rasprave"],"acf":{"facebook_opis":""},"jetpack_publicize_connections":[],"jetpack_featured_media_url":"https:\/\/i0.wp.com\/historiografija.hr\/wp-content\/uploads\/2021\/02\/HZ-naslovnica.jpg?fit=417%2C221&ssl=1","jetpack_sharing_enabled":true,"jetpack-related-posts":[],"_links":{"self":[{"href":"https:\/\/historiografija.hr\/index.php?rest_route=\/wp\/v2\/posts\/25184","targetHints":{"allow":["GET"]}}],"collection":[{"href":"https:\/\/historiografija.hr\/index.php?rest_route=\/wp\/v2\/posts"}],"about":[{"href":"https:\/\/historiografija.hr\/index.php?rest_route=\/wp\/v2\/types\/post"}],"author":[{"embeddable":true,"href":"https:\/\/historiografija.hr\/index.php?rest_route=\/wp\/v2\/users\/2"}],"replies":[{"embeddable":true,"href":"https:\/\/historiografija.hr\/index.php?rest_route=%2Fwp%2Fv2%2Fcomments&post=25184"}],"version-history":[{"count":2,"href":"https:\/\/historiografija.hr\/index.php?rest_route=\/wp\/v2\/posts\/25184\/revisions"}],"predecessor-version":[{"id":25194,"href":"https:\/\/historiografija.hr\/index.php?rest_route=\/wp\/v2\/posts\/25184\/revisions\/25194"}],"wp:featuredmedia":[{"embeddable":true,"href":"https:\/\/historiografija.hr\/index.php?rest_route=\/wp\/v2\/media\/25185"}],"wp:attachment":[{"href":"https:\/\/historiografija.hr\/index.php?rest_route=%2Fwp%2Fv2%2Fmedia&parent=25184"}],"wp:term":[{"taxonomy":"category","embeddable":true,"href":"https:\/\/historiografija.hr\/index.php?rest_route=%2Fwp%2Fv2%2Fcategories&post=25184"},{"taxonomy":"post_tag","embeddable":true,"href":"https:\/\/historiografija.hr\/index.php?rest_route=%2Fwp%2Fv2%2Ftags&post=25184"}],"curies":[{"name":"wp","href":"https:\/\/api.w.org\/{rel}","templated":true}]}}