{"id":25169,"date":"2021-02-25T20:17:38","date_gmt":"2021-02-25T20:17:38","guid":{"rendered":"http:\/\/historiografija.hr\/?p=25169"},"modified":"2021-02-25T20:17:38","modified_gmt":"2021-02-25T20:17:38","slug":"stipendija-za-istrazivanje-u-sklopu-izrade-doktorskoga-rada-na-institutu-wirth-za-austrijske-i-srednjoeuropske-studije-sveucilista-alberta-u-edmontonu-kanada-2","status":"publish","type":"post","link":"https:\/\/historiografija.hr\/?p=25169","title":{"rendered":"Stipendija za istra\u017eivanje u sklopu izrade doktorskoga rada na Institutu Wirth za austrijske i srednjoeuropske studije Sveu\u010dili\u0161ta Alberta u Edmontonu, Kanada"},"content":{"rendered":"\n<p>Stipendija je namijenjena istra\u017eivanju u sklopu izrade doktorskoga rada u akademskoj godini 2021.\/2022., odnosno od 1. rujna 2021. do 31. kolovoza 2022. godine, na Institutu Wirth za austrijske i srednjoeuropske studije Sveu\u010dili\u0161ta Alberta u Edmontonu, Kanada. Stipendija u iznosu od 27.600,00 CAD bit \u0107e ispla\u0107ena u jednakim mjese\u010dnim ratama na kraju svakog mjeseca, po\u010dev\u0161i od rujna 2021. godine.<br><br>Od odabranoga kandidata o\u010dekuje se aktivno uklju\u010divanje u istra\u017eivanje vezano uz izradu doktorskoga rada, kao i sudjelovanje u kulturolo\u0161kim, znanstvenim i akademskim djelatnostima Instituta, posebice u razvijanju veza s akademskim institucijama u Republici Hrvatskoj. Tako\u0111er se o\u010dekuje spremnost na suradnju s lokalnom hrvatskom zajednicom te uspostavljanje veze izme\u0111u hrvatske zajednice i fakulteta.<br><br>Na natje\u010daj se mogu prijaviti mladi znanstvenici iz podru\u010dja humanisti\u010dkih znanosti, dru\u0161tvenih znanosti i umjetni\u010dkog podru\u010dja. Kandidati moraju biti hrvatski dr\u017eavljani upisani na poslijediplomski studij na hrvatskom sveu\u010dili\u0161tu (pri kraju studija, pred izradom doktorskoga rada) i izvrsno se slu\u017eiti engleskim jezikom u govoru i pismu. Prednost imaju oni kandidati koji znaju njema\u010dki ili druge srednjoeuropske jezike te imaju objavljene znanstvenoistra\u017eiva\u010dke radove.<br><br>Sveu\u010dili\u0161te Alberta pozdravlja raznolikost i poti\u010de na prijavu znanstvenike obaju spolova, uklju\u010duju\u0107i i osobe s invaliditetom.<br><br>Natje\u010daj je objavljen na mre\u017enoj stranici Instituta Wirth za austrijske i srednjoeuropske studije Sveu\u010dili\u0161ta Alberta u Edmontonu:<br><a rel=\"noreferrer noopener\" href=\"https:\/\/www.ualberta.ca\/wirth-institute\/fellowship-awards\/doctoral-research-fellowships\/croatia.html\" target=\"_blank\">https:\/\/www.ualberta.ca\/wirth-institute\/fellowship-awards\/doctoral-research-fellowships\/croatia.html<\/a><br><br>Kandidati trebaju dostaviti kratak opis svojih istra\u017eiva\u010dkih projekata na engleskome jeziku (maksimalno 500 rije\u010di), \u017eivotopis te imena autora dviju preporuka,<strong> i to kao jedan dokument s imenom, prezimenom i zemljom uklju\u010denom u ime dokumenta<\/strong> (npr. <strong>Ana_Horvat_Croatia.PDF<\/strong>).<br><br><strong>Prijavu treba dostaviti do 26. travnja 2021. godine <\/strong>e-po\u0161tom na sljede\u0107e adrese:<br><br>Institut Wirth: Dr. Joseph F. Patrouch (<a href=\"mailto:rawright@ualberta.ca\">rawright@ualberta.ca<\/a>) i Ministarstvo znanosti i obrazovanja RH: Marija Crni\u0107 (<a href=\"mailto:marija.crnic@mzo.hr\">marija.crnic@mzo.hr<\/a>).<br><br>Direktor Instituta Wirth za austrijske i srednjoeuropske studije Sveu\u010dili\u0161ta Alberta u Edmontonu obavit \u0107e razgovor s kandidatima koji u\u0111u u u\u017ei izbor u svibnju 2021. Kandidati koji u\u0111u u u\u017ei izbor bit \u0107e obavije\u0161teni e-po\u0161tom o datumu, vremenu i mjestu razgovora.<br><br><strong>Zbog pandemije bolesti COVID-19, putovanja djelatnika Sveu\u010dili\u0161ta Alberta su ograni\u010dena. Razgovori bi se stoga mogli odr\u017eati preko videoveze<\/strong>.<br><br>Obavijest o rezultatu natje\u010daja kandidati \u0107e primiti<strong> u lipnju 2021. godine<\/strong>.<\/p>\n\n\n\n<hr class=\"wp-block-separator\"\/>\n\n\n\n<p>Izvor: <a href=\"https:\/\/mzo.gov.hr\/istaknute-teme\/natjecaji-196\/stipendija-za-istrazivanje-u-sklopu-izrade-doktorskoga-rada-na-institutu-wirth-za-austrijske-i-srednjoeuropske-studije-sveucilista-alberta-u-edmontonu-kanada-4196\/4196\">https:\/\/mzo.gov.hr\/istaknute-teme\/natjecaji-196\/stipendija-za-istrazivanje-u-sklopu-izrade-doktorskoga-rada-na-institutu-wirth-za-austrijske-i-srednjoeuropske-studije-sveucilista-alberta-u-edmontonu-kanada-4196\/4196<\/a><\/p>\n\n\n\n<hr class=\"wp-block-separator\"\/>\n","protected":false},"excerpt":{"rendered":"","protected":false},"author":2,"featured_media":14156,"comment_status":"open","ping_status":"open","sticky":false,"template":"","format":"standard","meta":{"_acf_changed":false,"jetpack_post_was_ever_published":false,"_jetpack_newsletter_access":"","_jetpack_dont_email_post_to_subs":false,"_jetpack_newsletter_tier_id":0,"_jetpack_memberships_contains_paywalled_content":false,"_jetpack_memberships_contains_paid_content":false,"footnotes":"","jetpack_publicize_message":"","jetpack_publicize_feature_enabled":true,"jetpack_social_post_already_shared":true,"jetpack_social_options":{"image_generator_settings":{"template":"highway","default_image_id":0,"font":"","enabled":false},"version":2}},"categories":[3,15],"tags":[],"class_list":["post-25169","post","type-post","status-publish","format-standard","has-post-thumbnail","hentry","category-novosti","category-stipendije"],"acf":{"facebook_opis":""},"jetpack_publicize_connections":[],"jetpack_featured_media_url":"https:\/\/i0.wp.com\/historiografija.hr\/wp-content\/uploads\/2019\/03\/wirth.jpg?fit=500%2C500&ssl=1","jetpack_sharing_enabled":true,"jetpack-related-posts":[],"_links":{"self":[{"href":"https:\/\/historiografija.hr\/index.php?rest_route=\/wp\/v2\/posts\/25169","targetHints":{"allow":["GET"]}}],"collection":[{"href":"https:\/\/historiografija.hr\/index.php?rest_route=\/wp\/v2\/posts"}],"about":[{"href":"https:\/\/historiografija.hr\/index.php?rest_route=\/wp\/v2\/types\/post"}],"author":[{"embeddable":true,"href":"https:\/\/historiografija.hr\/index.php?rest_route=\/wp\/v2\/users\/2"}],"replies":[{"embeddable":true,"href":"https:\/\/historiografija.hr\/index.php?rest_route=%2Fwp%2Fv2%2Fcomments&post=25169"}],"version-history":[{"count":1,"href":"https:\/\/historiografija.hr\/index.php?rest_route=\/wp\/v2\/posts\/25169\/revisions"}],"predecessor-version":[{"id":25170,"href":"https:\/\/historiografija.hr\/index.php?rest_route=\/wp\/v2\/posts\/25169\/revisions\/25170"}],"wp:featuredmedia":[{"embeddable":true,"href":"https:\/\/historiografija.hr\/index.php?rest_route=\/wp\/v2\/media\/14156"}],"wp:attachment":[{"href":"https:\/\/historiografija.hr\/index.php?rest_route=%2Fwp%2Fv2%2Fmedia&parent=25169"}],"wp:term":[{"taxonomy":"category","embeddable":true,"href":"https:\/\/historiografija.hr\/index.php?rest_route=%2Fwp%2Fv2%2Fcategories&post=25169"},{"taxonomy":"post_tag","embeddable":true,"href":"https:\/\/historiografija.hr\/index.php?rest_route=%2Fwp%2Fv2%2Ftags&post=25169"}],"curies":[{"name":"wp","href":"https:\/\/api.w.org\/{rel}","templated":true}]}}