{"id":25162,"date":"2021-02-25T19:05:27","date_gmt":"2021-02-25T19:05:27","guid":{"rendered":"http:\/\/historiografija.hr\/?p=25162"},"modified":"2021-02-25T19:12:42","modified_gmt":"2021-02-25T19:12:42","slug":"poziv-za-prijavu-na-vi-kongres-hrvatskih-povjesnicara-rijeka-30-ix-3-x-2021","status":"publish","type":"post","link":"https:\/\/historiografija.hr\/?p=25162","title":{"rendered":"Poziv za prijavu na VI. kongres hrvatskih povjesni\u010dara (Rijeka, 30. IX. \u2013 3. X. 2021.)"},"content":{"rendered":"\n<p>Hrvatski nacionalni odbor za povijesne znanosti (HNOPZ) priprema VI. kongres hrvatskih povjesni\u010dara koji \u0107e se odr\u017eati u Rijeci od 30. rujna do 3. listopada 2021. godine. Tema je kongresa <strong><em>Kultura <\/em><\/strong>\u2013 kao izravan poticaj i prilog shva\u0107anju te razumijevanju Rijeke \u2013 grada koji je 2020. godine nosio titulu europske prijestolnice kulture.<\/p>\n\n\n\n<p>Na Kongresu \u0107e biti predstavljeni rezultati razli\u010ditih aspekata povijesnih istra\u017eivanja kroz sva vremenska razdoblja. Uz Hrvatski nacionalni odbor za povijesne znanosti suorganizatori ovoga kongresa su Dru\u0161tvo za hrvatsku povjesnicu (Zagreb), Zavod za povijesne i dru\u0161tvene znanosti Hrvatske akademije znanosti i umjetnosti u Rijeci s Podru\u010dnom jedinicom u Puli, Pomorski i povijesni muzej Hrvatskog primorja Rijeka, Dr\u017eavni arhiv u Rijeci, Povijesno dru\u0161tvo Rijeka i Povijesno dru\u0161tvo otoka Krka te \u2013 kao doma\u0107in \u2013 Odsjek za povijest Filozofskog fakulteta Sveu\u010dili\u0161ta u Rijeci.<\/p>\n\n\n\n<p>Svi zainteresirani za sudjelovanje i izlaganje na VI. kongresu hrvatskih povjesni\u010dara trebaju se prijaviti izravno Organizacijskom odboru. Potom \u0107e se izvr\u0161iti prihva\u0107anje sudionika te organizirati izlaganje referata u pojedine cjeline odnosno u sekcije. Postoje\u0107e se kongresne sekcije mogu i sada organizirati samostalno te njihovi voditelji mogu prijaviti cjelovit program. Zahvaljujemo svima koji su svoje prijave ve\u0107 poslali (te iste ne trebaju ponavljati). &nbsp;<\/p>\n\n\n\n<p>Kao i na na\u0161im prethodnim kongresima, rad \u0107e biti organiziran u sekcijama i plenarno.<\/p>\n\n\n\n<p>Molim sve koji nisu, a zainteresirani su za sudjelovanjem u radu VI. kongresa, da prijedlog teme svoga referata, uz sa\u017eetak do 400 rije\u010di, po\u0161aljete izv. prof. dr. sc. Tomislavu Galovi\u0107u, tajniku HNOPZ-a i predsjedniku Organizacijskog odbora VI. kongresa hrvatskih povjesni\u010dara, na e-mail adresu: <a href=\"mailto:6.kongres.hnopz@gmail.com\">6.kongres.hnopz@gmail.com<\/a> do 30. travnja 2021. godine.<\/p>\n\n\n\n<p>Prijave se primaju isklju\u010divo elektroni\u010dkom po\u0161tom i nakon prijave \u0107ete dobiti potvrdu primitka teme i sa\u017eetka. Podatci o Kongresu dostupni su na <em>Portalu HNOPZ-a<\/em> (<a href=\"https:\/\/sites.google.com\/site\/hrvatskinacionalniodbor\/\">https:\/\/sites.google.com\/site\/hrvatskinacionalniodbor\/<\/a>).<\/p>\n\n\n\n<p>Kotizacija za sudjelovanje na kongresu iznosi <strong>300,00 kn<\/strong> (studenti, nezaposleni i umirovljenici <strong>150,00 kn<\/strong>, obavijest o proceduri uplate bit \u0107e naknadno dostavljena), a nastavnicima i svim drugim zainteresiranim \u0107e se izdavati potvrde o sudjelovanju. Organizator ne snosi tro\u0161kove puta i boravka.<\/p>\n\n\n\n<p>Molimo Vas da ovu obavijest proslijedite svima za koje mislite da mogu biti zainteresirani za sudjelovanje na kongresu.<\/p>\n\n\n\n<hr class=\"wp-block-separator\"\/>\n\n\n\n<div class=\"wp-block-file\"><a href=\"https:\/\/historiografija.hr\/wp-content\/uploads\/2021\/02\/VI.-kongres-hrvatskih-povjesnicara-cetvrti-poziv.docx\">VI.-kongres-hrvatskih-povjesnicara-cetvrti-poziv<\/a><a href=\"https:\/\/historiografija.hr\/wp-content\/uploads\/2021\/02\/VI.-kongres-hrvatskih-povjesnicara-cetvrti-poziv.docx\" class=\"wp-block-file__button\" download>Preuzmi<\/a><\/div>\n\n\n\n<hr class=\"wp-block-separator\"\/>\n\n\n\n<p>Prethodne obavijesti o Kongresu na portalu Historiografija.hr:<\/p>\n\n\n\n<figure class=\"wp-block-embed-wordpress wp-block-embed is-type-wp-embed is-provider-historiografija-hr\"><div class=\"wp-block-embed__wrapper\">\n<blockquote class=\"wp-embedded-content\" data-secret=\"CmP6FSD7xm\"><a href=\"https:\/\/historiografija.hr\/?p=21832\">VI. kongres hrvatskih povjesni\u010dara &#8211; odgoda<\/a><\/blockquote><iframe loading=\"lazy\" class=\"wp-embedded-content\" sandbox=\"allow-scripts\" security=\"restricted\" style=\"position: absolute; clip: rect(1px, 1px, 1px, 1px);\" title=\"&#8220;VI. kongres hrvatskih povjesni\u010dara &#8211; odgoda&#8221; &#8212; Historiografija.hr\" src=\"https:\/\/historiografija.hr\/?p=21832&#038;embed=true#?secret=CmP6FSD7xm\" data-secret=\"CmP6FSD7xm\" width=\"600\" height=\"338\" frameborder=\"0\" marginwidth=\"0\" marginheight=\"0\" scrolling=\"no\"><\/iframe>\n<\/div><\/figure>\n\n\n\n<figure class=\"wp-block-embed-wordpress wp-block-embed is-type-wp-embed is-provider-historiografija-hr\"><div class=\"wp-block-embed__wrapper\">\n<blockquote class=\"wp-embedded-content\" data-secret=\"DORKAciL0K\"><a href=\"https:\/\/historiografija.hr\/?p=18340\">Podsjetnik na prijavu na VI. kongres hrvatskih povjesni\u010dara<\/a><\/blockquote><iframe loading=\"lazy\" class=\"wp-embedded-content\" sandbox=\"allow-scripts\" security=\"restricted\" style=\"position: absolute; clip: rect(1px, 1px, 1px, 1px);\" title=\"&#8220;Podsjetnik na prijavu na VI. kongres hrvatskih povjesni\u010dara&#8221; &#8212; Historiografija.hr\" src=\"https:\/\/historiografija.hr\/?p=18340&#038;embed=true#?secret=DORKAciL0K\" data-secret=\"DORKAciL0K\" width=\"600\" height=\"338\" frameborder=\"0\" marginwidth=\"0\" marginheight=\"0\" scrolling=\"no\"><\/iframe>\n<\/div><\/figure>\n\n\n\n<figure class=\"wp-block-embed-wordpress wp-block-embed is-type-wp-embed is-provider-historiografija-hr\"><div class=\"wp-block-embed__wrapper\">\n<blockquote class=\"wp-embedded-content\" data-secret=\"ETOuAVDo8R\"><a href=\"https:\/\/historiografija.hr\/?p=16441\">Poziv za prijavu na VI. kongres hrvatskih povjesni\u010dara (Rijeka, 30. IX. \u2013 3. X. 2020.)<\/a><\/blockquote><iframe loading=\"lazy\" class=\"wp-embedded-content\" sandbox=\"allow-scripts\" security=\"restricted\" style=\"position: absolute; clip: rect(1px, 1px, 1px, 1px);\" title=\"&#8220;Poziv za prijavu na VI. kongres hrvatskih povjesni\u010dara (Rijeka, 30. IX. \u2013 3. X. 2020.)&#8221; &#8212; Historiografija.hr\" src=\"https:\/\/historiografija.hr\/?p=16441&#038;embed=true#?secret=ETOuAVDo8R\" data-secret=\"ETOuAVDo8R\" width=\"600\" height=\"338\" frameborder=\"0\" marginwidth=\"0\" marginheight=\"0\" scrolling=\"no\"><\/iframe>\n<\/div><\/figure>\n\n\n\n<hr class=\"wp-block-separator\"\/>\n","protected":false},"excerpt":{"rendered":"","protected":false},"author":2,"featured_media":0,"comment_status":"open","ping_status":"open","sticky":false,"template":"","format":"standard","meta":{"_acf_changed":false,"jetpack_post_was_ever_published":false,"_jetpack_newsletter_access":"","_jetpack_dont_email_post_to_subs":false,"_jetpack_newsletter_tier_id":0,"_jetpack_memberships_contains_paywalled_content":false,"_jetpack_memberships_contains_paid_content":false,"footnotes":"","jetpack_publicize_message":"","jetpack_publicize_feature_enabled":true,"jetpack_social_post_already_shared":true,"jetpack_social_options":{"image_generator_settings":{"template":"highway","default_image_id":0,"font":"","enabled":false},"version":2}},"categories":[4],"tags":[],"class_list":["post-25162","post","type-post","status-publish","format-standard","hentry","category-osvrti"],"acf":{"facebook_opis":""},"jetpack_publicize_connections":[],"jetpack_featured_media_url":"","jetpack_sharing_enabled":true,"jetpack-related-posts":[],"_links":{"self":[{"href":"https:\/\/historiografija.hr\/index.php?rest_route=\/wp\/v2\/posts\/25162","targetHints":{"allow":["GET"]}}],"collection":[{"href":"https:\/\/historiografija.hr\/index.php?rest_route=\/wp\/v2\/posts"}],"about":[{"href":"https:\/\/historiografija.hr\/index.php?rest_route=\/wp\/v2\/types\/post"}],"author":[{"embeddable":true,"href":"https:\/\/historiografija.hr\/index.php?rest_route=\/wp\/v2\/users\/2"}],"replies":[{"embeddable":true,"href":"https:\/\/historiografija.hr\/index.php?rest_route=%2Fwp%2Fv2%2Fcomments&post=25162"}],"version-history":[{"count":5,"href":"https:\/\/historiografija.hr\/index.php?rest_route=\/wp\/v2\/posts\/25162\/revisions"}],"predecessor-version":[{"id":25168,"href":"https:\/\/historiografija.hr\/index.php?rest_route=\/wp\/v2\/posts\/25162\/revisions\/25168"}],"wp:attachment":[{"href":"https:\/\/historiografija.hr\/index.php?rest_route=%2Fwp%2Fv2%2Fmedia&parent=25162"}],"wp:term":[{"taxonomy":"category","embeddable":true,"href":"https:\/\/historiografija.hr\/index.php?rest_route=%2Fwp%2Fv2%2Fcategories&post=25162"},{"taxonomy":"post_tag","embeddable":true,"href":"https:\/\/historiografija.hr\/index.php?rest_route=%2Fwp%2Fv2%2Ftags&post=25162"}],"curies":[{"name":"wp","href":"https:\/\/api.w.org\/{rel}","templated":true}]}}