{"id":25130,"date":"2021-02-23T20:26:41","date_gmt":"2021-02-23T20:26:41","guid":{"rendered":"http:\/\/historiografija.hr\/?p=25130"},"modified":"2021-02-23T20:26:41","modified_gmt":"2021-02-23T20:26:41","slug":"sorj-chalandon-zanimanje-oca","status":"publish","type":"post","link":"https:\/\/historiografija.hr\/?p=25130","title":{"rendered":"Sorj Chalandon, \u201cZanimanje oca\u201d"},"content":{"rendered":"\n<p>Intiman roman o odrastanju unutar disfunkcionalne obitelji.<\/p>\n\n\n\n<p>\u0160ezdesete godine u Francuskoj. Tro\u010dlana obitelj zarobljena u o\u010devom ludilu.<\/p>\n\n\n\n<p>\u0160to sve u \u017eivotu nije bio taj otac? Ka\u017ee da je bio pjeva\u010d, nogometa\u0161, trener d\u017euda, \u0161pijun, pentekostalni pastor, padobranac tijekom rata, a sve do 1958. i pouzdanik generala de Gaullea. No najbolji prijatelj preko no\u0107i mu je postao neprijateljem.<\/p>\n\n\n\n<p>Stoga odlu\u010duje ubiti de Gaullea i tako se pobrinuti da Al\u017eir ostane francuski te za to tra\u017ei pomo\u0107 svog sina \u00c9milea. Dje\u010dak se pokorava o\u010devim naredbama i pristaje na napornu obuku.<\/p>\n\n\n\n<p>Dok op\u010dinjen slu\u0161a o\u010deve pri\u010de o juna\u0161tvu, zaboravlja na nasilje koje svakodnevno trpi. Prima udarce, ne sumnja, ne \u017eali se, ne sudi. \u017deli biti najbolje mogu\u0107e dijete, svaki put sve bolje, kako u \u0161koli tako i kod ku\u0107e. Ta ku\u0107a u koju nitko ne smije u\u0107i postaje mjesto gdje se \u00c9mileova mala juna\u010dka pustolovina susre\u0107e s velikim, za svijet va\u017enim doga\u0111ajima &#8211; Nurejevljevim bijegom iz SSSR-a, Kennedyjevim ubojstvom &#8211; u koje je nekako uvijek upetljan i njegov otac, a ondje nastaje i rana koja protagonista ti\u0161ti i nakon \u0161to odraste i osnuje vlastitu obitelj.<\/p>\n\n\n\n<p>Sna\u017ean i mo\u0107an roman, prepun dojmljivih slika, u kojem se sjene mije\u0161aju sa svjetlo\u0161\u0107u, tragedija s komedijom.<\/p>\n\n\n\n<hr class=\"wp-block-separator\"\/>\n\n\n\n<p>&#8220;Lik oca zlostavlja\u010da dobio je u ovoj knjizi najsna\u017eniji i najpotresniji izraz.<\/p>\n\n\n\n<p>Kakva knjiga! Svaka stranica osvaja jasno\u0107om stila i intenzitetom osje\u0107aja!&#8221;<\/p>\n\n\n\n<p>L&#8217;Obs<\/p>\n\n\n\n<p>&#8220;Sorj Chalandon pi\u0161e svojim suzama. Oslikavaju\u0107i stra\u0161nu figuru oca opsjednutog<\/p>\n\n\n\n<p>padom francuske kolonijalne mo\u0107i, pisac osloba\u0111a suze svoga djetinjstva.&#8221;<\/p>\n\n\n\n<p>Le Point<\/p>\n\n\n\n<p>&#8220;Chalandonovo pisanje u ovoj je knjizi dosegnulo vrhunac.&#8221;<\/p>\n\n\n\n<p>Paris Match<\/p>\n\n\n\n<hr class=\"wp-block-separator\"\/>\n\n\n\n<p>O autoru<\/p>\n\n\n\n<p>Sorj Chalandon, ro\u0111en 1952. u Tunisu, francuski je pisac i novinar. Jedan je od osniva\u010da francuskih novina Lib\u00e9ration za koje je od 1973. do 2007. pisao prete\u017eno o vanjskopoliti\u010dkim temama. Godine 1988. za svoje je reporta\u017ee iz Sjeverne Irske i sa su\u0111enja Klausu Barbieju ovjen\u010dan najpresti\u017enijom francuskom novinarskom nagradom Albert Londres. Od 2007. \u010dlan je uredni\u0161tva satiri\u010dnog tjednika Le Canard encha\u00een\u00e9 gdje ima vlastitu kolumnu i pi\u0161e filmske kritike. Dosad je objavio devet romana, od kojih je roman Une Promesse 2006. dobio nagradu M\u00e9dicis, roman Retour \u00e0 Killybegs 2011. nagradu Grand prix du roman koju svake godine dodjeljuje Francuska akademija, a Le Quatri\u00e8me Mur 2013. Goncourtovu nagradu po izboru francuskih gimnazijalaca.<\/p>\n\n\n\n<hr class=\"wp-block-separator\"\/>\n\n\n\n<p>NAZIV IZVORNIKA: Profession du pere<\/p>\n\n\n\n<p>PREVODITELJ: Maja Ru\u010devi\u0107<\/p>\n\n\n\n<p>GODINA IZDANJA: 2021<\/p>\n\n\n\n<p>NAKLADNIK: Znanje<\/p>\n\n\n\n<p>BROJ STRANICA: 280 stranica<\/p>\n\n\n\n<hr class=\"wp-block-separator\"\/>\n\n\n\n<p>Izvor: <a href=\"https:\/\/znanje.hr\/product\/zanimanje-oca\/406214\">https:\/\/znanje.hr\/product\/zanimanje-oca\/406214<\/a><\/p>\n\n\n\n<hr class=\"wp-block-separator\"\/>\n","protected":false},"excerpt":{"rendered":"","protected":false},"author":2,"featured_media":25131,"comment_status":"open","ping_status":"open","sticky":false,"template":"","format":"standard","meta":{"_acf_changed":false,"jetpack_post_was_ever_published":false,"_jetpack_newsletter_access":"","_jetpack_dont_email_post_to_subs":false,"_jetpack_newsletter_tier_id":0,"_jetpack_memberships_contains_paywalled_content":false,"_jetpack_memberships_contains_paid_content":false,"footnotes":"","jetpack_publicize_message":"","jetpack_publicize_feature_enabled":true,"jetpack_social_post_already_shared":true,"jetpack_social_options":{"image_generator_settings":{"template":"highway","default_image_id":0,"font":"","enabled":false},"version":2}},"categories":[3,12],"tags":[],"class_list":["post-25130","post","type-post","status-publish","format-standard","has-post-thumbnail","hentry","category-novosti","category-knjizevnost"],"acf":{"facebook_opis":""},"jetpack_publicize_connections":[],"jetpack_featured_media_url":"https:\/\/i0.wp.com\/historiografija.hr\/wp-content\/uploads\/2021\/02\/zanimanje.jpg?fit=360%2C545&ssl=1","jetpack_sharing_enabled":true,"jetpack-related-posts":[{"id":52704,"url":"https:\/\/historiografija.hr\/?p=52704","url_meta":{"origin":25130,"position":0},"title":"Predstavljanje knjige &#8220;Vladimir Vasiljevi\u0107: Moji do\u017eivljaji. Dnevni\u010dki zapisi iz Prvoga svjetskog rata i poratnoga vremena&#8221;","author":"Filip \u0160imunjak","date":"29. travnja 2026.","format":false,"excerpt":"Doga\u0111anja ovogodi\u0161njega Festivala povijesti Kliofest zapo\u010dinjemo ve\u0107 i prije samoga slu\u017ebenog otvaranja, predstavljanjem knjige \u201eMoji do\u017eivljaji. Dnevni\u010dki zapisi iz Prvoga svjetskog rata i poratnoga vremena\u201d Vladimira Vasiljevi\u0107a, koju su priredili Karlo Rukavina i Damir Agi\u010di\u0107. Pozivamo Vas na predstavljanje koje \u0107e se odr\u017eati u ponedjeljak 4. svibnja, s po\u010detkom u\u2026","rel":"","context":"U &quot;Knjige&quot;","block_context":{"text":"Knjige","link":"https:\/\/historiografija.hr\/?cat=8"},"img":{"alt_text":"","src":"https:\/\/i0.wp.com\/historiografija.hr\/wp-content\/uploads\/2026\/04\/Naslovna-V.-Vasiljevic.webp?fit=1200%2C600&ssl=1&resize=350%2C200","width":350,"height":200,"srcset":"https:\/\/i0.wp.com\/historiografija.hr\/wp-content\/uploads\/2026\/04\/Naslovna-V.-Vasiljevic.webp?fit=1200%2C600&ssl=1&resize=350%2C200 1x, https:\/\/i0.wp.com\/historiografija.hr\/wp-content\/uploads\/2026\/04\/Naslovna-V.-Vasiljevic.webp?fit=1200%2C600&ssl=1&resize=525%2C300 1.5x, https:\/\/i0.wp.com\/historiografija.hr\/wp-content\/uploads\/2026\/04\/Naslovna-V.-Vasiljevic.webp?fit=1200%2C600&ssl=1&resize=700%2C400 2x, https:\/\/i0.wp.com\/historiografija.hr\/wp-content\/uploads\/2026\/04\/Naslovna-V.-Vasiljevic.webp?fit=1200%2C600&ssl=1&resize=1050%2C600 3x"},"classes":[]},{"id":52536,"url":"https:\/\/historiografija.hr\/?p=52536","url_meta":{"origin":25130,"position":1},"title":"Kader Abdolah, \u201ePrije nego \u0161to bude kasno\u201c","author":"Branimir Jankovi\u0107","date":"20. travnja 2026.","format":false,"excerpt":"Kader Abdolah \u017eeli se vratiti ku\u0107i. Ali povratak je nemogu\u0107: u Iranu bi bio uhap\u0161en. Pod la\u017enim imenom i s krivotvorenim paso\u0161em ipak uspijeva u\u0107i u domovinu i sti\u017ee do roditeljske ku\u0107e, visoko u planinama. Majka ga ne prepoznaje, otac je mrtav, a sve \u0161to je tra\u017eio izmi\u010de mu pred\u2026","rel":"","context":"U &quot;Novosti&quot;","block_context":{"text":"Novosti","link":"https:\/\/historiografija.hr\/?cat=3"},"img":{"alt_text":"","src":"https:\/\/i0.wp.com\/historiografija.hr\/wp-content\/uploads\/2026\/04\/Prije-nego-sto-bude-kasno.webp?fit=566%2C872&ssl=1&resize=350%2C200","width":350,"height":200,"srcset":"https:\/\/i0.wp.com\/historiografija.hr\/wp-content\/uploads\/2026\/04\/Prije-nego-sto-bude-kasno.webp?fit=566%2C872&ssl=1&resize=350%2C200 1x, https:\/\/i0.wp.com\/historiografija.hr\/wp-content\/uploads\/2026\/04\/Prije-nego-sto-bude-kasno.webp?fit=566%2C872&ssl=1&resize=525%2C300 1.5x"},"classes":[]},{"id":52733,"url":"https:\/\/historiografija.hr\/?p=52733","url_meta":{"origin":25130,"position":2},"title":"Vlado Raji\u0107 \u201eGranica na kraju stolje\u0107a\u201c","author":"Filip \u0160imunjak","date":"29. travnja 2026.","format":false,"excerpt":"U suizdanju Durieuxa i Beletre objavljena je 2025. godine knjiga Granica na kraju stolje\u0107a autora Vlade Raji\u0107a.\u00a0 O knjizi\u00a0 Romansirana biografija Vladimira Iblera mnogo je vi\u0161e od zanimljive pri\u010de o privatnom \u017eivotu i impresivnoj profesionalnoj karijeri istaknutog stru\u010dnjaka za me\u0111unarodno pravo i dugo\u00adgodi\u0161njeg profesora na zagreba\u010dkom Pravnom fakultetu, akademika, koji\u2026","rel":"","context":"U &quot;Knjige&quot;","block_context":{"text":"Knjige","link":"https:\/\/historiografija.hr\/?cat=8"},"img":{"alt_text":"","src":"https:\/\/i0.wp.com\/historiografija.hr\/wp-content\/uploads\/2026\/04\/VLADO-RAJIC-GRANICA-NA-KRAJU-STOLJECA.jpg?fit=450%2C650&ssl=1&resize=350%2C200","width":350,"height":200},"classes":[]},{"id":52589,"url":"https:\/\/historiografija.hr\/?p=52589","url_meta":{"origin":25130,"position":3},"title":"Predstavljena knjiga Miomira \u017du\u017eula &#8220;Dayton: Diplomacija &#8211; druga strana rata&#8221;","author":"Branimir Jankovi\u0107","date":"22. travnja 2026.","format":false,"excerpt":"Knjiga Miomira \u017du\u017eula \u201eDayton: Diplomacija \u2013 druga strana rata\u201d predstavljena je u srijedu, 22. travnja 2026. godine u foajeu Hrvatskoga narodnog kazali\u0161ta u Zagrebu. Op\u0161irnije: https:\/\/vijesti.hrt.hr\/hrvatska\/predstavljena-knjiga-miomira-zuzula-dayton-diplomacija-druga-strana-rata-12683259 https:\/\/www.vecernji.ba\/amp\/vijesti\/zuzulova-knjiga-o-daytonu-predstavljena-u-zagrebu-diplomacija-kao-druga-strana-rata-1953700 https:\/\/www.tportal.hr\/vijesti\/clanak\/bivsi-sanaderov-ministar-odrzao-promociju-evo-tko-je-sve-dosao-na-predstavljanje-knjige-miomira-zuzula-foto-20260422 https:\/\/direktno.hr\/zivot\/kultura\/zuzul-otkrio-sve-o-drugoj-strani-rata-za-hrvatsku-se-nije-libio-povuci-nekoga-i-za-kosu-395042 https:\/\/www.24sata.hr\/news\/miomir-zuzul-predstavio-je-knjigu-o-daytonu-diplomacija-je-bila-druga-strana-rata-1123152 https:\/\/www.vecernji.hr\/kultura\/kolinda-grabar-kitarovic-otvoreno-miomir-zuzul-nije-vukao-samo-za-rukav-nego-i-za-kosu-1953722 https:\/\/www.vecernji.hr\/kultura\/i-papa-lav-xiv-eksplicitno-je-daytonski-sporazum-istaknuo-kao-primjer-uspjesna-rjesavanja-sukoba-1952215","rel":"","context":"U &quot;Novosti&quot;","block_context":{"text":"Novosti","link":"https:\/\/historiografija.hr\/?cat=3"},"img":{"alt_text":"","src":"https:\/\/i0.wp.com\/historiografija.hr\/wp-content\/uploads\/2026\/04\/Dayton.jpg?fit=1024%2C683&ssl=1&resize=350%2C200","width":350,"height":200,"srcset":"https:\/\/i0.wp.com\/historiografija.hr\/wp-content\/uploads\/2026\/04\/Dayton.jpg?fit=1024%2C683&ssl=1&resize=350%2C200 1x, https:\/\/i0.wp.com\/historiografija.hr\/wp-content\/uploads\/2026\/04\/Dayton.jpg?fit=1024%2C683&ssl=1&resize=525%2C300 1.5x, https:\/\/i0.wp.com\/historiografija.hr\/wp-content\/uploads\/2026\/04\/Dayton.jpg?fit=1024%2C683&ssl=1&resize=700%2C400 2x"},"classes":[]},{"id":52669,"url":"https:\/\/historiografija.hr\/?p=52669","url_meta":{"origin":25130,"position":4},"title":"Predavanje Igora Dude &#8220;Odmor kao \u017eivotna potreba: o slobodnom vremenu u socijalisti\u010dkoj Jugoslaviji&#8221;","author":"Branimir Jankovi\u0107","date":"27. travnja 2026.","format":false,"excerpt":"U sklopu proljetnog ciklusa programa\u00a0Kriti\u010dka dramaturgija: pauza, u\u00a0subotu, 25. travnja 2026. u 19 sati\u00a0u prostoru Udru\u017eenja hrvatskih arhitekata povjesni\u010dar Igor Duda\u00a0odr\u017eao je predavanje naslovljeno\u00a0Odmor kao \u017eivotna potreba: o slobodnom vremenu u socijalisti\u010dkoj Jugoslaviji. Industrijalizacija i urbanizacija dru\u0161tava u povijesti su zna\u010dile i prelazak s predindustrijskog na industrijsko shva\u0107anje vremena. Ono\u2026","rel":"","context":"U &quot;Novosti&quot;","block_context":{"text":"Novosti","link":"https:\/\/historiografija.hr\/?cat=3"},"img":{"alt_text":"","src":"https:\/\/i0.wp.com\/historiografija.hr\/wp-content\/uploads\/2026\/04\/Duda.png?fit=1200%2C628&ssl=1&resize=350%2C200","width":350,"height":200,"srcset":"https:\/\/i0.wp.com\/historiografija.hr\/wp-content\/uploads\/2026\/04\/Duda.png?fit=1200%2C628&ssl=1&resize=350%2C200 1x, https:\/\/i0.wp.com\/historiografija.hr\/wp-content\/uploads\/2026\/04\/Duda.png?fit=1200%2C628&ssl=1&resize=525%2C300 1.5x, https:\/\/i0.wp.com\/historiografija.hr\/wp-content\/uploads\/2026\/04\/Duda.png?fit=1200%2C628&ssl=1&resize=700%2C400 2x, https:\/\/i0.wp.com\/historiografija.hr\/wp-content\/uploads\/2026\/04\/Duda.png?fit=1200%2C628&ssl=1&resize=1050%2C600 3x"},"classes":[]},{"id":52646,"url":"https:\/\/historiografija.hr\/?p=52646","url_meta":{"origin":25130,"position":5},"title":"5. MALI FESTIVAL POVIJESTI U LASTOVU","author":"Branimir Jankovi\u0107","date":"24. travnja 2026.","format":false,"excerpt":"Peti Mali festival povijesti odr\u017eava se od 25. do 27. travnja 2026. na Lastovu, u suradnji Zavoda za povijesne znanosti HAZU u Dubrovniku, Op\u0107ine Lastovo i Turisti\u010dke zajednice te uz potporu Dubrova\u010dko-neretvanske \u017eupanije. Predavanja: Dr. sc. Jasna \u010capo \u201eKu\u0107a kao zalog budu\u0107nosti i most izme\u0111u iseljenika i domovine\u201c Dr. sc.\u2026","rel":"","context":"U &quot;Novosti&quot;","block_context":{"text":"Novosti","link":"https:\/\/historiografija.hr\/?cat=3"},"img":{"alt_text":"","src":"https:\/\/i0.wp.com\/historiografija.hr\/wp-content\/uploads\/2026\/04\/Lastovo.jpg?fit=1200%2C700&ssl=1&resize=350%2C200","width":350,"height":200,"srcset":"https:\/\/i0.wp.com\/historiografija.hr\/wp-content\/uploads\/2026\/04\/Lastovo.jpg?fit=1200%2C700&ssl=1&resize=350%2C200 1x, https:\/\/i0.wp.com\/historiografija.hr\/wp-content\/uploads\/2026\/04\/Lastovo.jpg?fit=1200%2C700&ssl=1&resize=525%2C300 1.5x, https:\/\/i0.wp.com\/historiografija.hr\/wp-content\/uploads\/2026\/04\/Lastovo.jpg?fit=1200%2C700&ssl=1&resize=700%2C400 2x, https:\/\/i0.wp.com\/historiografija.hr\/wp-content\/uploads\/2026\/04\/Lastovo.jpg?fit=1200%2C700&ssl=1&resize=1050%2C600 3x"},"classes":[]}],"_links":{"self":[{"href":"https:\/\/historiografija.hr\/index.php?rest_route=\/wp\/v2\/posts\/25130","targetHints":{"allow":["GET"]}}],"collection":[{"href":"https:\/\/historiografija.hr\/index.php?rest_route=\/wp\/v2\/posts"}],"about":[{"href":"https:\/\/historiografija.hr\/index.php?rest_route=\/wp\/v2\/types\/post"}],"author":[{"embeddable":true,"href":"https:\/\/historiografija.hr\/index.php?rest_route=\/wp\/v2\/users\/2"}],"replies":[{"embeddable":true,"href":"https:\/\/historiografija.hr\/index.php?rest_route=%2Fwp%2Fv2%2Fcomments&post=25130"}],"version-history":[{"count":1,"href":"https:\/\/historiografija.hr\/index.php?rest_route=\/wp\/v2\/posts\/25130\/revisions"}],"predecessor-version":[{"id":25132,"href":"https:\/\/historiografija.hr\/index.php?rest_route=\/wp\/v2\/posts\/25130\/revisions\/25132"}],"wp:featuredmedia":[{"embeddable":true,"href":"https:\/\/historiografija.hr\/index.php?rest_route=\/wp\/v2\/media\/25131"}],"wp:attachment":[{"href":"https:\/\/historiografija.hr\/index.php?rest_route=%2Fwp%2Fv2%2Fmedia&parent=25130"}],"wp:term":[{"taxonomy":"category","embeddable":true,"href":"https:\/\/historiografija.hr\/index.php?rest_route=%2Fwp%2Fv2%2Fcategories&post=25130"},{"taxonomy":"post_tag","embeddable":true,"href":"https:\/\/historiografija.hr\/index.php?rest_route=%2Fwp%2Fv2%2Ftags&post=25130"}],"curies":[{"name":"wp","href":"https:\/\/api.w.org\/{rel}","templated":true}]}}