{"id":25118,"date":"2021-02-22T20:45:43","date_gmt":"2021-02-22T20:45:43","guid":{"rendered":"http:\/\/historiografija.hr\/?p=25118"},"modified":"2021-02-22T20:45:43","modified_gmt":"2021-02-22T20:45:43","slug":"zbornik-radova-75-godisnjica-treceg-zasjedanja-zavnobih-a","status":"publish","type":"post","link":"https:\/\/historiografija.hr\/?p=25118","title":{"rendered":"Zbornik radova \u201e75. godi\u0161njica Tre\u0107eg zasjedanja ZAVNOBiH-a\u201c"},"content":{"rendered":"\n<p>Akademija nauka i umjetnosti Bosne i Hercegovine je objavila zbornik radova \u201e75. godi\u0161njica Tre\u0107eg zasjedanja ZAVNOBiH-a\u201c. U zborniku su svoje radove objavili Nerzuk \u0106urak, Elvis Fejzi\u0107, Mirko Pejanovi\u0107, Elmir Sadikovi\u0107, Zdravko Lu\u010di\u0107, Miodrag Simovi\u0107 i Mujo Demirovi\u0107, Denis Be\u0107irovi\u0107, Vera Katz, D\u017eenita Sara\u010d Rujanac, Zijad \u0160ehi\u0107, Ivan Cvitkovi\u0107, Sarina Baki\u0107, Slavo Kuki\u0107 i Asim Mujki\u0107.<\/p>\n\n\n\n<p>Rije\u010d je o knjizi koja sumira saznanja o mjestu Tre\u0107eg zasjedanja ZAVNOBiH-a u izgradnji dr\u017eavnosti i sveukupnom dru\u0161tvenom i politi\u010dkom razvoju Bosne i Hercegovine. Knjiga tako\u0111er otvara i neke nove perspektive o ulozi pojedinih li\u010dnosti u izgradnji Bosne i Hercegovine, kao i o putu kojim je Bosna i Hercegovina pro\u0161la od proklamiranja ravnopravnog statusa do sticanja stvarne ravnopravnosti u okvirima jugoslavenske dr\u017eave. Autori su histori\u010dari, sociolozi, politolozi i pravnici \u0161to zborniku daje posebnu vrijednost.<\/p>\n\n\n\n<p>Urednici knjige su Miodrag N. Simovi\u0107, Mirko Pejanovi\u0107 i Zijad \u0160ehi\u0107.<\/p>\n\n\n\n<p>Sadr\u017eaj i tekst knjige dostupni <a rel=\"noreferrer noopener\" href=\"https:\/\/publications.anubih.ba\/handle\/123456789\/715\" target=\"_blank\">ovdje.<\/a><\/p>\n\n\n\n<hr class=\"wp-block-separator\"\/>\n\n\n\n<p>Preneseno s portala <strong><em>Historiografija.ba<\/em><\/strong><\/p>\n\n\n\n<p>Izvor: <a href=\"https:\/\/www.historiografija.ba\/article.php?id=392\">https:\/\/www.historiografija.ba\/article.php?id=392<\/a><\/p>\n\n\n\n<hr class=\"wp-block-separator\"\/>\n","protected":false},"excerpt":{"rendered":"","protected":false},"author":2,"featured_media":25119,"comment_status":"open","ping_status":"open","sticky":false,"template":"","format":"standard","meta":{"_acf_changed":false,"jetpack_post_was_ever_published":false,"_jetpack_newsletter_access":"","_jetpack_dont_email_post_to_subs":false,"_jetpack_newsletter_tier_id":0,"_jetpack_memberships_contains_paywalled_content":false,"_jetpack_memberships_contains_paid_content":false,"footnotes":"","jetpack_publicize_message":"","jetpack_publicize_feature_enabled":true,"jetpack_social_post_already_shared":true,"jetpack_social_options":{"image_generator_settings":{"template":"highway","default_image_id":0,"font":"","enabled":false},"version":2}},"categories":[8,3],"tags":[],"class_list":["post-25118","post","type-post","status-publish","format-standard","has-post-thumbnail","hentry","category-knjige","category-novosti"],"acf":{"facebook_opis":""},"jetpack_publicize_connections":[],"jetpack_featured_media_url":"https:\/\/i0.wp.com\/historiografija.hr\/wp-content\/uploads\/2021\/02\/ZAVNOBiH.jpg?fit=450%2C520&ssl=1","jetpack_sharing_enabled":true,"jetpack-related-posts":[],"_links":{"self":[{"href":"https:\/\/historiografija.hr\/index.php?rest_route=\/wp\/v2\/posts\/25118","targetHints":{"allow":["GET"]}}],"collection":[{"href":"https:\/\/historiografija.hr\/index.php?rest_route=\/wp\/v2\/posts"}],"about":[{"href":"https:\/\/historiografija.hr\/index.php?rest_route=\/wp\/v2\/types\/post"}],"author":[{"embeddable":true,"href":"https:\/\/historiografija.hr\/index.php?rest_route=\/wp\/v2\/users\/2"}],"replies":[{"embeddable":true,"href":"https:\/\/historiografija.hr\/index.php?rest_route=%2Fwp%2Fv2%2Fcomments&post=25118"}],"version-history":[{"count":1,"href":"https:\/\/historiografija.hr\/index.php?rest_route=\/wp\/v2\/posts\/25118\/revisions"}],"predecessor-version":[{"id":25120,"href":"https:\/\/historiografija.hr\/index.php?rest_route=\/wp\/v2\/posts\/25118\/revisions\/25120"}],"wp:featuredmedia":[{"embeddable":true,"href":"https:\/\/historiografija.hr\/index.php?rest_route=\/wp\/v2\/media\/25119"}],"wp:attachment":[{"href":"https:\/\/historiografija.hr\/index.php?rest_route=%2Fwp%2Fv2%2Fmedia&parent=25118"}],"wp:term":[{"taxonomy":"category","embeddable":true,"href":"https:\/\/historiografija.hr\/index.php?rest_route=%2Fwp%2Fv2%2Fcategories&post=25118"},{"taxonomy":"post_tag","embeddable":true,"href":"https:\/\/historiografija.hr\/index.php?rest_route=%2Fwp%2Fv2%2Ftags&post=25118"}],"curies":[{"name":"wp","href":"https:\/\/api.w.org\/{rel}","templated":true}]}}