{"id":25106,"date":"2021-02-19T21:21:12","date_gmt":"2021-02-19T21:21:12","guid":{"rendered":"http:\/\/historiografija.hr\/?p=25106"},"modified":"2021-02-19T21:21:33","modified_gmt":"2021-02-19T21:21:33","slug":"meinolf-arens-martina-bitunjac-ur-massengewalt-in-sudosteuropa-im-19-und-20-jahrhundert-motive-ablaufe-und-auswirkungen","status":"publish","type":"post","link":"https:\/\/historiografija.hr\/?p=25106","title":{"rendered":"Meinolf Arens, Martina Bitunjac (ur.), &#8220;Massengewalt in S\u00fcdosteuropa im 19. und 20. Jahrhundert. Motive, Abl\u00e4ufe und Auswirkungen&#8221;"},"content":{"rendered":"\n<p>Objavljen je 2021. zbornik radova \u201eMasovno nasilje u Jugoisto\u010dnoj Europi u 19. i 20. stolje\u0107u\u201c u kojem Zoran Janjetovi\u0107 pi\u0161e o masovnom nasilju u Srbiji i Vojvodini 1941-1948, Sabine Rutar o masovnom nasilju isto\u010dno od Trsta, a Martina Bitunjac o revizionisti\u010dkim interpretacijama Holokausta na primjeru usta\u0161kog logora Jasenovac.<\/p>\n\n\n\n<p>&#8212;<\/p>\n\n\n\n<p>Das S\u00fcdosteuropa des 19. und 20. Jahrhunderts ist stark gepr\u00e4gt von Konflikten, Unruhen, Terror und Kriegen. Die antiosmanischen Aufstandsbewegungen, Befreiungskriege und R\u00e4uberwirtschaften im 19. Jahrhundert, die Balkankriege 1912\/13 im Vorfeld des Ersten Weltkrieges, darauf folgend die staatlichen und terroristischen Gewaltt\u00e4tigkeiten der Zwischenkriegszeit und die Massengewalten der Kollaborations- und Besatzungsregime der 1940er Jahre sowie die \u00c4ra des Kommunismus, hinterlie\u00dfen tiefe Spuren in der gesamten Region. In diesem Band gehen die Autorinnen und Autoren auf einige Aspekte zu Ursachen, Motiven und Auswirkungen der verschiedenen Gewaltformen bis Mitte des 20. Jahrhunderts ein. Sie weisen dabei ein vielseitiges und komplexes Gewaltenbild auf, das bis heute teilweise wenig aufgearbeitet wurde, aber die Gesellschaften dieser Region weiterhin stark pr\u00e4gt.<\/p>\n\n\n\n<hr class=\"wp-block-separator\"\/>\n\n\n\n<p><strong>Inhalts\u00fcbersicht<\/strong><\/p>\n\n\n\n<p><strong>Meinolf Arens und Martina Bitunjac:<\/strong> Vorwort<br><br><strong>Der s\u00fcdliche Balkanraum zwischen Gewalt, R\u00e4uberwirtschaft und Terror<\/strong><br><br><strong>Ioannis Zelepos:<\/strong> Massengewalt in Griechenland im 19. und 20. Jahrhundert \u2013 ein historisches Kontinuum?<br><strong>Heiko Brendel:<\/strong> R\u00e4uberwirtschaft und Gewaltkultur in den s\u00fcdlichen Dinariden. Kontinuit\u00e4ten und Br\u00fcche bis zum Ersten Weltkrieg<br><strong>Stefan Troebst:<\/strong> Die Innere Makedonische Revolution\u00e4re Organisation als Gewaltakteur 1893\u20131951<br><br><strong>Massengewalt, ihre Folgen und Interpretationen auf dem Territorium des ehemaligen Jugoslawien und in der Adriaregion<\/strong><br><br><strong>Bj\u00f6rn Opfer-Klinger:<\/strong> Ethnopolitische Gewalt in Var-dar-Mazedonien unter bulgarischer Verwaltung 1941\u20131944<br><strong>Zoran Janjetovi\u0107:<\/strong> Massengewalt in Serbien und in der Vojvodina 1941\u20131948<br><strong>Sabine Rutar:<\/strong> Massengewalt \u00f6stlich von Triest. Vom Grenzlandfaschismus zum Kalten Krieg (1920er bis 1950er Jahre)<br><strong>Martina Bitunjac:<\/strong> Das M\u00e4rchen vom guten Faschismus. Revisionistische Holocaust-Interpretationen und Geschichtsf\u00e4lschungen am Beispiel des Usta\u0161a-Vernichtungslagers Jasenovac<br><br><strong>Dimensionen ethnopolitischer Gewalt und des Holocausts im Donau-Karpatenraum<\/strong><br><br><strong>Ottmar Tra\u015fc\u0103:<\/strong> Rum\u00e4nisierung \u2013 Vernichtung \u2013 Rettung. Das Antonescu-Regime und die \u00bbJudenfrage\u00ab in Rum\u00e4nien 1940\u20131944<br><strong>Kriszti\u00e1n Ungv\u00e1ry:<\/strong> Die R\u00fcckgliederung der Batschka und des Baranja-Dreiecks unter ungarischer Herrschaft 1941\u20131944<br><strong>Meinolf Arens:<\/strong> Ein letztes Kapitel. Das Projekt zur Umsiedlung der Moldauer Cs\u00e1ng\u00f3s im Kontext von Holocaust und Krieg im Donau-Karpatenraum im Jahre 1944<br><strong>Literaturverzeichnis<\/strong><br><strong>Personenverzeichnis<\/strong><br><strong>Autorinnen und Autoren<\/strong><\/p>\n\n\n\n<hr class=\"wp-block-separator\"\/>\n\n\n\n<p>Leseprobe:<\/p>\n\n\n\n<p><a href=\"https:\/\/www.duncker-humblot.de\/buch\/massengewalt-in-suedosteuropa-im-19-und-20-jahrhundert-9783428182053\">https:\/\/www.duncker-humblot.de\/buch\/massengewalt-in-suedosteuropa-im-19-und-20-jahrhundert-9783428182053<\/a><\/p>\n\n\n\n<hr class=\"wp-block-separator\"\/>\n","protected":false},"excerpt":{"rendered":"","protected":false},"author":2,"featured_media":25107,"comment_status":"open","ping_status":"open","sticky":false,"template":"","format":"standard","meta":{"_acf_changed":false,"jetpack_post_was_ever_published":false,"_jetpack_newsletter_access":"","_jetpack_dont_email_post_to_subs":false,"_jetpack_newsletter_tier_id":0,"_jetpack_memberships_contains_paywalled_content":false,"_jetpack_memberships_contains_paid_content":false,"footnotes":"","jetpack_publicize_message":"","jetpack_publicize_feature_enabled":true,"jetpack_social_post_already_shared":true,"jetpack_social_options":{"image_generator_settings":{"template":"highway","default_image_id":0,"font":"","enabled":false},"version":2}},"categories":[8,3],"tags":[],"class_list":["post-25106","post","type-post","status-publish","format-standard","has-post-thumbnail","hentry","category-knjige","category-novosti"],"acf":{"facebook_opis":""},"jetpack_publicize_connections":[],"jetpack_featured_media_url":"https:\/\/i0.wp.com\/historiografija.hr\/wp-content\/uploads\/2021\/02\/Massengewalt.jpg?fit=350%2C531&ssl=1","jetpack_sharing_enabled":true,"jetpack-related-posts":[],"_links":{"self":[{"href":"https:\/\/historiografija.hr\/index.php?rest_route=\/wp\/v2\/posts\/25106","targetHints":{"allow":["GET"]}}],"collection":[{"href":"https:\/\/historiografija.hr\/index.php?rest_route=\/wp\/v2\/posts"}],"about":[{"href":"https:\/\/historiografija.hr\/index.php?rest_route=\/wp\/v2\/types\/post"}],"author":[{"embeddable":true,"href":"https:\/\/historiografija.hr\/index.php?rest_route=\/wp\/v2\/users\/2"}],"replies":[{"embeddable":true,"href":"https:\/\/historiografija.hr\/index.php?rest_route=%2Fwp%2Fv2%2Fcomments&post=25106"}],"version-history":[{"count":2,"href":"https:\/\/historiografija.hr\/index.php?rest_route=\/wp\/v2\/posts\/25106\/revisions"}],"predecessor-version":[{"id":25109,"href":"https:\/\/historiografija.hr\/index.php?rest_route=\/wp\/v2\/posts\/25106\/revisions\/25109"}],"wp:featuredmedia":[{"embeddable":true,"href":"https:\/\/historiografija.hr\/index.php?rest_route=\/wp\/v2\/media\/25107"}],"wp:attachment":[{"href":"https:\/\/historiografija.hr\/index.php?rest_route=%2Fwp%2Fv2%2Fmedia&parent=25106"}],"wp:term":[{"taxonomy":"category","embeddable":true,"href":"https:\/\/historiografija.hr\/index.php?rest_route=%2Fwp%2Fv2%2Fcategories&post=25106"},{"taxonomy":"post_tag","embeddable":true,"href":"https:\/\/historiografija.hr\/index.php?rest_route=%2Fwp%2Fv2%2Ftags&post=25106"}],"curies":[{"name":"wp","href":"https:\/\/api.w.org\/{rel}","templated":true}]}}