{"id":25090,"date":"2021-02-18T19:29:11","date_gmt":"2021-02-18T19:29:11","guid":{"rendered":"http:\/\/historiografija.hr\/?p=25090"},"modified":"2021-02-18T20:01:45","modified_gmt":"2021-02-18T20:01:45","slug":"boris-skvorc-andric-i-krleza-poetike-i-politike-o-naraciji-nacije-nacija-i-knjizevnim-prelazenjima-granica","status":"publish","type":"post","link":"https:\/\/historiografija.hr\/?p=25090","title":{"rendered":"Boris \u0160kvorc, \u201cAndri\u0107 i Krle\u017ea: poetike i politike. O naraciji nacije\/nacija i (knji\u017eevnim) prela\u017eenjima granica\u201d"},"content":{"rendered":"\n<p>\u00bbBoris \u0160kvorc u knjizi <em>Andri\u0107 i Krle\u017ea: poetike i politike <\/em>umjesto \u010ditanja knji\u017eevnopovijesnih fenomena iz perspektive teorijskog promi\u0161ljanja i ideologija u \u010ditateljskim zajednicama, okre\u0107e se prema dekonstrukciji izvornih autorskih tekstova i njihovim tuma\u010denjima. Na primjeru dvojice vode\u0107ih hrvatskih pisaca 20. stolje\u0107a, pita se postoje li na ovoj razini upori\u0161ta za takva \u010ditanja ili se \u010ditanje tekstova zbiva tek u prostoru u kojem poetika postaje politikom. <em>Andri\u0107 i Krle\u017ea: poetike i politike <\/em>moderno je napisana monografija o dvojici najzna\u010dajnijih hrvatskih pisaca 20. stolje\u0107a, o njihovima poetikama i o politikama \u010ditanja kao okida\u010dima mnogih kontroverzi\u00ab (<strong>Vinko Bre\u0161i\u0107<\/strong>).<\/p>\n\n\n\n<p>&#x2666;&nbsp; &#x2666;&nbsp; &#x2666; &nbsp;&#x2666; &nbsp;&#x2666;<\/p>\n\n\n\n<p>\u00bbJe li \u010ditanje autora koji nad\u017eive svoje vrijeme i prostor, politi\u010dki gledano, upravo borba za preraspore\u0111ivanje &#8216;snaga&#8217; u prostoru kulturalne hegemonije? Pribli\u017eiti se odgovoru na to pitanje za Borisa \u0160kvorca bio je jedan od sredi\u0161njih zadataka ove knjige. U tom nastojanju, osim pozicioniranja u odnosima poetike i politike tekstova, na vi\u0161e mjesta u knjizi preispituje se i pozicija istra\u017eiva\u010da, njegova uokvirenost i mogu\u0107nost postizanja objektivnog pogleda oko kojeg bi se mogla posti\u0107i neka vrsta konsenzusa\u00ab (<strong>Leo Rafolt<\/strong>).<\/p>\n\n\n\n<hr class=\"wp-block-separator\"\/>\n\n\n\n<p>Biblioteka <strong>THEORIA \/ \u0398\u0395\u03a9\u03a1\u0399\u0391. Novi niz<\/strong>, glavni urednik Luka \u0160eput, izvr\u0161na urednica Sandra Tribuson, recenzenti Vinko Bre\u0161i\u0107 i Leo Rafolt, grafi\u010dki urednik Neven Osojnik, likovni urednik \u017deljko Podore\u0161ki, tisak <em>Denona<\/em> (Zagreb). \u2014 Knjiga je opremljena imenskim kazalom te bibliografskim bilje\u0161kama i stru\u010dnim komentarima uz tekst&nbsp;<\/p>\n\n\n\n<hr class=\"wp-block-separator\"\/>\n\n\n\n<p><strong>Autori<\/strong><\/p>\n\n\n\n<p>Boris \u0160kvorc<\/p>\n\n\n\n<p>Knji\u017eevni teoreti\u010dar i antologi\u010dar (Karlovac, 1962), redoviti profesor teorije knji\u017eevnosti i kulture na splitskome Filozofskom fakultetu, voditelj Centra za komparativne i korejske studije, urednik i osniva\u010d vi\u0161e \u010dasopisa, autor niza znanstvenih monografija i pedesetak znanstveno-stru\u010dnih radova objavljenih u doma\u0107oj i inozemnoj periodici<\/p>\n\n\n\n<hr class=\"wp-block-separator\"\/>\n\n\n\n<ul class=\"wp-block-list\"><li>biblioteka: <a href=\"https:\/\/www.matica.hr\/knjige\/biblioteka\/97\/\"><strong>THEORIA. Novi niz<\/strong><\/a><\/li><li>cijena: <strong>240,00<\/strong> kn<\/li><li>uvez: <strong>uvez bro\u0161iran i pro\u0161iven<\/strong><\/li><li>dimenzije: <strong>17 x 24 cm<\/strong><\/li><li>godina izdanja: <a href=\"https:\/\/www.matica.hr\/knjige\/godina\/2021\/\"><strong>2021.<\/strong><\/a><\/li><li>izdava\u010d: <strong>Matica hrvatska<\/strong><\/li><li>mjesto: <strong>Zagreb<\/strong><\/li><li>ISBN: <strong>978-953-341-155-2<\/strong><\/li><li>podru\u010dje: <strong><a href=\"https:\/\/www.matica.hr\/knjige\/podrucje\/hrvatska%20knji\u017eevnost\">hrvatska knji\u017eevnost<\/a>, <a href=\"https:\/\/www.matica.hr\/knjige\/podrucje\/knji\u017eevna%20znanost\">knji\u017eevna znanost<\/a>, <a href=\"https:\/\/www.matica.hr\/knjige\/podrucje\/teorija%20knji\u017eevnosti\">teorija knji\u017eevnosti<\/a><\/strong><\/li><\/ul>\n\n\n\n<hr class=\"wp-block-separator\"\/>\n\n\n\n<p><strong>PDF-ovi:<\/strong><\/p>\n\n\n\n<p>&nbsp;&nbsp;&nbsp; &#8211; Sadr\u017eaj<\/p>\n\n\n\n<p>&nbsp;&nbsp; &nbsp;&#8211; Nekoliko rije\u010di prije Uvoda (o knjizi, autorima i ideologiji\/ideologijama)<\/p>\n\n\n\n<p>&nbsp;&nbsp;&nbsp; &#8211; Kazalo imena<\/p>\n\n\n\n<hr class=\"wp-block-separator\"\/>\n\n\n\n<p>Izvor: <a href=\"https:\/\/www.matica.hr\/knjige\/andric-i-krleza-poetike-i-politike-1335\/\">https:\/\/www.matica.hr\/knjige\/andric-i-krleza-poetike-i-politike-1335\/<\/a><\/p>\n\n\n\n<hr class=\"wp-block-separator\"\/>\n","protected":false},"excerpt":{"rendered":"","protected":false},"author":2,"featured_media":25091,"comment_status":"open","ping_status":"open","sticky":false,"template":"","format":"standard","meta":{"_acf_changed":false,"jetpack_post_was_ever_published":false,"_jetpack_newsletter_access":"","_jetpack_dont_email_post_to_subs":false,"_jetpack_newsletter_tier_id":0,"_jetpack_memberships_contains_paywalled_content":false,"_jetpack_memberships_contains_paid_content":false,"footnotes":"","jetpack_publicize_message":"","jetpack_publicize_feature_enabled":true,"jetpack_social_post_already_shared":true,"jetpack_social_options":{"image_generator_settings":{"template":"highway","default_image_id":0,"font":"","enabled":false},"version":2}},"categories":[8,3,12],"tags":[],"class_list":["post-25090","post","type-post","status-publish","format-standard","has-post-thumbnail","hentry","category-knjige","category-novosti","category-knjizevnost"],"acf":{"facebook_opis":""},"jetpack_publicize_connections":[],"jetpack_featured_media_url":"https:\/\/i0.wp.com\/historiografija.hr\/wp-content\/uploads\/2021\/02\/andric-i-krleza-poetike-i-politike.jpeg?fit=300%2C431&ssl=1","jetpack_sharing_enabled":true,"jetpack-related-posts":[],"_links":{"self":[{"href":"https:\/\/historiografija.hr\/index.php?rest_route=\/wp\/v2\/posts\/25090","targetHints":{"allow":["GET"]}}],"collection":[{"href":"https:\/\/historiografija.hr\/index.php?rest_route=\/wp\/v2\/posts"}],"about":[{"href":"https:\/\/historiografija.hr\/index.php?rest_route=\/wp\/v2\/types\/post"}],"author":[{"embeddable":true,"href":"https:\/\/historiografija.hr\/index.php?rest_route=\/wp\/v2\/users\/2"}],"replies":[{"embeddable":true,"href":"https:\/\/historiografija.hr\/index.php?rest_route=%2Fwp%2Fv2%2Fcomments&post=25090"}],"version-history":[{"count":2,"href":"https:\/\/historiografija.hr\/index.php?rest_route=\/wp\/v2\/posts\/25090\/revisions"}],"predecessor-version":[{"id":25096,"href":"https:\/\/historiografija.hr\/index.php?rest_route=\/wp\/v2\/posts\/25090\/revisions\/25096"}],"wp:featuredmedia":[{"embeddable":true,"href":"https:\/\/historiografija.hr\/index.php?rest_route=\/wp\/v2\/media\/25091"}],"wp:attachment":[{"href":"https:\/\/historiografija.hr\/index.php?rest_route=%2Fwp%2Fv2%2Fmedia&parent=25090"}],"wp:term":[{"taxonomy":"category","embeddable":true,"href":"https:\/\/historiografija.hr\/index.php?rest_route=%2Fwp%2Fv2%2Fcategories&post=25090"},{"taxonomy":"post_tag","embeddable":true,"href":"https:\/\/historiografija.hr\/index.php?rest_route=%2Fwp%2Fv2%2Ftags&post=25090"}],"curies":[{"name":"wp","href":"https:\/\/api.w.org\/{rel}","templated":true}]}}