{"id":25084,"date":"2021-02-18T18:50:12","date_gmt":"2021-02-18T18:50:12","guid":{"rendered":"http:\/\/historiografija.hr\/?p=25084"},"modified":"2021-02-18T18:52:19","modified_gmt":"2021-02-18T18:52:19","slug":"25-godina-poslije-dejtona-put-za-demokratsku-i-prosperitetnu-bosnu-i-hercegovinu","status":"publish","type":"post","link":"https:\/\/historiografija.hr\/?p=25084","title":{"rendered":"\u201e25 godina nakon Daytona \u2013 put za demokratsku i prosperitetnu Bosnu i Hercegovinu\u201c"},"content":{"rendered":"\n<p>Fondacija Heinrich B\u00f6ll je objavila knjigu \u201e25 godina nakon Daytona \u2013 put za demokratsku i prosperitetnu Bosnu i Hercegovinu\u201c, koju je uredila Marion Kraske. U knjizi je objavljeno osam rasprava o razli\u010ditim aspektima Dejtonskog sporazuma i odnosima u Bosni i Hercegovini 25 godina nakon sporazuma. Autori tekstova su Marion Kraske, Christian Schwarz-Schilling, Jens Woelk, Sla\u0111an Tomi\u0107 (intervju s Azrom Zorni\u0107), Ellen Uebersch\u00e4r, Husnija Kamberovi\u0107, \u017deljka Umi\u010devi\u0107 i Manuel Sarrazin.<\/p>\n\n\n\n<p>Maion Kraske u uvodnom tekstu pi\u0161e kako je cijena Dejtonskog sporazuma bila visoka: \u201epriznanje etni\u010dkog \u010di\u0161\u0107enja u Republici Srpskoj, koja je postala zaseban entitet, te prihva\u0107anje nepravde i nejednakosti na temelju sumnjivih principa. Stvorena je troglava etnokracija, uz istovremeno ukidanje individualnih i gra\u0111anskih prava; s tim kolateralnim \u0161tetama Bosna se bori do danas.\u201c<\/p>\n\n\n\n<p>Na kraju je i Apel koji je uputila Inicijativa \u201eGra\u0111anke za ustavne promjene\u201c, u kojem se tra\u017ei da se zaustave napadi na Bosnu i Hercegovinu kao cjelovitu dr\u017eavu, poti\u010de o\u010duvanje demokratskih na\u010dela i tra\u017ei podr\u0161ka za izmjene Ustava Bosne i Hercegovine, kojim bi gra\u0111anke i gra\u0111ani BiH postali uva\u017eavani kao dio dru\u0161tva.<\/p>\n\n\n\n<hr class=\"wp-block-separator\"\/>\n\n\n\n<p>\u010citava knjiga je dostupna na stranici <strong>Fondacije<\/strong> <strong>Heinrich B\u00f6ll<\/strong>, na linku:<\/p>\n\n\n\n<p><a href=\"https:\/\/ba.boell.org\/bs\/2021\/02\/13\/25-godina-nakon-daytona-put-za-demokratsku-i-prospertitetnu-bosnu-i-hercegovinu\">https:\/\/ba.boell.org\/bs\/2021\/02\/13\/25-godina-nakon-daytona-put-za-demokratsku-i-prospertitetnu-bosnu-i-hercegovinu<\/a><\/p>\n\n\n\n<hr class=\"wp-block-separator\"\/>\n\n\n\n<p>Preneseno s portala <strong><em>Historiografija.ba<\/em><\/strong><\/p>\n\n\n\n<p>Izvor: <a href=\"https:\/\/www.historiografija.ba\/article.php?id=386\">https:\/\/www.historiografija.ba\/article.php?id=386<\/a><\/p>\n\n\n\n<hr class=\"wp-block-separator\"\/>\n","protected":false},"excerpt":{"rendered":"","protected":false},"author":2,"featured_media":25085,"comment_status":"open","ping_status":"open","sticky":false,"template":"","format":"standard","meta":{"_acf_changed":false,"jetpack_post_was_ever_published":false,"_jetpack_newsletter_access":"","_jetpack_dont_email_post_to_subs":false,"_jetpack_newsletter_tier_id":0,"_jetpack_memberships_contains_paywalled_content":false,"_jetpack_memberships_contains_paid_content":false,"footnotes":"","jetpack_publicize_message":"","jetpack_publicize_feature_enabled":true,"jetpack_social_post_already_shared":true,"jetpack_social_options":{"image_generator_settings":{"template":"highway","default_image_id":0,"font":"","enabled":false},"version":2}},"categories":[19,8,3],"tags":[],"class_list":["post-25084","post","type-post","status-publish","format-standard","has-post-thumbnail","hentry","category-e-knjige","category-knjige","category-novosti"],"acf":{"facebook_opis":""},"jetpack_publicize_connections":[],"jetpack_featured_media_url":"https:\/\/i0.wp.com\/historiografija.hr\/wp-content\/uploads\/2021\/02\/Dayton-25-godina.jpg?fit=450%2C655&ssl=1","jetpack_sharing_enabled":true,"jetpack-related-posts":[],"_links":{"self":[{"href":"https:\/\/historiografija.hr\/index.php?rest_route=\/wp\/v2\/posts\/25084","targetHints":{"allow":["GET"]}}],"collection":[{"href":"https:\/\/historiografija.hr\/index.php?rest_route=\/wp\/v2\/posts"}],"about":[{"href":"https:\/\/historiografija.hr\/index.php?rest_route=\/wp\/v2\/types\/post"}],"author":[{"embeddable":true,"href":"https:\/\/historiografija.hr\/index.php?rest_route=\/wp\/v2\/users\/2"}],"replies":[{"embeddable":true,"href":"https:\/\/historiografija.hr\/index.php?rest_route=%2Fwp%2Fv2%2Fcomments&post=25084"}],"version-history":[{"count":4,"href":"https:\/\/historiografija.hr\/index.php?rest_route=\/wp\/v2\/posts\/25084\/revisions"}],"predecessor-version":[{"id":25089,"href":"https:\/\/historiografija.hr\/index.php?rest_route=\/wp\/v2\/posts\/25084\/revisions\/25089"}],"wp:featuredmedia":[{"embeddable":true,"href":"https:\/\/historiografija.hr\/index.php?rest_route=\/wp\/v2\/media\/25085"}],"wp:attachment":[{"href":"https:\/\/historiografija.hr\/index.php?rest_route=%2Fwp%2Fv2%2Fmedia&parent=25084"}],"wp:term":[{"taxonomy":"category","embeddable":true,"href":"https:\/\/historiografija.hr\/index.php?rest_route=%2Fwp%2Fv2%2Fcategories&post=25084"},{"taxonomy":"post_tag","embeddable":true,"href":"https:\/\/historiografija.hr\/index.php?rest_route=%2Fwp%2Fv2%2Ftags&post=25084"}],"curies":[{"name":"wp","href":"https:\/\/api.w.org\/{rel}","templated":true}]}}