{"id":25081,"date":"2021-02-18T18:32:31","date_gmt":"2021-02-18T18:32:31","guid":{"rendered":"http:\/\/historiografija.hr\/?p=25081"},"modified":"2021-02-18T18:32:31","modified_gmt":"2021-02-18T18:32:31","slug":"kenneth-morrison-paul-lowe-reporting-the-siege-of-sarajevo","status":"publish","type":"post","link":"https:\/\/historiografija.hr\/?p=25081","title":{"rendered":"Kenneth Morrison, Paul Lowe, \u201cReporting the Siege of Sarajevo\u201d"},"content":{"rendered":"\n<p><em>Bloomsbury Academic<\/em> je 2021. objavio knjigu <em>Reporting the Siege of Sarajevo<\/em>, a autori knjige su Kenneth Morrison i Paul Lowe.<\/p>\n\n\n\n<p>Opsada Sarajeva 1992-1996. je najdu\u017ea opsada jednog grada u modernoj historiji: trajala tri puta du\u017ee od Staljingradske bitke i vi\u0161e od godinu dana du\u017ee od opsade Lenjingrada. Ova knjiga detaljno pi\u0161e o izvje\u0161tavanju o ovoj opsadi i ulozi koju su novinari imali u isticanju kako vojni\u010dkih tako i nevojni\u010dkih aspekata opsade. Knjiga se oslanja na detaljan primarni i sekundarni materijal na engleskom i bosanskom jeziku, kao i opse\u017ene intervjue s me\u0111unarodnim dopisnicima koji su doga\u0111aje u Sarajevu pratili iz opsjednutog grada. U knjizi se objavljuju i dosad neobjavljene fotografije koje je snimio koautor i nagra\u0111ivani fotoreporter Paul Lowe.<\/p>\n\n\n\n<p>Knjiga pru\u017ea osnovna zapa\u017eanja i uvide u nedovoljno istra\u017eeni aspekt ovog kriti\u010dnog razdoblja u novijoj evropskoj historiji.<\/p>\n\n\n\n<p><strong>Kenneth Morrison<\/strong> je profesor moderne historije jugoisto\u010dne Evrope na De Montfort University u Leicesteru. Autor je vi\u0161e knjiga: Nationalism, Identity and Statehood in Post-Yugoslav Montenegro (Bloomsbury Academic Press, 2017), Sarajevo\u2019s Holiday Inn: On the Frontline of Politics and War (Palgrave MacMillan, 2016), Montenegro: A Modern History (IB Tauris, 2009), i (s Elizabeth Roberts) koautor knjige The Sand\u017eak: A History (Hurst &amp; Co\/Oxford University Press, 2013).<\/p>\n\n\n\n<p><strong>Paul Lowe<\/strong> je voditelj kursa Masters programa za fotoreportere i dokumentarnu fotografiju na London College of Communication, University of the Arts, London, Velika Britanija. Nagra\u0111ivani je fotograf i savjetnik fondacije World Press Photo u Amsterdamu.<\/p>\n\n\n\n<p>Izvor: <a href=\"https:\/\/www.bloomsbury.com\/uk\/reporting-the-siege-of-sarajevo-9781350081796\/\" target=\"_blank\" rel=\"noreferrer noopener\">Bloomsbury Academic.<\/a><\/p>\n\n\n\n<p>Razgovor o knjizi, koji organiziraju Institute for the Study of Human Rights i Columbia Journalism School, \u0107e se obaviti 19.2.2021. putem ZOOM platforme, a moderator je Lara J. Nettelfield.<\/p>\n\n\n\n<hr class=\"wp-block-separator\"\/>\n\n\n\n<p>Preneseno s portala <strong><em>Historiografija.ba<\/em><\/strong><\/p>\n\n\n\n<p>Izvor: <a href=\"https:\/\/www.historiografija.ba\/article.php?id=387\">https:\/\/www.historiografija.ba\/article.php?id=387<\/a><\/p>\n\n\n\n<hr class=\"wp-block-separator\"\/>\n","protected":false},"excerpt":{"rendered":"","protected":false},"author":2,"featured_media":25082,"comment_status":"open","ping_status":"open","sticky":false,"template":"","format":"standard","meta":{"_acf_changed":false,"jetpack_post_was_ever_published":false,"_jetpack_newsletter_access":"","_jetpack_dont_email_post_to_subs":false,"_jetpack_newsletter_tier_id":0,"_jetpack_memberships_contains_paywalled_content":false,"_jetpack_memberships_contains_paid_content":false,"footnotes":"","jetpack_publicize_message":"","jetpack_publicize_feature_enabled":true,"jetpack_social_post_already_shared":true,"jetpack_social_options":{"image_generator_settings":{"template":"highway","default_image_id":0,"font":"","enabled":false},"version":2}},"categories":[8,3],"tags":[],"class_list":["post-25081","post","type-post","status-publish","format-standard","has-post-thumbnail","hentry","category-knjige","category-novosti"],"acf":{"facebook_opis":""},"jetpack_publicize_connections":[],"jetpack_featured_media_url":"https:\/\/i0.wp.com\/historiografija.hr\/wp-content\/uploads\/2021\/02\/Reporting-Sarajevo.jpg?fit=450%2C675&ssl=1","jetpack_sharing_enabled":true,"jetpack-related-posts":[],"_links":{"self":[{"href":"https:\/\/historiografija.hr\/index.php?rest_route=\/wp\/v2\/posts\/25081","targetHints":{"allow":["GET"]}}],"collection":[{"href":"https:\/\/historiografija.hr\/index.php?rest_route=\/wp\/v2\/posts"}],"about":[{"href":"https:\/\/historiografija.hr\/index.php?rest_route=\/wp\/v2\/types\/post"}],"author":[{"embeddable":true,"href":"https:\/\/historiografija.hr\/index.php?rest_route=\/wp\/v2\/users\/2"}],"replies":[{"embeddable":true,"href":"https:\/\/historiografija.hr\/index.php?rest_route=%2Fwp%2Fv2%2Fcomments&post=25081"}],"version-history":[{"count":1,"href":"https:\/\/historiografija.hr\/index.php?rest_route=\/wp\/v2\/posts\/25081\/revisions"}],"predecessor-version":[{"id":25083,"href":"https:\/\/historiografija.hr\/index.php?rest_route=\/wp\/v2\/posts\/25081\/revisions\/25083"}],"wp:featuredmedia":[{"embeddable":true,"href":"https:\/\/historiografija.hr\/index.php?rest_route=\/wp\/v2\/media\/25082"}],"wp:attachment":[{"href":"https:\/\/historiografija.hr\/index.php?rest_route=%2Fwp%2Fv2%2Fmedia&parent=25081"}],"wp:term":[{"taxonomy":"category","embeddable":true,"href":"https:\/\/historiografija.hr\/index.php?rest_route=%2Fwp%2Fv2%2Fcategories&post=25081"},{"taxonomy":"post_tag","embeddable":true,"href":"https:\/\/historiografija.hr\/index.php?rest_route=%2Fwp%2Fv2%2Ftags&post=25081"}],"curies":[{"name":"wp","href":"https:\/\/api.w.org\/{rel}","templated":true}]}}