{"id":25064,"date":"2021-02-17T18:57:34","date_gmt":"2021-02-17T18:57:34","guid":{"rendered":"http:\/\/historiografija.hr\/?p=25064"},"modified":"2021-02-17T18:57:34","modified_gmt":"2021-02-17T18:57:34","slug":"samija-rizvanovic-hercegovacke-kristalne-noci","status":"publish","type":"post","link":"https:\/\/historiografija.hr\/?p=25064","title":{"rendered":"Samija Rizvanovi\u0107, \u201eHercegova\u010dke kristalne no\u0107i\u201c"},"content":{"rendered":"\n<p>Izdava\u010dka ku\u0107a <em>Dobra knjiga<\/em> iz Sarajeva je koncem 2020. objavila knjigu Samije Rizvanovi\u0107 \u201eHercegova\u010dke kristalne no\u0107i\u201c, u kojoj je u sredi\u0161tu istra\u017eivanja sudbina Bo\u0161njaka u Hercegovini i njihovo odve\u0111enje u logore koje je organiziralo Hrvatsko vije\u0107e odbrane. Naslov knjige asocira na kristalnu no\u0107 1938, kada je veliki broj njema\u010dkih Jevreja ubijen i odveden u logore, a autorica u ovoj knjizi prati \u201ekristalne no\u0107i\u201c u Mostaru, \u010capljini, Stocu i drugim hercegova\u010dkim gradovima. Knjiga pokazuje sudbinu Bo\u0161njaka i na\u010dine mu\u010denja u logorima poput Heliodroma, Dretelja, Gabele, Ko\u0161tane bolnice i drugih. Autorica je donijela i spiskove logora\u0161a i popise ubijenih (ali su oni o\u010dito nepotpuni), te predstavila i optu\u017enice i kazne za po\u010dinitelje zlo\u010dina.<\/p>\n\n\n\n<p>U knjizi je najvi\u0161e pa\u017enje posve\u0107eno Mostaru, \u201egradu svjetlosti i topline, koji je postao grad jeze i mraka\u201c, i Stocu, ali su obra\u0111ene i sudbine Bo\u0161njaka Prozora, \u010capljine i drugih gradova. Autorica svoje izlaganje smje\u0161ta u \u0161iri politi\u010dki i vojni kontekst, ukazuje na politi\u010dke ideje hrvatskoga predsjednika Franje Tu\u0111mana, pokazuje ulogu lidera Herceg-Bosne u zlo\u010dinima HVO u Hercegovini, ali spominje i zlo\u010dine Armije RBiH tokom operacije \u201eNeretva 93\u201c. Skre\u0107e pa\u017enju i na ulogu Katoli\u010dke crkve na doga\u0111anja 1993-1994. te stavove pojedinih crkvenih velikodostojnika, ali \u0107e se o tome i nakon ove knjige morati nastaviti istra\u017eivanja.<\/p>\n\n\n\n<hr class=\"wp-block-separator\"\/>\n\n\n\n<p>Preneseno s portala <em>Historiografija.ba<\/em><\/p>\n\n\n\n<p>Izvor: <a href=\"https:\/\/www.historiografija.ba\/article.php?id=384\">https:\/\/www.historiografija.ba\/article.php?id=384<\/a><\/p>\n\n\n\n<hr class=\"wp-block-separator\"\/>\n","protected":false},"excerpt":{"rendered":"","protected":false},"author":2,"featured_media":25065,"comment_status":"open","ping_status":"open","sticky":false,"template":"","format":"standard","meta":{"_acf_changed":false,"jetpack_post_was_ever_published":false,"_jetpack_newsletter_access":"","_jetpack_dont_email_post_to_subs":false,"_jetpack_newsletter_tier_id":0,"_jetpack_memberships_contains_paywalled_content":false,"_jetpack_memberships_contains_paid_content":false,"footnotes":"","jetpack_publicize_message":"","jetpack_publicize_feature_enabled":true,"jetpack_social_post_already_shared":true,"jetpack_social_options":{"image_generator_settings":{"template":"highway","default_image_id":0,"font":"","enabled":false},"version":2}},"categories":[8,3],"tags":[],"class_list":["post-25064","post","type-post","status-publish","format-standard","has-post-thumbnail","hentry","category-knjige","category-novosti"],"acf":{"facebook_opis":""},"jetpack_publicize_connections":[],"jetpack_featured_media_url":"https:\/\/i0.wp.com\/historiografija.hr\/wp-content\/uploads\/2021\/02\/Samija-Rizvanovic.jpg?fit=450%2C662&ssl=1","jetpack_sharing_enabled":true,"jetpack-related-posts":[],"_links":{"self":[{"href":"https:\/\/historiografija.hr\/index.php?rest_route=\/wp\/v2\/posts\/25064","targetHints":{"allow":["GET"]}}],"collection":[{"href":"https:\/\/historiografija.hr\/index.php?rest_route=\/wp\/v2\/posts"}],"about":[{"href":"https:\/\/historiografija.hr\/index.php?rest_route=\/wp\/v2\/types\/post"}],"author":[{"embeddable":true,"href":"https:\/\/historiografija.hr\/index.php?rest_route=\/wp\/v2\/users\/2"}],"replies":[{"embeddable":true,"href":"https:\/\/historiografija.hr\/index.php?rest_route=%2Fwp%2Fv2%2Fcomments&post=25064"}],"version-history":[{"count":1,"href":"https:\/\/historiografija.hr\/index.php?rest_route=\/wp\/v2\/posts\/25064\/revisions"}],"predecessor-version":[{"id":25066,"href":"https:\/\/historiografija.hr\/index.php?rest_route=\/wp\/v2\/posts\/25064\/revisions\/25066"}],"wp:featuredmedia":[{"embeddable":true,"href":"https:\/\/historiografija.hr\/index.php?rest_route=\/wp\/v2\/media\/25065"}],"wp:attachment":[{"href":"https:\/\/historiografija.hr\/index.php?rest_route=%2Fwp%2Fv2%2Fmedia&parent=25064"}],"wp:term":[{"taxonomy":"category","embeddable":true,"href":"https:\/\/historiografija.hr\/index.php?rest_route=%2Fwp%2Fv2%2Fcategories&post=25064"},{"taxonomy":"post_tag","embeddable":true,"href":"https:\/\/historiografija.hr\/index.php?rest_route=%2Fwp%2Fv2%2Ftags&post=25064"}],"curies":[{"name":"wp","href":"https:\/\/api.w.org\/{rel}","templated":true}]}}