{"id":25058,"date":"2021-02-16T12:19:54","date_gmt":"2021-02-16T12:19:54","guid":{"rendered":"http:\/\/historiografija.hr\/?p=25058"},"modified":"2021-02-16T12:30:52","modified_gmt":"2021-02-16T12:30:52","slug":"drago-miletic-medvedgrad-na-oltaru-domovine-pogled-izbliza","status":"publish","type":"post","link":"https:\/\/historiografija.hr\/?p=25058","title":{"rendered":"Drago Mileti\u0107, \u201cMedvedgrad na Oltaru domovine \u2013 pogled izbliza\u201d"},"content":{"rendered":"\n<p>\u201cAutenti\u010dno svjedo\u010danstvo stru\u010dnjaka koje dokumentira preobrazbu slavnoga burga u dekorativni dodatak jednom naivno zami\u0161ljenu spomeniku u jeku Domovinskog rata. Brojni dokumenti ovdje doneseni, od zapisnika i rasprava na kojima su sudjelovali istaknuti politi\u010dari, ali i stru\u010dnjaci iz na\u0161e sredine, svjedo\u010de o birokratskom nasilju nad strukom i dragocjen su kapital koji rad Drage Mileti\u0107a pomi\u010de iz strogo stru\u010dnoga \u0161tiva i daje mu jasan politi\u010dki, \u0161tovi\u0161e moralni dignitet.\u201d<\/p>\n\n\n\n<hr class=\"wp-block-separator\"\/>\n\n\n\n<p>Dru\u0161tvo povjesni\u010dara umjetnosti Hrvatske, Zagreb, 2020.<\/p>\n\n\n\n<hr class=\"wp-block-separator\"\/>\n\n\n\n<p>Odjeci:<\/p>\n\n\n\n<p><a href=\"https:\/\/www.matica.hr\/vijenac\/703\/zrtvenici-i-zrtve-31328\/\">https:\/\/www.matica.hr\/vijenac\/703\/zrtvenici-i-zrtve-31328\/<\/a><\/p>\n\n\n\n<p><a href=\"https:\/\/www.vecernji.hr\/kultura\/medvedgrad-pretvoren-u-politicku-lakrdiju-a-oltar-domovine-nakon-tudmanove-smrti-zaboravljen-1464453\">https:\/\/www.vecernji.hr\/kultura\/medvedgrad-pretvoren-u-politicku-lakrdiju-a-oltar-domovine-nakon-tudmanove-smrti-zaboravljen-1464453<\/a><\/p>\n\n\n\n<figure class=\"wp-block-embed-wordpress wp-block-embed is-type-wp-embed is-provider-nacional-hr\"><div class=\"wp-block-embed__wrapper\">\n<blockquote class=\"wp-embedded-content\" data-secret=\"fs7ZbVouIy\"><a href=\"https:\/\/www.nacional.hr\/drago-miletic-o-oltaru-domovine-na-medvedgradu-tudman-nije-htio-shvatiti-da-glavnom-drzavnom-spomeniku-nije-mjesto-na-srednjovjekovnom-zahodnjaku\/\">Drago Mileti\u0107 o Oltaru domovine na Medvedgradu: &#8216;Tu\u0111man nije htio shvatiti da glavnom dr\u017eavnom spomeniku nije mjesto na srednjovjekovnom zahodnjaku&#8217;<\/a><\/blockquote><iframe loading=\"lazy\" class=\"wp-embedded-content\" sandbox=\"allow-scripts\" security=\"restricted\" style=\"position: absolute; clip: rect(1px, 1px, 1px, 1px);\" title=\"&#8220;Drago Mileti\u0107 o Oltaru domovine na Medvedgradu: &#8216;Tu\u0111man nije htio shvatiti da glavnom dr\u017eavnom spomeniku nije mjesto na srednjovjekovnom zahodnjaku&#8217;&#8221; &#8212; NACIONAL.HR\" src=\"https:\/\/www.nacional.hr\/drago-miletic-o-oltaru-domovine-na-medvedgradu-tudman-nije-htio-shvatiti-da-glavnom-drzavnom-spomeniku-nije-mjesto-na-srednjovjekovnom-zahodnjaku\/embed\/#?secret=fs7ZbVouIy\" data-secret=\"fs7ZbVouIy\" width=\"600\" height=\"338\" frameborder=\"0\" marginwidth=\"0\" marginheight=\"0\" scrolling=\"no\"><\/iframe>\n<\/div><\/figure>\n\n\n\n<figure class=\"wp-block-embed-wordpress wp-block-embed is-type-wp-embed is-provider-arteist\"><div class=\"wp-block-embed__wrapper\">\n<blockquote class=\"wp-embedded-content\" data-secret=\"3jhQtConpc\"><a href=\"https:\/\/arteist.hr\/spomenik-ljudskoj-gluposti-nova-knjiga-otkriva-pozadinsku-pricu-oltara-domovine\/\">&#8220;Spomenik ljudskoj gluposti\u201d: Nova knjiga otkriva pozadinsku pri\u010du Oltara domovine<\/a><\/blockquote><iframe loading=\"lazy\" class=\"wp-embedded-content\" sandbox=\"allow-scripts\" security=\"restricted\" style=\"position: absolute; clip: rect(1px, 1px, 1px, 1px);\" title=\"&#8220;&#8220;Spomenik ljudskoj gluposti\u201d: Nova knjiga otkriva pozadinsku pri\u010du Oltara domovine&#8221; &#8212; arteist\" src=\"https:\/\/arteist.hr\/spomenik-ljudskoj-gluposti-nova-knjiga-otkriva-pozadinsku-pricu-oltara-domovine\/embed\/#?secret=3jhQtConpc\" data-secret=\"3jhQtConpc\" width=\"600\" height=\"338\" frameborder=\"0\" marginwidth=\"0\" marginheight=\"0\" scrolling=\"no\"><\/iframe>\n<\/div><\/figure>\n\n\n\n<p><a href=\"https:\/\/www.jutarnji.hr\/vijesti\/hrvatska\/htjeli-su-graditi-apartmane-i-parking-cak-i-laser-koji-bi-s-kaptola-pucao-prema-medvedgradu-15046837\">https:\/\/www.jutarnji.hr\/vijesti\/hrvatska\/htjeli-su-graditi-apartmane-i-parking-cak-i-laser-koji-bi-s-kaptola-pucao-prema-medvedgradu-15046837<\/a><\/p>\n\n\n\n<hr class=\"wp-block-separator\"\/>\n","protected":false},"excerpt":{"rendered":"","protected":false},"author":2,"featured_media":25059,"comment_status":"open","ping_status":"open","sticky":false,"template":"","format":"standard","meta":{"_acf_changed":false,"jetpack_post_was_ever_published":false,"_jetpack_newsletter_access":"","_jetpack_dont_email_post_to_subs":false,"_jetpack_newsletter_tier_id":0,"_jetpack_memberships_contains_paywalled_content":false,"_jetpack_memberships_contains_paid_content":false,"footnotes":"","jetpack_publicize_message":"","jetpack_publicize_feature_enabled":true,"jetpack_social_post_already_shared":true,"jetpack_social_options":{"image_generator_settings":{"template":"highway","default_image_id":0,"font":"","enabled":false},"version":2}},"categories":[8,3],"tags":[],"class_list":["post-25058","post","type-post","status-publish","format-standard","has-post-thumbnail","hentry","category-knjige","category-novosti"],"acf":{"facebook_opis":""},"jetpack_publicize_connections":[],"jetpack_featured_media_url":"https:\/\/i0.wp.com\/historiografija.hr\/wp-content\/uploads\/2021\/02\/naslovnica_medvedgrad.jpg?fit=824%2C775&ssl=1","jetpack_sharing_enabled":true,"jetpack-related-posts":[],"_links":{"self":[{"href":"https:\/\/historiografija.hr\/index.php?rest_route=\/wp\/v2\/posts\/25058","targetHints":{"allow":["GET"]}}],"collection":[{"href":"https:\/\/historiografija.hr\/index.php?rest_route=\/wp\/v2\/posts"}],"about":[{"href":"https:\/\/historiografija.hr\/index.php?rest_route=\/wp\/v2\/types\/post"}],"author":[{"embeddable":true,"href":"https:\/\/historiografija.hr\/index.php?rest_route=\/wp\/v2\/users\/2"}],"replies":[{"embeddable":true,"href":"https:\/\/historiografija.hr\/index.php?rest_route=%2Fwp%2Fv2%2Fcomments&post=25058"}],"version-history":[{"count":3,"href":"https:\/\/historiografija.hr\/index.php?rest_route=\/wp\/v2\/posts\/25058\/revisions"}],"predecessor-version":[{"id":25063,"href":"https:\/\/historiografija.hr\/index.php?rest_route=\/wp\/v2\/posts\/25058\/revisions\/25063"}],"wp:featuredmedia":[{"embeddable":true,"href":"https:\/\/historiografija.hr\/index.php?rest_route=\/wp\/v2\/media\/25059"}],"wp:attachment":[{"href":"https:\/\/historiografija.hr\/index.php?rest_route=%2Fwp%2Fv2%2Fmedia&parent=25058"}],"wp:term":[{"taxonomy":"category","embeddable":true,"href":"https:\/\/historiografija.hr\/index.php?rest_route=%2Fwp%2Fv2%2Fcategories&post=25058"},{"taxonomy":"post_tag","embeddable":true,"href":"https:\/\/historiografija.hr\/index.php?rest_route=%2Fwp%2Fv2%2Ftags&post=25058"}],"curies":[{"name":"wp","href":"https:\/\/api.w.org\/{rel}","templated":true}]}}