{"id":25054,"date":"2021-02-16T12:07:30","date_gmt":"2021-02-16T12:07:30","guid":{"rendered":"http:\/\/historiografija.hr\/?p=25054"},"modified":"2021-02-16T12:34:23","modified_gmt":"2021-02-16T12:34:23","slug":"suprotstavljeni-pogledi-povodom-smrti-miroslava-tudmana","status":"publish","type":"post","link":"https:\/\/historiografija.hr\/?p=25054","title":{"rendered":"Suprotstavljeni pogledi povodom smrti Miroslava Tu\u0111mana"},"content":{"rendered":"\n<p>Svu polemi\u010dku suprotstavljenost pogleda u hrvatskoj javnosti mogu\u0107e je ilustrirati, s jedne strane, tekstom Ivice Mi\u0161kulina \u201cU povodu smrti profesora Miroslava Tu\u0111mana (1946\u20132021). Odlazak istinskoga patriota\u201d i, s druge strane, tekstom Jerka Bakotina \u201cUz hvalospjeve Miroslavu Tu\u0111manu: Nepomu\u0107eni konsenzus organizirane la\u017ei\u201d, u kojima je dakako rije\u010d i o povijesti 1990-ih i 2000-ih.<\/p>\n\n\n\n<hr class=\"wp-block-separator\"\/>\n\n\n\n<p>In memoriam<\/p>\n\n\n\n<p>U povodu smrti profesora Miroslava Tu\u0111mana (1946\u20132021)<\/p>\n\n\n\n<p><strong>Odlazak istinskoga patriota<\/strong><\/p>\n\n\n\n<p>Pi\u0161e Ivica Mi\u0161kulin<\/p>\n\n\n\n<p><em>Miroslav je Tu\u0111man najprije sudjelovao u stvaranju samostalne hrvatske dr\u017eave, a potom je do kraja uporno promicao istinu o njoj<\/em><\/p>\n\n\n\n<p><a href=\"https:\/\/www.matica.hr\/vijenac\/703\/odlazak-istinskoga-patriota-31307\/\">https:\/\/www.matica.hr\/vijenac\/703\/odlazak-istinskoga-patriota-31307\/<\/a><\/p>\n\n\n\n<hr class=\"wp-block-separator\"\/>\n\n\n\n<p><strong>Uz hvalospjeve Miroslavu Tu\u0111manu<\/strong><\/p>\n\n\n\n<p>Nepomu\u0107eni konsenzus organizirane la\u017ei<\/p>\n\n\n\n<p>Jerko Bakotin<\/p>\n\n\n\n<p><a href=\"https:\/\/lupiga.com\/kolumne\/uz-hvalospjeve-miroslavu-tudjmanu-nepomuceni-konsenzus-organizirane-lazi\">https:\/\/lupiga.com\/kolumne\/uz-hvalospjeve-miroslavu-tudjmanu-nepomuceni-konsenzus-organizirane-lazi<\/a><\/p>\n\n\n\n<hr class=\"wp-block-separator\"\/>\n\n\n\n<p><strong>Iz medija:<\/strong><\/p>\n\n\n\n<p><a href=\"https:\/\/vijesti.hrt.hr\/hrvatska\/preminuo-miroslav-tudman-397872\">https:\/\/vijesti.hrt.hr\/hrvatska\/preminuo-miroslav-tudman-397872<\/a><\/p>\n\n\n\n<figure class=\"wp-block-embed-wordpress wp-block-embed is-type-wp-embed is-provider-filozofski-fakultet-sveucilista-u-zagrebu\"><div class=\"wp-block-embed__wrapper\">\n<blockquote class=\"wp-embedded-content\" data-secret=\"LrcMrFOsmS\"><a href=\"https:\/\/web2020.ffzg.unizg.hr\/blog\/2021\/02\/01\/in-memoriam-prof-dr-sc-miroslav-tudman\/\">In memoriam: prof. dr. sc. Miroslav Tu\u0111man<\/a><\/blockquote><iframe loading=\"lazy\" class=\"wp-embedded-content\" sandbox=\"allow-scripts\" security=\"restricted\" style=\"position: absolute; clip: rect(1px, 1px, 1px, 1px);\" title=\"&#8220;In memoriam: prof. dr. sc. Miroslav Tu\u0111man&#8221; &#8212; Filozofski fakultet Sveu\u010dili\u0161ta u Zagrebu\" src=\"https:\/\/web2020.ffzg.unizg.hr\/blog\/2021\/02\/01\/in-memoriam-prof-dr-sc-miroslav-tudman\/embed\/#?secret=LrcMrFOsmS\" data-secret=\"LrcMrFOsmS\" width=\"600\" height=\"338\" frameborder=\"0\" marginwidth=\"0\" marginheight=\"0\" scrolling=\"no\"><\/iframe>\n<\/div><\/figure>\n\n\n\n<p><a href=\"https:\/\/hrcak.srce.hr\/252200\">https:\/\/hrcak.srce.hr\/252200<\/a><\/p>\n\n\n\n<figure class=\"wp-block-embed-wordpress wp-block-embed is-type-wp-embed is-provider-hrvatski-generalni-zbor-croatian-generals-association\"><div class=\"wp-block-embed__wrapper\">\n<blockquote class=\"wp-embedded-content\" data-secret=\"nziceSb3Jk\"><a href=\"https:\/\/hrvatskigeneralskizbor.hr\/2021\/02\/01\/in-memoriam-miroslav-tudman\/\">IN MEMORIAM MIROSLAV TU\u0110MAN<\/a><\/blockquote><iframe loading=\"lazy\" class=\"wp-embedded-content\" sandbox=\"allow-scripts\" security=\"restricted\" style=\"position: absolute; clip: rect(1px, 1px, 1px, 1px);\" title=\"&#8220;IN MEMORIAM MIROSLAV TU\u0110MAN&#8221; &#8212; Hrvatski Generalni Zbor CROATIAN GENERALS ASSOCIATION\" src=\"https:\/\/hrvatskigeneralskizbor.hr\/2021\/02\/01\/in-memoriam-miroslav-tudman\/embed\/#?secret=nziceSb3Jk\" data-secret=\"nziceSb3Jk\" width=\"600\" height=\"338\" frameborder=\"0\" marginwidth=\"0\" marginheight=\"0\" scrolling=\"no\"><\/iframe>\n<\/div><\/figure>\n\n\n\n<p><a href=\"https:\/\/vijesti.hrt.hr\/hrvatska\/u-saboru-komemoracija-miroslavu-tudmanu-467642\">https:\/\/vijesti.hrt.hr\/hrvatska\/u-saboru-komemoracija-miroslavu-tudmanu-467642<\/a><\/p>\n\n\n\n<p><a href=\"https:\/\/www.jutarnji.hr\/vijesti\/hrvatska\/kao-profesor-je-bio-inovativan-a-u-politici-lojalan-da-se-hdz-sastoji-samo-od-mire-tudmana-i-ja-bih-bio-clan-15047302\">https:\/\/www.jutarnji.hr\/vijesti\/hrvatska\/kao-profesor-je-bio-inovativan-a-u-politici-lojalan-da-se-hdz-sastoji-samo-od-mire-tudmana-i-ja-bih-bio-clan-15047302<\/a><\/p>\n\n\n\n<p><a href=\"https:\/\/www.jutarnji.hr\/vijesti\/hrvatska\/sjecanje-na-m-tudmana-uvijek-je-imao-argumentirane-rasprave-bio-je-personifikacija-suverenizma-15047100\">https:\/\/www.jutarnji.hr\/vijesti\/hrvatska\/sjecanje-na-m-tudmana-uvijek-je-imao-argumentirane-rasprave-bio-je-personifikacija-suverenizma-15047100<\/a><\/p>\n\n\n\n<p><a href=\"https:\/\/www.vecernji.hr\/vijesti\/ostavstina-miroslava-tudmana-stvorio-je-modernu-hrvatsku-protuobavjestajnu-sluzbu-1465567\">https:\/\/www.vecernji.hr\/vijesti\/ostavstina-miroslava-tudmana-stvorio-je-modernu-hrvatsku-protuobavjestajnu-sluzbu-1465567<\/a><\/p>\n\n\n\n<p><a href=\"https:\/\/www.vecernji.hr\/vijesti\/miroslav-tudman-odrastao-sam-u-kuci-u-kojoj-se-nisu-pricali-vicevi-i-nije-se-pilo-1465312\">https:\/\/www.vecernji.hr\/vijesti\/miroslav-tudman-odrastao-sam-u-kuci-u-kojoj-se-nisu-pricali-vicevi-i-nije-se-pilo-1465312<\/a><\/p>\n\n\n\n<p><a href=\"https:\/\/www.telegram.hr\/komentari\/manje-poznata-biografija-miroslava-tudmana-u-mladosti-je-bio-moderan-prosvijecen-izrazito-intelektualni-ljevicar\/\">https:\/\/www.telegram.hr\/komentari\/manje-poznata-biografija-miroslava-tudmana-u-mladosti-je-bio-moderan-prosvijecen-izrazito-intelektualni-ljevicar\/<\/a><\/p>\n\n\n\n<figure class=\"wp-block-embed-wordpress wp-block-embed is-type-wp-embed is-provider-novi-list\"><div class=\"wp-block-embed__wrapper\">\n<blockquote class=\"wp-embedded-content\" data-secret=\"IcSRnafhTm\"><a href=\"https:\/\/www.novilist.hr\/novosti\/hrvatska\/miroslavu-tudmanu-samo-jedna-stvar-je-bila-vaznija-od-hdz-a-iznenadit-ce-vas\/\">Nije bio tipi\u010dan politi\u010dar. Miroslav Tu\u0111man u politiku je u\u0161ao kao socijaldemokrat, a s \u010dela sigurnosne slu\u017ebe ga je smijenio &#8211; otac<\/a><\/blockquote><iframe loading=\"lazy\" class=\"wp-embedded-content\" sandbox=\"allow-scripts\" security=\"restricted\" style=\"position: absolute; clip: rect(1px, 1px, 1px, 1px);\" title=\"&#8220;Nije bio tipi\u010dan politi\u010dar. Miroslav Tu\u0111man u politiku je u\u0161ao kao socijaldemokrat, a s \u010dela sigurnosne slu\u017ebe ga je smijenio &#8211; otac&#8221; &#8212; Novi list\" src=\"https:\/\/www.novilist.hr\/novosti\/hrvatska\/miroslavu-tudmanu-samo-jedna-stvar-je-bila-vaznija-od-hdz-a-iznenadit-ce-vas\/embed\/#?secret=IcSRnafhTm\" data-secret=\"IcSRnafhTm\" width=\"600\" height=\"338\" frameborder=\"0\" marginwidth=\"0\" marginheight=\"0\" scrolling=\"no\"><\/iframe>\n<\/div><\/figure>\n\n\n\n<hr class=\"wp-block-separator\"\/>\n\n\n\n<p><a href=\"https:\/\/www.portalnovosti.com\/komemorativna-kozmetika\">https:\/\/www.portalnovosti.com\/komemorativna-kozmetika<\/a><\/p>\n\n\n\n<p><a href=\"https:\/\/www.portalnovosti.com\/u-kojem-grobu-lezi-zec\">https:\/\/www.portalnovosti.com\/u-kojem-grobu-lezi-zec<\/a><\/p>\n\n\n\n<hr class=\"wp-block-separator\"\/>\n","protected":false},"excerpt":{"rendered":"","protected":false},"author":2,"featured_media":25055,"comment_status":"open","ping_status":"open","sticky":false,"template":"","format":"standard","meta":{"_acf_changed":false,"jetpack_post_was_ever_published":false,"_jetpack_newsletter_access":"","_jetpack_dont_email_post_to_subs":false,"_jetpack_newsletter_tier_id":0,"_jetpack_memberships_contains_paywalled_content":false,"_jetpack_memberships_contains_paid_content":false,"footnotes":"","jetpack_publicize_message":"","jetpack_publicize_feature_enabled":true,"jetpack_social_post_already_shared":true,"jetpack_social_options":{"image_generator_settings":{"template":"highway","default_image_id":0,"font":"","enabled":false},"version":2}},"categories":[3,20,17],"tags":[],"class_list":["post-25054","post","type-post","status-publish","format-standard","has-post-thumbnail","hentry","category-novosti","category-obavijesti-o-smrti-i-nekrolozi","category-rasprave"],"acf":{"facebook_opis":""},"jetpack_publicize_connections":[],"jetpack_featured_media_url":"https:\/\/i0.wp.com\/historiografija.hr\/wp-content\/uploads\/2021\/02\/M-Tudman.jpg?fit=765%2C430&ssl=1","jetpack_sharing_enabled":true,"jetpack-related-posts":[],"_links":{"self":[{"href":"https:\/\/historiografija.hr\/index.php?rest_route=\/wp\/v2\/posts\/25054","targetHints":{"allow":["GET"]}}],"collection":[{"href":"https:\/\/historiografija.hr\/index.php?rest_route=\/wp\/v2\/posts"}],"about":[{"href":"https:\/\/historiografija.hr\/index.php?rest_route=\/wp\/v2\/types\/post"}],"author":[{"embeddable":true,"href":"https:\/\/historiografija.hr\/index.php?rest_route=\/wp\/v2\/users\/2"}],"replies":[{"embeddable":true,"href":"https:\/\/historiografija.hr\/index.php?rest_route=%2Fwp%2Fv2%2Fcomments&post=25054"}],"version-history":[{"count":3,"href":"https:\/\/historiografija.hr\/index.php?rest_route=\/wp\/v2\/posts\/25054\/revisions"}],"predecessor-version":[{"id":25062,"href":"https:\/\/historiografija.hr\/index.php?rest_route=\/wp\/v2\/posts\/25054\/revisions\/25062"}],"wp:featuredmedia":[{"embeddable":true,"href":"https:\/\/historiografija.hr\/index.php?rest_route=\/wp\/v2\/media\/25055"}],"wp:attachment":[{"href":"https:\/\/historiografija.hr\/index.php?rest_route=%2Fwp%2Fv2%2Fmedia&parent=25054"}],"wp:term":[{"taxonomy":"category","embeddable":true,"href":"https:\/\/historiografija.hr\/index.php?rest_route=%2Fwp%2Fv2%2Fcategories&post=25054"},{"taxonomy":"post_tag","embeddable":true,"href":"https:\/\/historiografija.hr\/index.php?rest_route=%2Fwp%2Fv2%2Ftags&post=25054"}],"curies":[{"name":"wp","href":"https:\/\/api.w.org\/{rel}","templated":true}]}}