{"id":25051,"date":"2021-02-16T11:35:07","date_gmt":"2021-02-16T11:35:07","guid":{"rendered":"http:\/\/historiografija.hr\/?p=25051"},"modified":"2021-02-16T11:35:07","modified_gmt":"2021-02-16T11:35:07","slug":"stradala-djeca-u-domovinskom-ratu-u-vukovaru-stalni-postav","status":"publish","type":"post","link":"https:\/\/historiografija.hr\/?p=25051","title":{"rendered":"Stradala djeca u Domovinskom ratu u Vukovaru \/ Stalni postav"},"content":{"rendered":"\n<p>U Pastoralnom centru sv. Bone u Vukovaru bit \u0107e srijedu, 17.2. 2021. u 11 sati <strong>otvorenje stalnog postava izlo\u017ebe stradale djece u Domovinskom ratu u Vukovaru<\/strong>. Odabrano vrijeme izlo\u017ebe je&nbsp; po\u010detak korizme koje je vrijeme pokore i posta, odricanja i \u017ertve te se simboli\u010dki ovaj datum izabrao kako bi se naglasilo prisje\u0107anje najmanjih i najnevinijih \u017ertava u Domovinskom ratu.<\/p>\n\n\n\n<p>Postav se temelji na sadr\u017eaju knjige &#8220;Mama, ne vidim nebo&#8221; autorice Ani Galovi\u0107 gdje su obuhva\u0107ene dostupne informacije o trideset i \u010detvero poginule, nestale i ubijene vukovarske djece za vrijeme bitke 1991. godine na podru\u010dju grada Vukovara, te rubnim mjestima usko vezanim uz Vukovar, zatim neispri\u010dane sudbine djece ubijene za vrijeme okupacije tzv. SAO Krajine 1992. godine.<\/p>\n\n\n\n<p>Sve ilustracije potpisuje njema\u010dki autor Vladimir K\u00f6ter koji je ilustrirao pojedinosti dje\u010djih biografija na temelju iskaza svjedoka i detalja, koje su naveli \u010dlanovi obitelji smrtno stradale djece. Povijesni presjek bitke za Vukovar donosi povjesni\u010dar mag. hist. Borna Marini\u0107. Dizajn stalnog postava u Pastoralnom centru sv. Bone u Vukovaru izradila je vukovarska dizajnerica \u017daklina Kurmai\u0107.<\/p>\n\n\n\n<hr class=\"wp-block-separator\"\/>\n\n\n\n<p><strong>Program:<\/strong><\/p>\n\n\n\n<p>&#8211; Glazbena to\u010dka (polaznici Glazbene \u0161kole Vukovar)<\/p>\n\n\n\n<p>&#8211; o fra Josip Poleto, gvardijan<\/p>\n\n\n\n<p>&#8211; Djeca (Osnovna \u0161kola D. Tadijanovi\u0107a) &#8211; Recitacija&nbsp;<\/p>\n\n\n\n<p>&#8211; Ani Galovi\u0107, autorica sadr\u017eaja postava<\/p>\n\n\n\n<p>&#8211; \u017daklina Kurmai\u0107: autorica postava<\/p>\n\n\n\n<p>&#8211; Djeca (Osnovna \u0161kola D. Tadijanovi\u0107a): Glazbena to\u010dka \/ Recitacija&nbsp;<\/p>\n\n\n\n<p>&#8211; Obitelji stradale djece<\/p>\n\n\n\n<p>&#8211; Rije\u010di zahvale:<\/p>\n\n\n\n<p>&nbsp; &nbsp;o Ivan Penava, gradona\u010delnik<\/p>\n\n\n\n<p>&nbsp; &nbsp;o fra Ivice Jagodi\u0107a, \u017eupnika<\/p>\n\n\n\n<p>Izlo\u017ebu \u0107e otvoriti obitelji stradale djece.<\/p>\n\n\n\n<hr class=\"wp-block-separator\"\/>\n\n\n\n<p><strong>Izvor:<\/strong><\/p>\n\n\n\n<p><a href=\"https:\/\/www.mdc.hr\/\">https:\/\/www.mdc.hr\/<\/a><\/p>\n\n\n\n<p><a href=\"https:\/\/www.culturenet.hr\/\">https:\/\/www.culturenet.hr\/<\/a><\/p>\n\n\n\n<hr class=\"wp-block-separator\"\/>\n","protected":false},"excerpt":{"rendered":"","protected":false},"author":2,"featured_media":25052,"comment_status":"open","ping_status":"open","sticky":false,"template":"","format":"standard","meta":{"_acf_changed":false,"jetpack_post_was_ever_published":false,"_jetpack_newsletter_access":"","_jetpack_dont_email_post_to_subs":false,"_jetpack_newsletter_tier_id":0,"_jetpack_memberships_contains_paywalled_content":false,"_jetpack_memberships_contains_paid_content":false,"footnotes":"","jetpack_publicize_message":"","jetpack_publicize_feature_enabled":true,"jetpack_social_post_already_shared":true,"jetpack_social_options":{"image_generator_settings":{"template":"highway","default_image_id":0,"font":"","enabled":false},"version":2}},"categories":[10,3],"tags":[],"class_list":["post-25051","post","type-post","status-publish","format-standard","has-post-thumbnail","hentry","category-izlozbe","category-novosti"],"acf":{"facebook_opis":""},"jetpack_publicize_connections":[],"jetpack_featured_media_url":"https:\/\/i0.wp.com\/historiografija.hr\/wp-content\/uploads\/2021\/02\/djeca.jpg?fit=1034%2C413&ssl=1","jetpack_sharing_enabled":true,"jetpack-related-posts":[],"_links":{"self":[{"href":"https:\/\/historiografija.hr\/index.php?rest_route=\/wp\/v2\/posts\/25051","targetHints":{"allow":["GET"]}}],"collection":[{"href":"https:\/\/historiografija.hr\/index.php?rest_route=\/wp\/v2\/posts"}],"about":[{"href":"https:\/\/historiografija.hr\/index.php?rest_route=\/wp\/v2\/types\/post"}],"author":[{"embeddable":true,"href":"https:\/\/historiografija.hr\/index.php?rest_route=\/wp\/v2\/users\/2"}],"replies":[{"embeddable":true,"href":"https:\/\/historiografija.hr\/index.php?rest_route=%2Fwp%2Fv2%2Fcomments&post=25051"}],"version-history":[{"count":1,"href":"https:\/\/historiografija.hr\/index.php?rest_route=\/wp\/v2\/posts\/25051\/revisions"}],"predecessor-version":[{"id":25053,"href":"https:\/\/historiografija.hr\/index.php?rest_route=\/wp\/v2\/posts\/25051\/revisions\/25053"}],"wp:featuredmedia":[{"embeddable":true,"href":"https:\/\/historiografija.hr\/index.php?rest_route=\/wp\/v2\/media\/25052"}],"wp:attachment":[{"href":"https:\/\/historiografija.hr\/index.php?rest_route=%2Fwp%2Fv2%2Fmedia&parent=25051"}],"wp:term":[{"taxonomy":"category","embeddable":true,"href":"https:\/\/historiografija.hr\/index.php?rest_route=%2Fwp%2Fv2%2Fcategories&post=25051"},{"taxonomy":"post_tag","embeddable":true,"href":"https:\/\/historiografija.hr\/index.php?rest_route=%2Fwp%2Fv2%2Ftags&post=25051"}],"curies":[{"name":"wp","href":"https:\/\/api.w.org\/{rel}","templated":true}]}}