{"id":25023,"date":"2021-02-12T21:19:47","date_gmt":"2021-02-12T21:19:47","guid":{"rendered":"http:\/\/historiografija.hr\/?p=25023"},"modified":"2021-02-12T21:19:47","modified_gmt":"2021-02-12T21:19:47","slug":"olivier-roy-je-li-europa-krscanska","status":"publish","type":"post","link":"https:\/\/historiografija.hr\/?p=25023","title":{"rendered":"Olivier Roy, \u201eJe li Europa kr\u0161\u0107anska?\u201c"},"content":{"rendered":"\n<p>Dok se Europa prepire oko pitanja nacionalnog identiteta, nativizma i imigracije, Olivier Roy u sredi\u0161te zanimanja stavlja kr\u0161\u0107anstvo kao temelj identiteta Zapada, odgovara na pitanja jesu li sekularizam i islam doista prijetnje kr\u0161\u0107anskim vrijednostima te kakva je budu\u0107nost kr\u0161\u0107anstva u Europi.<\/p>\n\n\n\n<p><br>Umjesto ponavljanja poznate pri\u010de o propadanju, Roy istra\u017euje va\u017enost toga \u0161to sekularizirane zapadne nacije kr\u0161\u0107anstvo smatraju isklju\u010divo kulturnom silom svedenom na rasprave o pitanjima kao \u0161to su poba\u010daj, eutanazija i istospolni brak. Pokazuje da se na globalnoj razini dogodilo upravo suprotno: kr\u0161\u0107anstvo je sada univerzalizirano i odvojeno od nacionalnog identiteta.<\/p>\n\n\n\n<p><br>Ako Crkva dominantnu kulturu Europe vi\u0161e ne priznaje kao kr\u0161\u0107ansku, pita se autor, tko bi se usudio tvrditi da je identitet Europe kr\u0161\u0107anski? I kako taj kr\u0161\u0107anski identitet vratiti bez borbe za europski moral, usmjerene ne protiv islama (\u010dije su obiteljske vrijednosti vrlo sli\u010dne onima koje zagovara Crkva) nego protiv samog europskog dru\u0161tva?<\/p>\n\n\n\n<p><br>Knjigom <em>Je li Europa kr\u0161\u0107anska?<\/em> Olivier Roy potvr\u0111uje reputaciju uglednog promatra\u010da i komentatora doga\u0111aja na\u0161eg doba te daje uvjerljivu i novu viziju mjesta religije u dana\u0161njem \u017eivotu europskih nacija.<\/p>\n\n\n\n<p>* * *<\/p>\n\n\n\n<p><em>Rasprava o kr\u0161\u0107anskom identitetu Europe ne po\u010diva na binarnoj opreci Europe i islama, ve\u0107 na trokutu \u010dije su krajnje to\u010dke kr\u0161\u0107anska religija, europske sekularne vrijednosti (iako se one ponekad oslanjaju na kr\u0161\u0107anski identitet) i islam kao religija.<br>Iza debate o islamu zapravo se krije dublja rasprava o naravi Europe i njezinom odnosu prema religiji op\u0107enito. Zamisao da bi sve bilo dobro kad ne bi bilo islama i imigracije puka je iluzija. Te\u0161ka kriza zahvatila je europski identitet i mjesto religije u javnom prostoru, \u0161to jasno pokazuje katoli\u010dka radikalizacija oko pitanja poba\u010daja i istospolnih brakova te sekularna radikalizacija oko pitanja ritualnog klanja \u017eivotinja i obrezivanja. O\u010dito je rije\u010d o krizi europske kulture.<\/em><br>Olivier Roy<\/p>\n\n\n\n<ul class=\"wp-block-list\"><li><strong>ISBN:<\/strong> 978-953-8075-87-2<\/li><li><strong>Dimenzije:<\/strong> 128&#215;200 mm<\/li><li><strong>Broj stranica:<\/strong> 176<\/li><li><strong>Uvez:<\/strong> meki<\/li><li><strong>Godina izdanja:<\/strong> 2020.<\/li><li><strong>Naslov izvornika:<\/strong> L&#8217;Europe est-elle chr\u00e9tienne?<\/li><li><strong>Jezik izvornika:<\/strong> francuski<\/li><li><strong>Prijevod:<\/strong> Rade Kalanj<\/li><\/ul>\n\n\n\n<p>Recenzije<\/p>\n\n\n\n<p>\u201eSvaki put kad je rije\u010d o Europi ili kr\u0161\u0107anstvu uvijek se zapravo, implicitno ili eksplicitno, postavlja pitanje njihova me\u0111uodnosa. Mo\u017ee li se o njima uop\u0107e raspravljati, mo\u017ee li ih se zasebno razumjeti ne imaju\u0107i to pitanje na umu? Nije li taj me\u0111uodnos njihova zajedni\u010dka sudbina?<br>Roy postavlja i glavno pitanje \u2013 \u0161to je i sredi\u0161nja tema ove knjige \u2013 je li Europa i dalje kr\u0161\u0107anska? Ona je to bila, ka\u017ee Roy, i to je, naravno, ostavilo tragove. Ali ona se nije zavjetovala da to zauvijek bude, da trajno ostane kr\u0161\u0107anskom. Crkva prolazi te\u0161ku moralnu krizu \u010diji su najvidljiviji znakovi pedofilija i korupcija. To svakako ide na ruku tvrdnji da je Crkva izgubila legitimnost da utjelovljuje duhovnu slu\u017ebu. Roy se ne ustru\u010dava kategori\u010dki ustvrditi da je sekularizacija, u svakom slu\u010daju, odnijela pobjedu.\u201c<br>Rade Kalanj<\/p>\n\n\n\n<hr class=\"wp-block-separator\"\/>\n\n\n\n<p>Prelistaj uzorak:<\/p>\n\n\n\n<p><a href=\"https:\/\/tim-press.hr\/hr\/knjige\/je-li-europa-krscanska\/\">https:\/\/tim-press.hr\/hr\/knjige\/je-li-europa-krscanska\/<\/a><\/p>\n\n\n\n<hr class=\"wp-block-separator\"\/>\n","protected":false},"excerpt":{"rendered":"","protected":false},"author":2,"featured_media":25024,"comment_status":"open","ping_status":"open","sticky":false,"template":"","format":"standard","meta":{"_acf_changed":false,"jetpack_post_was_ever_published":false,"_jetpack_newsletter_access":"","_jetpack_dont_email_post_to_subs":false,"_jetpack_newsletter_tier_id":0,"_jetpack_memberships_contains_paywalled_content":false,"_jetpack_memberships_contains_paid_content":false,"footnotes":"","jetpack_publicize_message":"","jetpack_publicize_feature_enabled":true,"jetpack_social_post_already_shared":true,"jetpack_social_options":{"image_generator_settings":{"template":"highway","default_image_id":0,"font":"","enabled":false},"version":2}},"categories":[8,3],"tags":[],"class_list":["post-25023","post","type-post","status-publish","format-standard","has-post-thumbnail","hentry","category-knjige","category-novosti"],"acf":{"facebook_opis":""},"jetpack_publicize_connections":[],"jetpack_featured_media_url":"https:\/\/i0.wp.com\/historiografija.hr\/wp-content\/uploads\/2021\/02\/je_li_europa_krscanska.jpg?fit=300%2C465&ssl=1","jetpack_sharing_enabled":true,"jetpack-related-posts":[],"_links":{"self":[{"href":"https:\/\/historiografija.hr\/index.php?rest_route=\/wp\/v2\/posts\/25023","targetHints":{"allow":["GET"]}}],"collection":[{"href":"https:\/\/historiografija.hr\/index.php?rest_route=\/wp\/v2\/posts"}],"about":[{"href":"https:\/\/historiografija.hr\/index.php?rest_route=\/wp\/v2\/types\/post"}],"author":[{"embeddable":true,"href":"https:\/\/historiografija.hr\/index.php?rest_route=\/wp\/v2\/users\/2"}],"replies":[{"embeddable":true,"href":"https:\/\/historiografija.hr\/index.php?rest_route=%2Fwp%2Fv2%2Fcomments&post=25023"}],"version-history":[{"count":1,"href":"https:\/\/historiografija.hr\/index.php?rest_route=\/wp\/v2\/posts\/25023\/revisions"}],"predecessor-version":[{"id":25025,"href":"https:\/\/historiografija.hr\/index.php?rest_route=\/wp\/v2\/posts\/25023\/revisions\/25025"}],"wp:featuredmedia":[{"embeddable":true,"href":"https:\/\/historiografija.hr\/index.php?rest_route=\/wp\/v2\/media\/25024"}],"wp:attachment":[{"href":"https:\/\/historiografija.hr\/index.php?rest_route=%2Fwp%2Fv2%2Fmedia&parent=25023"}],"wp:term":[{"taxonomy":"category","embeddable":true,"href":"https:\/\/historiografija.hr\/index.php?rest_route=%2Fwp%2Fv2%2Fcategories&post=25023"},{"taxonomy":"post_tag","embeddable":true,"href":"https:\/\/historiografija.hr\/index.php?rest_route=%2Fwp%2Fv2%2Ftags&post=25023"}],"curies":[{"name":"wp","href":"https:\/\/api.w.org\/{rel}","templated":true}]}}