{"id":25008,"date":"2021-02-11T20:32:24","date_gmt":"2021-02-11T20:32:24","guid":{"rendered":"http:\/\/historiografija.hr\/?p=25008"},"modified":"2021-02-11T20:32:24","modified_gmt":"2021-02-11T20:32:24","slug":"hrt-prikazuje-smrt-staljina","status":"publish","type":"post","link":"https:\/\/historiografija.hr\/?p=25008","title":{"rendered":"HRT prikazuje: Smrt Staljina"},"content":{"rendered":"\n<p>Crna komedija Smrt Staljina sa Steveom Buscemijem na \u010delu gluma\u010dkog ansambla na rasporedu je u petak 12. velja\u010de u 20:10 na Prvom programu HTV-a.<\/p>\n\n\n\n<p>Radnja filma odvija se u Moskvi 1953. godine. Nakon \u0161to je proveo na vlasti gotovo 30 godina, sovjetski diktator Josif Visarionovi\u010d Staljin obolijeva i ubrzo umre. Po\u010dinje borba za vlast me\u0111u \u010dlanovima Ministarskog vije\u0107a.<br><br>Film je snimljen prema istoimenom francuskom stripu La Mort de Staline, a prikazivanje je bilo zabranjeno u Rusiji, Kazahstanu i Kirgistanu zbog antisovjetske teme.<br><br>U britansko-francusko-belgijsko-kanadsko-ameri\u010dkoj crnoj komediji THE DEATH OF STALIN iz 2017. godine, uz <strong>Stevea Buscemija<\/strong> glume i <strong>Simon Russell Beale<\/strong>, <strong>Paddy Considine<\/strong>, <strong>Rupert Friend<\/strong>, <strong>Jason Isaacs<\/strong>, <strong>Michael Palin<\/strong>, <strong>Andrea Riseborough<\/strong>&#8230;<br><br>Scenaristi su redatelj <strong>Armando Iannucci<\/strong>, <strong>David Schneider<\/strong>, <strong>Ian Martin<\/strong> i <strong>Peter Fellows<\/strong>.<\/p>\n\n\n\n<p>Izvori:<\/p>\n\n\n\n<p><a href=\"https:\/\/hrtprikazuje.hrt.hr\/filmovi\/smrt-staljina-407528\">https:\/\/hrtprikazuje.hrt.hr\/filmovi\/smrt-staljina-407528<\/a><\/p>\n\n\n\n<p><a href=\"https:\/\/raspored.hrt.hr\/\">https:\/\/raspored.hrt.hr\/<\/a><\/p>\n\n\n\n<hr class=\"wp-block-separator\"\/>\n","protected":false},"excerpt":{"rendered":"","protected":false},"author":2,"featured_media":25009,"comment_status":"open","ping_status":"open","sticky":false,"template":"","format":"standard","meta":{"_acf_changed":false,"jetpack_post_was_ever_published":false,"_jetpack_newsletter_access":"","_jetpack_dont_email_post_to_subs":false,"_jetpack_newsletter_tier_id":0,"_jetpack_memberships_contains_paywalled_content":false,"_jetpack_memberships_contains_paid_content":false,"footnotes":"","jetpack_publicize_message":"","jetpack_publicize_feature_enabled":true,"jetpack_social_post_already_shared":true,"jetpack_social_options":{"image_generator_settings":{"template":"highway","default_image_id":0,"font":"","enabled":false},"version":2}},"categories":[13,3],"tags":[],"class_list":["post-25008","post","type-post","status-publish","format-standard","has-post-thumbnail","hentry","category-filmovi-i-serije","category-novosti"],"acf":{"facebook_opis":""},"jetpack_publicize_connections":[],"jetpack_featured_media_url":"https:\/\/i0.wp.com\/historiografija.hr\/wp-content\/uploads\/2021\/02\/smrt_staljina.jpg?fit=836%2C1181&ssl=1","jetpack_sharing_enabled":true,"jetpack-related-posts":[],"_links":{"self":[{"href":"https:\/\/historiografija.hr\/index.php?rest_route=\/wp\/v2\/posts\/25008","targetHints":{"allow":["GET"]}}],"collection":[{"href":"https:\/\/historiografija.hr\/index.php?rest_route=\/wp\/v2\/posts"}],"about":[{"href":"https:\/\/historiografija.hr\/index.php?rest_route=\/wp\/v2\/types\/post"}],"author":[{"embeddable":true,"href":"https:\/\/historiografija.hr\/index.php?rest_route=\/wp\/v2\/users\/2"}],"replies":[{"embeddable":true,"href":"https:\/\/historiografija.hr\/index.php?rest_route=%2Fwp%2Fv2%2Fcomments&post=25008"}],"version-history":[{"count":1,"href":"https:\/\/historiografija.hr\/index.php?rest_route=\/wp\/v2\/posts\/25008\/revisions"}],"predecessor-version":[{"id":25010,"href":"https:\/\/historiografija.hr\/index.php?rest_route=\/wp\/v2\/posts\/25008\/revisions\/25010"}],"wp:featuredmedia":[{"embeddable":true,"href":"https:\/\/historiografija.hr\/index.php?rest_route=\/wp\/v2\/media\/25009"}],"wp:attachment":[{"href":"https:\/\/historiografija.hr\/index.php?rest_route=%2Fwp%2Fv2%2Fmedia&parent=25008"}],"wp:term":[{"taxonomy":"category","embeddable":true,"href":"https:\/\/historiografija.hr\/index.php?rest_route=%2Fwp%2Fv2%2Fcategories&post=25008"},{"taxonomy":"post_tag","embeddable":true,"href":"https:\/\/historiografija.hr\/index.php?rest_route=%2Fwp%2Fv2%2Ftags&post=25008"}],"curies":[{"name":"wp","href":"https:\/\/api.w.org\/{rel}","templated":true}]}}