{"id":25006,"date":"2021-02-11T20:19:38","date_gmt":"2021-02-11T20:19:38","guid":{"rendered":"http:\/\/historiografija.hr\/?p=25006"},"modified":"2021-02-11T20:20:51","modified_gmt":"2021-02-11T20:20:51","slug":"marko-gregur-dobitnik-knjizevne-nagrade-fric-za-roman-vosicki","status":"publish","type":"post","link":"https:\/\/historiografija.hr\/?p=25006","title":{"rendered":"Marko Gregur dobitnik knji\u017eevne Nagrade Fric za roman &#8216;Vo\u0161icki&#8217;"},"content":{"rendered":"\n<p>Dobitnik <strong>knji\u017eevne nagrade Fri<\/strong>c za najbolju knjigu fikcijske proze 2019\/20. je <strong>Marko Gregur<\/strong>, za roman <a href=\"https:\/\/mvinfo.hr\/knjiga\/13670\/vosicki\" target=\"_blank\" rel=\"noreferrer noopener\">&#8220;Vo\u0161icki&#8221;<\/a> (Hena com, 2020). Sve\u010dano progla\u0161enje i dodjela nagrade odr\u017eala se 4. velja\u010de 2021. u Hrvatskom narodnom kazali\u0161tu u Zagrebu.<\/p>\n\n\n\n<p>Lauretau je uru\u010den nov\u010dani iznos od <strong>75 tisu\u0107a kuna<\/strong> (bruto), sponzorstvo Barcaffea, a nagradu \u010dini i skulptura \u017eiroskopa, s referencom na <strong>Miroslava Krle\u017eu<\/strong> kao upravo \u017eiroskopa svojeg doba.<\/p>\n\n\n\n<p>Finalisti nagrade Fric za 2019.\/2020. bili su (abecednim redom): <strong>Darko Cvijeti\u0107<\/strong> (&#8220;\u0160to na podu spava\u0161&#8221;), <strong>Marko Gregur<\/strong> (&#8220;Vo\u0161icki&#8221;), <strong>Almin Kaplan<\/strong> (&#8220;Meho&#8221;), <strong>Andrej Nikolaidis<\/strong> (&#8220;Odlazak&#8221;), <strong>Ivica Prtenja\u010da<\/strong> (&#8220;Pliva\u010d&#8221;) i&nbsp;<strong>\u017delimir Peri\u0161<\/strong> (&#8220;Mladenka kostonoga&#8221;).<\/p>\n\n\n\n<p><br>Pro\u010ditajte <a rel=\"noreferrer noopener\" href=\"https:\/\/mvinfo.hr\/clanak\/marko-gregur-vosicki\" target=\"_blank\">kritiku romana\u00a0&#8220;Vo\u0161icki&#8221;<\/a> koju je u lipnju 2020. objavio na\u0161 suradnik Mirko Bo\u017ei\u0107, u kojoj je napisao i ovo: &#8220;Gregur vjerno i uzbudljivu prenosi va\u017ene povijesne doga\u0111aje koji \u0107e obilje\u017eiti vrijeme izme\u0111u dva svjetska rata, od sarajevskog atentata do Hitlerove aneksije Poljske i dalje. Njegov roman pri\u010da je o iznevjerenim obe\u0107anjima revolucija, oportunizmu junaka i licemjerstvu ljudi, proverbijalnim kosturima u ormaru, samo \u0161to njegovi junaci u svojim ormarima kriju cijele kosturnice tajni koje svi znaju, ali ih vi\u0161e nitko ne spominje. Nije to nikakva neobi\u010dnost, jer se ponovila i nakon rata devedesetih godina, kada su iz biografija izbrisana profitabilna \u010dlanstva u Partiji, partizanskom pokretu i razne privilegije, da bi se pretvorilo u lamentiranje o komunisti\u010dkim progonima, prodavaonicama bez jogurta i zabranjenim budnicama.&#8221;<\/p>\n\n\n\n<hr class=\"wp-block-separator\"\/>\n\n\n\n<p>Izvor: <a href=\"https:\/\/mvinfo.hr\/clanak\/marko-gregur-dobitnik-knjizevne-nagrade-fric-za-roman-vosicki\">https:\/\/mvinfo.hr\/clanak\/marko-gregur-dobitnik-knjizevne-nagrade-fric-za-roman-vosicki<\/a><\/p>\n\n\n\n<hr class=\"wp-block-separator\"\/>\n\n\n\n<figure class=\"wp-block-embed-wordpress wp-block-embed is-type-wp-embed is-provider-historiografija-hr\"><div class=\"wp-block-embed__wrapper\">\n<blockquote class=\"wp-embedded-content\" data-secret=\"27U07KmJrz\"><a href=\"https:\/\/historiografija.hr\/?p=20045\">Marko Gregur, \u201cVo\u0161icki\u201d<\/a><\/blockquote><iframe loading=\"lazy\" class=\"wp-embedded-content\" sandbox=\"allow-scripts\" security=\"restricted\" style=\"position: absolute; clip: rect(1px, 1px, 1px, 1px);\" title=\"&#8220;Marko Gregur, \u201cVo\u0161icki\u201d&#8221; &#8212; Historiografija.hr\" src=\"https:\/\/historiografija.hr\/?p=20045&#038;embed=true#?secret=27U07KmJrz\" data-secret=\"27U07KmJrz\" width=\"600\" height=\"338\" frameborder=\"0\" marginwidth=\"0\" marginheight=\"0\" scrolling=\"no\"><\/iframe>\n<\/div><\/figure>\n\n\n\n<hr class=\"wp-block-separator\"\/>\n","protected":false},"excerpt":{"rendered":"","protected":false},"author":2,"featured_media":20046,"comment_status":"open","ping_status":"open","sticky":false,"template":"","format":"standard","meta":{"_acf_changed":false,"jetpack_post_was_ever_published":false,"_jetpack_newsletter_access":"","_jetpack_dont_email_post_to_subs":false,"_jetpack_newsletter_tier_id":0,"_jetpack_memberships_contains_paywalled_content":false,"_jetpack_memberships_contains_paid_content":false,"footnotes":"","jetpack_publicize_message":"","jetpack_publicize_feature_enabled":true,"jetpack_social_post_already_shared":true,"jetpack_social_options":{"image_generator_settings":{"template":"highway","default_image_id":0,"font":"","enabled":false},"version":2}},"categories":[3,12],"tags":[],"class_list":["post-25006","post","type-post","status-publish","format-standard","has-post-thumbnail","hentry","category-novosti","category-knjizevnost"],"acf":{"facebook_opis":""},"jetpack_publicize_connections":[],"jetpack_featured_media_url":"https:\/\/i0.wp.com\/historiografija.hr\/wp-content\/uploads\/2020\/04\/vosicki.jpg?fit=525%2C809&ssl=1","jetpack_sharing_enabled":true,"jetpack-related-posts":[],"_links":{"self":[{"href":"https:\/\/historiografija.hr\/index.php?rest_route=\/wp\/v2\/posts\/25006","targetHints":{"allow":["GET"]}}],"collection":[{"href":"https:\/\/historiografija.hr\/index.php?rest_route=\/wp\/v2\/posts"}],"about":[{"href":"https:\/\/historiografija.hr\/index.php?rest_route=\/wp\/v2\/types\/post"}],"author":[{"embeddable":true,"href":"https:\/\/historiografija.hr\/index.php?rest_route=\/wp\/v2\/users\/2"}],"replies":[{"embeddable":true,"href":"https:\/\/historiografija.hr\/index.php?rest_route=%2Fwp%2Fv2%2Fcomments&post=25006"}],"version-history":[{"count":1,"href":"https:\/\/historiografija.hr\/index.php?rest_route=\/wp\/v2\/posts\/25006\/revisions"}],"predecessor-version":[{"id":25007,"href":"https:\/\/historiografija.hr\/index.php?rest_route=\/wp\/v2\/posts\/25006\/revisions\/25007"}],"wp:featuredmedia":[{"embeddable":true,"href":"https:\/\/historiografija.hr\/index.php?rest_route=\/wp\/v2\/media\/20046"}],"wp:attachment":[{"href":"https:\/\/historiografija.hr\/index.php?rest_route=%2Fwp%2Fv2%2Fmedia&parent=25006"}],"wp:term":[{"taxonomy":"category","embeddable":true,"href":"https:\/\/historiografija.hr\/index.php?rest_route=%2Fwp%2Fv2%2Fcategories&post=25006"},{"taxonomy":"post_tag","embeddable":true,"href":"https:\/\/historiografija.hr\/index.php?rest_route=%2Fwp%2Fv2%2Ftags&post=25006"}],"curies":[{"name":"wp","href":"https:\/\/api.w.org\/{rel}","templated":true}]}}