{"id":25000,"date":"2021-02-11T20:01:49","date_gmt":"2021-02-11T20:01:49","guid":{"rendered":"http:\/\/historiografija.hr\/?p=25000"},"modified":"2021-02-11T20:01:49","modified_gmt":"2021-02-11T20:01:49","slug":"zbornik-radova-etnokulturni-identitet-hrvata-u-vojvodini-povijesni-i-suvremeni-procesi","status":"publish","type":"post","link":"https:\/\/historiografija.hr\/?p=25000","title":{"rendered":"Zbornik radova \u201cEtnokulturni identitet Hrvata u Vojvodini: povijesni i suvremeni procesi\u201d"},"content":{"rendered":"\n<p>Hrvatsko katoli\u010dko sveu\u010dili\u0161te objavilo je Zbornik radova <em>Etnokulturni identitet Hrvata u Vojvodini: povijesni i suvremeni procesi<\/em> u prosincu 2020. Ovaj Zbornik nastao je kao rezultat rada autora, sudionika znanstveno-stru\u010dnog skupa <em>Etnokulturni identitet Hrvata u Vojvodini: povijesni i suvremeni procesi<\/em> (Zagreb, 9. listopada 2019 \u2013 Subotica 11. listopada 2019.) i autora koji su svoje tekstove poslali naknadno na molbu uredni\u0161tva zbog njihova prepoznatog znanstvenog rada i bavljenja temama koje su obuhva\u0107ene naslovom Zbornika. Recenzenti su dr. sc. Mateo \u017dani\u0107 i dr. sc. Rebeka \u017dab\u010di\u0107 Mesari\u0107, a urednici doc. dr. sc. Mario Bara, doc. dr. sc. Filip Galovi\u0107 i doc. dr. sc. Lucija Mihaljevi\u0107. Uz recenzente Zbornika u recenzentskom postupku \u010dlanaka sudjelovalo je jo\u0161 devetnaest recenzenata.<\/p>\n\n\n\n<p>\u201cZbornik radova ima vi\u0161estruku znanstvenu vrijednost. Upravo kroz lepezu devetnaest radova Zbornika na jednom mjestu obuhva\u0107eni su i zaokru\u017eeni migracijski \u010dimbenici koji su djelovali uzro\u010dno i posljedi\u010dno na vojvo\u0111anskom prostoru, analizirane su demografske zna\u010dajke vojvo\u0111anskih Hrvata, okviri za\u0161tite hrvatske nacionalne manjine u Srbiji, politi\u010dke i vojne elite, crkveno-kulturna povijest, utjecaj politi\u010dkog, dru\u0161tvenog i gospodarskog konteksta na transformacije identiteta (lokalnog, etni\u010dkog, nacionalnog), identitetska mimikrija, nastajanje vi\u0161estrukih i hibridnih identiteta, komunikacije i interakcije sa zajednicama u okru\u017eenju te odnos prema mati\u010dnoj domovini, Republici Hrvatskoj.\u201d (dr. sc. Rebeka \u017dab\u010di\u0107 Mesari\u0107). \u201cPrilaze\u0107i slo\u017eenom fenomenu o kojem se na jednom mjestu pi\u0161e kao o heterogenoj zajednici, a koja se \u010desto zahva\u0107a sintagmom \u02ddnacionalna manjina\u02dd radovi iz zbornika zahva\u0107aju \u010ditav niz va\u017enih aspekata kulturnog i dru\u0161tvenog \u017eivota Hrvata koji \u017eive na podru\u010dju Vojvodine. Stoga zbornik uspijeva prezentirati vrijedne uvide u razli\u010dite kulturne, organizacijske i svakodnevne prakse pripadnika istra\u017eivane zajednice. Razvidnim postaje da je dru\u0161tveni i kulturni \u017eivot vojvo\u0111anskih Hrvata izlo\u017een brojnim pritiscima i izazovima koji proizlaze iz razli\u010ditih izvora. Naime, kultura vojvo\u0111anskih Hrvata nije izlo\u017eena samo globalizacijskim tijekovima koji rade na homogenizaciji kulture i komercijalizaciji kulturnog naslje\u0111a. Premda se nalazi u regiji o kojoj se \u010desto pi\u0161e kao o multikulturnoj, kao manjinska kultura ona je prvenstveno izlo\u017eena pritiscima ve\u0107inske kulture. Stoga je zbornik radova u kojima se na znanstveni na\u010din analizira niz problema, ali i upu\u0107uje na niz dostignu\u0107a i vrijednosti koji se mogu povezati s ovom zajednicom, od iznimnog zna\u010daja. Ovaj Zbornik radova mo\u017ee poslu\u017eiti kao ogledni primjerak prikupljene gra\u0111e o hrvatskoj zajednici u Vojvodini i pojedinim institucijama u Republici Hrvatskoj.\u201d (dr. sc. Mateo \u017dani\u0107).<\/p>\n\n\n\n<p>Tiskanje Zbornika financijski su potpomogli Sredi\u0161nji dr\u017eavni ured za Hrvate izvan Republike Hrvatske i Hrvatsko katoli\u010dko sveu\u010dili\u0161te.<\/p>\n\n\n\n<hr class=\"wp-block-separator\"\/>\n\n\n\n<p>Izvor: <\/p>\n\n\n\n<p><a href=\"http:\/\/www.unicath.hr\/objavljen-zbornik-radova-etnokulturni-identitet-hrvata-u-vojvodini-povijesni-i-suvremeni-procesi\">http:\/\/www.unicath.hr\/objavljen-zbornik-radova-etnokulturni-identitet-hrvata-u-vojvodini-povijesni-i-suvremeni-procesi<\/a><\/p>\n\n\n\n<hr class=\"wp-block-separator\"\/>\n","protected":false},"excerpt":{"rendered":"","protected":false},"author":2,"featured_media":25001,"comment_status":"open","ping_status":"open","sticky":false,"template":"","format":"standard","meta":{"_acf_changed":false,"jetpack_post_was_ever_published":false,"_jetpack_newsletter_access":"","_jetpack_dont_email_post_to_subs":false,"_jetpack_newsletter_tier_id":0,"_jetpack_memberships_contains_paywalled_content":false,"_jetpack_memberships_contains_paid_content":false,"footnotes":"","jetpack_publicize_message":"","jetpack_publicize_feature_enabled":true,"jetpack_social_post_already_shared":true,"jetpack_social_options":{"image_generator_settings":{"template":"highway","default_image_id":0,"font":"","enabled":false},"version":2}},"categories":[8,3],"tags":[],"class_list":["post-25000","post","type-post","status-publish","format-standard","has-post-thumbnail","hentry","category-knjige","category-novosti"],"acf":{"facebook_opis":""},"jetpack_publicize_connections":[],"jetpack_featured_media_url":"https:\/\/i0.wp.com\/historiografija.hr\/wp-content\/uploads\/2021\/02\/Vojvodina.jpg?fit=1280%2C957&ssl=1","jetpack_sharing_enabled":true,"jetpack-related-posts":[],"_links":{"self":[{"href":"https:\/\/historiografija.hr\/index.php?rest_route=\/wp\/v2\/posts\/25000","targetHints":{"allow":["GET"]}}],"collection":[{"href":"https:\/\/historiografija.hr\/index.php?rest_route=\/wp\/v2\/posts"}],"about":[{"href":"https:\/\/historiografija.hr\/index.php?rest_route=\/wp\/v2\/types\/post"}],"author":[{"embeddable":true,"href":"https:\/\/historiografija.hr\/index.php?rest_route=\/wp\/v2\/users\/2"}],"replies":[{"embeddable":true,"href":"https:\/\/historiografija.hr\/index.php?rest_route=%2Fwp%2Fv2%2Fcomments&post=25000"}],"version-history":[{"count":1,"href":"https:\/\/historiografija.hr\/index.php?rest_route=\/wp\/v2\/posts\/25000\/revisions"}],"predecessor-version":[{"id":25002,"href":"https:\/\/historiografija.hr\/index.php?rest_route=\/wp\/v2\/posts\/25000\/revisions\/25002"}],"wp:featuredmedia":[{"embeddable":true,"href":"https:\/\/historiografija.hr\/index.php?rest_route=\/wp\/v2\/media\/25001"}],"wp:attachment":[{"href":"https:\/\/historiografija.hr\/index.php?rest_route=%2Fwp%2Fv2%2Fmedia&parent=25000"}],"wp:term":[{"taxonomy":"category","embeddable":true,"href":"https:\/\/historiografija.hr\/index.php?rest_route=%2Fwp%2Fv2%2Fcategories&post=25000"},{"taxonomy":"post_tag","embeddable":true,"href":"https:\/\/historiografija.hr\/index.php?rest_route=%2Fwp%2Fv2%2Ftags&post=25000"}],"curies":[{"name":"wp","href":"https:\/\/api.w.org\/{rel}","templated":true}]}}